{"id":3846,"date":"2013-09-14T14:35:22","date_gmt":"2013-09-14T17:35:22","guid":{"rendered":"http:\/\/www.ultimobaile.com\/?p=3846"},"modified":"2025-12-24T13:02:54","modified_gmt":"2025-12-24T16:02:54","slug":"topologia-poder","status":"publish","type":"post","link":"https:\/\/www.ultimobaile.com\/?p=3846","title":{"rendered":"Topologia &#038; poder"},"content":{"rendered":"<p style=\"text-align: justify;\">Diante deste <a href=\"http:\/\/www.bahianoticias.com.br\/principal\/noticia\/143488-wagner-defende-subsecretario-que-atirou-em-mst-manifestantes-exageram.html\" target=\"_blank\">epis\u00f3dio digno de pornochanchada de inspira\u00e7\u00e3o ionesquiana<\/a>, passo a considerar que Jacques Wagner tornou-se (mais do que deveio) carlista. Que <a href=\"https:\/\/www.ultimobaile.com\/?p=2275\" target=\"_blank\">seu segundo mandato iria ser filocarlista, avisamos desde os pre\u00e2mbulos da campanha de 2010<\/a> &#8211; e nem por isso deixamos de votar nele e fazer campanha, porque as op\u00e7\u00f5es eram parcas e porque o seu primeiro mandato trouxe ganhos populares substanciais, tanto na infraestrutura quanto na superestrutura, que de alguma forma continuariam, como continuaram, por in\u00e9rcia num segundo per\u00edodo de governo. Mas tudo tem limite!, e do filo-carlismo t\u00e1tico para um carlismo ideol\u00f3gico que n\u00e3o chega a ser principialista, sem passar pelo estrat\u00e9gico, vai um passo que representa um grande salto maoista-armstronguiano para tr\u00e1s (ou, qui\u00e7\u00e1, de bandinha).<\/p>\n<p style=\"text-align: justify;\"><a href=\"https:\/\/www.ultimobaile.com\/wp-content\/uploads\/2013\/09\/escher-m\u00e3o.jpg\"><img loading=\"lazy\" decoding=\"async\" class=\"aligncenter size-full wp-image-3847\" alt=\"escher m\u00e3o\" src=\"https:\/\/www.ultimobaile.com\/wp-content\/uploads\/2013\/09\/escher-m\u00e3o.jpg\" width=\"491\" height=\"425\" srcset=\"https:\/\/www.ultimobaile.com\/wp-content\/uploads\/2013\/09\/escher-m\u00e3o.jpg 491w, https:\/\/www.ultimobaile.com\/wp-content\/uploads\/2013\/09\/escher-m\u00e3o-300x259.jpg 300w, https:\/\/www.ultimobaile.com\/wp-content\/uploads\/2013\/09\/escher-m\u00e3o-63x55.jpg 63w\" sizes=\"auto, (max-width: 491px) 100vw, 491px\" \/><\/a><\/p>\n<p style=\"text-align: justify;\">\n<p style=\"text-align: justify;\">Isso n\u00e3o quer dizer que retire os elogios que outrora fiz a ele e a seu governo, nem que me arrependa de ter votado, colaborado e apoiado diversas de suas a\u00e7\u00f5es. Primeiro, porque arrependimento \u00e9 o credi\u00e1rio da culpa, o medo a conta-gotas e a esperan\u00e7a que deu bolor: na minha cozinha n\u00e3o entra; segundo porque ele era outro, eu era outro, a Bahia era outra &#8211; n\u00e3o gosto dessa id\u00e9ia te(le)ol\u00f3gica do &#8220;agora as m\u00e1scaras cairam e ele se revelou&#8221; &#8211; ningu\u00e9m \u00e9 mais que sua m\u00e1scara, e ningu\u00e9m chega a ser suas m\u00e1scaras. Tudo \u00e9 verdade: \u00c9dipo \u00e9 ao mesmo tempo o rei probo e o parricida, o diligente investigador, o algoz e a v\u00edtima &#8211; tudo depende do recorte no tempo (recorte este ali\u00e1s sempre mais ou menos arbitr\u00e1rio, sempre mais ou menos enganoso). Ainda em S\u00f3focles (e tudo leva a crer que o Rei tebano era uma met\u00e1fora para o P\u00e9ricles ateniense), aquele que liberta e institui a democracia \u00e9 tamb\u00e9m algu\u00e9m que pode ser tirano, e vice-versa.<\/p>\n<p style=\"text-align: justify;\"><a href=\"https:\/\/www.ultimobaile.com\/wp-content\/uploads\/2013\/09\/escher-dentro-fora.jpg\"><img loading=\"lazy\" decoding=\"async\" class=\"aligncenter size-full wp-image-3848\" alt=\"escher dentro fora\" src=\"https:\/\/www.ultimobaile.com\/wp-content\/uploads\/2013\/09\/escher-dentro-fora.jpg\" width=\"860\" height=\"850\" srcset=\"https:\/\/www.ultimobaile.com\/wp-content\/uploads\/2013\/09\/escher-dentro-fora.jpg 860w, https:\/\/www.ultimobaile.com\/wp-content\/uploads\/2013\/09\/escher-dentro-fora-300x296.jpg 300w, https:\/\/www.ultimobaile.com\/wp-content\/uploads\/2013\/09\/escher-dentro-fora-55x55.jpg 55w\" sizes=\"auto, (max-width: 860px) 100vw, 860px\" \/><\/a><\/p>\n<p style=\"text-align: justify;\">Isto posto, fica mais claro agora porque Salvador elegeu Grampinho para prefeito: ACM Neto est\u00e1 a esquerda do que o PT bahiano est\u00e1 hoje. Obviamente, ningu\u00e9m tinha consci\u00eancia disso no \u00faltimo pleito &#8211; havia apenas o sentimento difuso de que Pelegrino era um carlismo de sinal trocado e pintado de vermelho. E Grampinho, justi\u00e7a se fa\u00e7a, tem compreendido e agido na cidade enquanto realidade f\u00edsica, mais ou menos (at\u00e9 onde seu recorte ideol\u00f3gico e suas filia\u00e7\u00f5es econ\u00f4micas deixam) dentro da Reforma Urbana Brasileira, inclusive questionando processos de depredac\u00e3o urban\u00edsticas realizadas por seu av\u00f4 nas \u00faltimas quatro d\u00e9cadas. (Aten\u00e7\u00e3o, disl\u00e9xicos que por acaso chegaram a me ler at\u00e9 aqui: n\u00e3o voto, nunca votei, nem votarei no PFL &#8211; e isso n\u00e3o me impede de reconhecer quando o advers\u00e1rio age de um modo que taticamente est\u00e1 a meu favor. Eu fa\u00e7o curva, o mundo n\u00e3o \u00e9 uma linha reta sen\u00e3o uma ass\u00edntota).<\/p>\n<p style=\"text-align: justify;\"><a href=\"https:\/\/www.ultimobaile.com\/wp-content\/uploads\/2013\/09\/escher-multiplanos.jpg\"><img loading=\"lazy\" decoding=\"async\" class=\"aligncenter size-full wp-image-3849\" alt=\"escher multiplanos\" src=\"https:\/\/www.ultimobaile.com\/wp-content\/uploads\/2013\/09\/escher-multiplanos.jpg\" width=\"883\" height=\"850\" srcset=\"https:\/\/www.ultimobaile.com\/wp-content\/uploads\/2013\/09\/escher-multiplanos.jpg 883w, https:\/\/www.ultimobaile.com\/wp-content\/uploads\/2013\/09\/escher-multiplanos-300x288.jpg 300w, https:\/\/www.ultimobaile.com\/wp-content\/uploads\/2013\/09\/escher-multiplanos-57x55.jpg 57w\" sizes=\"auto, (max-width: 883px) 100vw, 883px\" \/><\/a><\/p>\n<p style=\"text-align: justify;\">Este processo, que na Bahia chega ao caricato da com\u00e9dia maneirista e do teatro barroco (sempre!), parece ser nacional e qui\u00e7\u00e1 mundial (o devir-drone e devir-bush do precoce Pr\u00eamio Nobel da Paz Barack Hussein Obama que seria sen\u00e3o parte disso?): a direita ficou \u00e0 esquerda da esquerda da esquerda (isso mesmo: 3 vezes). O dentro \u00e9 fora, encima \u00e9 embaixo (e n\u00e3o como a harmonia, filo-heracliteana, da Regra de Hermes Trimegisto). Do surrealismo, que ainda considera o diptico sonho X realidade, chegamos ao nonsense escheriano: tudo reduzido a sua estrutura sint\u00e1tica, esvaziado de conte\u00fado, n\u00e3o existe mais mundo nem imundo, realidade nem fic\u00e7\u00e3o. A topografia, real porque imagin\u00e1ria, se torna topologia, imaginada porque do Real.<\/p>\n<p style=\"text-align: justify;\"><a href=\"https:\/\/www.ultimobaile.com\/wp-content\/uploads\/2013\/09\/escher-sobe.jpg\"><img loading=\"lazy\" decoding=\"async\" class=\"aligncenter size-full wp-image-3850\" alt=\"escher sobe\" src=\"https:\/\/www.ultimobaile.com\/wp-content\/uploads\/2013\/09\/escher-sobe.jpg\" width=\"641\" height=\"850\" srcset=\"https:\/\/www.ultimobaile.com\/wp-content\/uploads\/2013\/09\/escher-sobe.jpg 641w, https:\/\/www.ultimobaile.com\/wp-content\/uploads\/2013\/09\/escher-sobe-226x300.jpg 226w, https:\/\/www.ultimobaile.com\/wp-content\/uploads\/2013\/09\/escher-sobe-41x55.jpg 41w\" sizes=\"auto, (max-width: 641px) 100vw, 641px\" \/><\/a><\/p>\n<p style=\"text-align: justify;\">Isto que \u00e9 imposs\u00edvel a dizer, ou grafar, se pode mostrar. Da\u00ed recorro a Escher. Suas figuras, sendo a Banda de Moebius a pr\u00ednceps, realizam uma hiper-terceira-dimens\u00e3o imposs\u00edvel na realidade tridimensional, e s\u00f3 represent\u00e1vel no plano bidimensional: o desenho \u00e9 mais real que a realidade poss\u00edvel. N\u00e3o se trata portanto da anula\u00e7\u00e3o da profundidade, mas de dobrar o espa\u00e7o sobre si mesmo atrav\u00e9s da inser\u00e7\u00e3o da quarta dimens\u00e3o, o tempo &#8211; e a\u00ed criar (ilus\u00e3o \u00f3ptica de) profundidade onde n\u00e3o h\u00e1, abrindo a possibilidade de muitos mundos que se cortam e atravessam sem, no entanto, se darem conta um do outro.<\/p>\n<p style=\"text-align: justify;\"><a href=\"https:\/\/www.ultimobaile.com\/wp-content\/uploads\/2013\/09\/escher-belvedere.jpg\"><img loading=\"lazy\" decoding=\"async\" class=\"aligncenter size-full wp-image-3851\" alt=\"escher belvedere\" src=\"https:\/\/www.ultimobaile.com\/wp-content\/uploads\/2013\/09\/escher-belvedere.jpg\" width=\"545\" height=\"850\" srcset=\"https:\/\/www.ultimobaile.com\/wp-content\/uploads\/2013\/09\/escher-belvedere.jpg 545w, https:\/\/www.ultimobaile.com\/wp-content\/uploads\/2013\/09\/escher-belvedere-192x300.jpg 192w, https:\/\/www.ultimobaile.com\/wp-content\/uploads\/2013\/09\/escher-belvedere-35x55.jpg 35w\" sizes=\"auto, (max-width: 545px) 100vw, 545px\" \/><\/a><\/p>\n<p style=\"text-align: justify;\">O excesso de dimens\u00f5es faz com que estas se esfacelem (tempos simult\u00e2neos, espa\u00e7os simult\u00e2neos), tudo \u00e9 simetricamente assim\u00e9trico e assimetricamente sim\u00e9trico &#8211; na pr\u00e1tica, a hiper-vigil\u00e2ncia norte-americana produz ela mesma seus vazamentos, inclusive por sobrecarga. A quest\u00e3o, no entanto, \u00e9 lembrar da gravura Belvedere, de Escher: &#8220;nela, chama menos aten\u00e7\u00e3o a apreens\u00e3o dos personagens que passeiam temendo que o teto desabe, uma vez que suas colunas est\u00e3o truncadas; e sim que ningu\u00e9m se aperceba de que o prisioneiro na verdade j\u00e1 est\u00e1 do lado de fora &#8211; ali\u00e1s, nem mesmo ele o nota!&#8217;.<\/p>\n","protected":false},"excerpt":{"rendered":"<p>Diante deste epis\u00f3dio digno de pornochanchada de inspira\u00e7\u00e3o ionesquiana, passo a considerar que Jacques Wagner tornou-se (mais do que deveio) carlista. Que seu segundo mandato iria ser filocarlista, avisamos desde os pre\u00e2mbulos da campanha de 2010 &#8211; e nem por isso deixamos de votar nele e fazer campanha, porque as [&hellip;]<\/p>\n","protected":false},"author":2,"featured_media":0,"comment_status":"closed","ping_status":"open","sticky":false,"template":"","format":"standard","meta":{"footnotes":""},"categories":[13,12],"tags":[20,85,142,1866,124,15],"class_list":["post-3846","post","type-post","status-publish","format-standard","hentry","category-01ler","category-01ver","tag-bahia","tag-carlismo","tag-direita","tag-escher","tag-jacques-wagner","tag-salvador"],"_links":{"self":[{"href":"https:\/\/www.ultimobaile.com\/index.php?rest_route=\/wp\/v2\/posts\/3846","targetHints":{"allow":["GET"]}}],"collection":[{"href":"https:\/\/www.ultimobaile.com\/index.php?rest_route=\/wp\/v2\/posts"}],"about":[{"href":"https:\/\/www.ultimobaile.com\/index.php?rest_route=\/wp\/v2\/types\/post"}],"author":[{"embeddable":true,"href":"https:\/\/www.ultimobaile.com\/index.php?rest_route=\/wp\/v2\/users\/2"}],"replies":[{"embeddable":true,"href":"https:\/\/www.ultimobaile.com\/index.php?rest_route=%2Fwp%2Fv2%2Fcomments&post=3846"}],"version-history":[{"count":1,"href":"https:\/\/www.ultimobaile.com\/index.php?rest_route=\/wp\/v2\/posts\/3846\/revisions"}],"predecessor-version":[{"id":3852,"href":"https:\/\/www.ultimobaile.com\/index.php?rest_route=\/wp\/v2\/posts\/3846\/revisions\/3852"}],"wp:attachment":[{"href":"https:\/\/www.ultimobaile.com\/index.php?rest_route=%2Fwp%2Fv2%2Fmedia&parent=3846"}],"wp:term":[{"taxonomy":"category","embeddable":true,"href":"https:\/\/www.ultimobaile.com\/index.php?rest_route=%2Fwp%2Fv2%2Fcategories&post=3846"},{"taxonomy":"post_tag","embeddable":true,"href":"https:\/\/www.ultimobaile.com\/index.php?rest_route=%2Fwp%2Fv2%2Ftags&post=3846"}],"curies":[{"name":"wp","href":"https:\/\/api.w.org\/{rel}","templated":true}]}}