{"id":3831,"date":"2013-06-13T19:18:58","date_gmt":"2013-06-13T22:18:58","guid":{"rendered":"http:\/\/www.ultimobaile.com\/?p=3831"},"modified":"2025-12-24T13:02:54","modified_gmt":"2025-12-24T16:02:54","slug":"o-sebo-a-rua","status":"publish","type":"post","link":"https:\/\/www.ultimobaile.com\/?p=3831","title":{"rendered":"O Sebo &#038; A Rua"},"content":{"rendered":"<p style=\"text-align: justify;\">No feriad\u00e3o de S\u00e3o Jo\u00e3o e no de Independ\u00eancia (Dois de Julho) estarei montando, junto com <a href=\"http:\/\/www.expoart.com.br\/colunista\/0\/henrique_wagner.html\" target=\"_blank\">Henrique Wagner<\/a>, um sebo de rua no Largo Dois de Julho, entre a Rua da Forca e a Rua do Cabe\u00e7a. Vai ter livro da primeira edi\u00e7\u00e3o da Cole\u00e7\u00e3o Os Pensadores (de quando a Abril era de Victor Civita, e hoje at\u00e9 o Roberto j\u00e1 morreu&#8230;) a R$20,00 e coisinhas quetais.<\/p>\n<p style=\"text-align: justify;\">Como os leitores mais antigos devem lembrar, j\u00e1 tive um <a href=\"https:\/\/www.ultimobaile.com\/?p=2917\" target=\"_blank\">pega-pra-capar virtual com Henrique Wagner<\/a>, mas morando na mesma \u00e1rea, acabamos nos conhecemos pessoalmente (o que alguns amigos em comum j\u00e1 queriam proporcionar, inclusive <a href=\"http:\/\/versosvoadores.blogspot.com.br\/\" target=\"_blank\">Alvinho Tinto Andrade<\/a>), e acabou sendo um informante crucial na minha <a href=\"https:\/\/www.dropbox.com\/s\/2dpih6bc6v3pz45\/O%20Livro%20%26%20A%20Rua.doc\" target=\"_blank\">pesquisa para uma disciplina do mestrado em geografia urbana, que cursei como aluno especial na UFBA, sobre sebos de rua<\/a>. E j\u00e1 n\u00e3o \u00e9 de hoje meu interesse sobre a <a href=\"https:\/\/www.ultimobaile.com\/?p=2591\" target=\"_blank\">rela\u00e7\u00e3o entre o livro, a liberdade, e a cidade<\/a>.<\/p>\n<p style=\"text-align: justify;\">Ent\u00e3o, apare\u00e7am: ser\u00e1 s\u00e1bado, domingo e segunda no primeiro feriado; e s\u00e1bado, domingo, segunda e ter\u00e7a (inclusive no dia do Cortejo da Cabocla) no seguinte.<\/p>\n<p>&nbsp;<\/p>\n<p>&nbsp;<\/p>\n","protected":false},"excerpt":{"rendered":"<p>No feriad\u00e3o de S\u00e3o Jo\u00e3o e no de Independ\u00eancia (Dois de Julho) estarei montando, junto com Henrique Wagner, um sebo de rua no Largo Dois de Julho, entre a Rua da Forca e a Rua do Cabe\u00e7a. Vai ter livro da primeira edi\u00e7\u00e3o da Cole\u00e7\u00e3o Os Pensadores (de quando a [&hellip;]<\/p>\n","protected":false},"author":2,"featured_media":0,"comment_status":"closed","ping_status":"open","sticky":false,"template":"","format":"standard","meta":{"footnotes":""},"categories":[938,11,919,13,12,9],"tags":[1848,1374,1145,1565,771,247,1169,1847],"class_list":["post-3831","post","type-post","status-publish","format-standard","hentry","category-bailes","category-01beber","category-01flanar","category-01ler","category-01ver","category-01viver","tag-camelo","tag-direito-a-cidade","tag-feira","tag-henrique-wagner","tag-largo-dois-de-julho","tag-livros","tag-rua","tag-sebo"],"_links":{"self":[{"href":"https:\/\/www.ultimobaile.com\/index.php?rest_route=\/wp\/v2\/posts\/3831","targetHints":{"allow":["GET"]}}],"collection":[{"href":"https:\/\/www.ultimobaile.com\/index.php?rest_route=\/wp\/v2\/posts"}],"about":[{"href":"https:\/\/www.ultimobaile.com\/index.php?rest_route=\/wp\/v2\/types\/post"}],"author":[{"embeddable":true,"href":"https:\/\/www.ultimobaile.com\/index.php?rest_route=\/wp\/v2\/users\/2"}],"replies":[{"embeddable":true,"href":"https:\/\/www.ultimobaile.com\/index.php?rest_route=%2Fwp%2Fv2%2Fcomments&post=3831"}],"version-history":[{"count":1,"href":"https:\/\/www.ultimobaile.com\/index.php?rest_route=\/wp\/v2\/posts\/3831\/revisions"}],"predecessor-version":[{"id":3832,"href":"https:\/\/www.ultimobaile.com\/index.php?rest_route=\/wp\/v2\/posts\/3831\/revisions\/3832"}],"wp:attachment":[{"href":"https:\/\/www.ultimobaile.com\/index.php?rest_route=%2Fwp%2Fv2%2Fmedia&parent=3831"}],"wp:term":[{"taxonomy":"category","embeddable":true,"href":"https:\/\/www.ultimobaile.com\/index.php?rest_route=%2Fwp%2Fv2%2Fcategories&post=3831"},{"taxonomy":"post_tag","embeddable":true,"href":"https:\/\/www.ultimobaile.com\/index.php?rest_route=%2Fwp%2Fv2%2Ftags&post=3831"}],"curies":[{"name":"wp","href":"https:\/\/api.w.org\/{rel}","templated":true}]}}