{"id":3748,"date":"2012-09-30T16:20:45","date_gmt":"2012-09-30T19:20:45","guid":{"rendered":"http:\/\/www.ultimobaile.com\/?p=3748"},"modified":"2025-12-24T13:02:54","modified_gmt":"2025-12-24T16:02:54","slug":"o-triplo-x-da-questao","status":"publish","type":"post","link":"https:\/\/www.ultimobaile.com\/?p=3748","title":{"rendered":"O triplo-X da quest\u00e3o"},"content":{"rendered":"<p><span style=\"text-align: justify;\">Texto meu para o <\/span><a style=\"text-align: justify;\" href=\"http:\/\/descurvo.blogspot.com.br\/\" target=\"_blank\">Descurvo<\/a><span style=\"text-align: justify;\"> de <a href=\"https:\/\/twitter.com\/hugoalbuquerque\" target=\"_blank\">Hugo Albuquerque<\/a>, a respeito da Bienal Internacional de S\u00e3o Paulo<\/span><\/p>\n<div>\n<div style=\"padding-left: 30px; text-align: justify;\"><\/div>\n<div id=\"post-body-8314508970729293367\">\n<div style=\"padding-left: 30px; text-align: justify;\">A\u00a0<a href=\"http:\/\/www.bienal.org.br\/30bienal\/pt\/Paginas\/default.aspx\" target=\"_blank\"><strong>Trig\u00e9sima (por extenso, e se ver\u00e1 que isso \u00e9 um retorno do recalcado) Bienal Internacional de Artes Visuais de S\u00e3o Paulo<\/strong><\/a>\u00a0vem mais uma vez mostrar a situa\u00e7\u00e3o de bolha especulativa da assim chamada arte contempor\u00e2nea, ou p\u00f3s-modernidade. N\u00e3o por acaso escolheu o tema vago &#8220;Imin\u00eancia das Po\u00e9ticas&#8221; para comemorar seus sessenta anos &#8211; algo assim como &#8220;ao redor do buraco, tudo \u00e9 beira&#8221;. Nem Emin\u00eancia das Po\u00e9ticas, sacralizadas, nem Iman\u00eancia das mesmas, na sujidade cotidiana da vida &#8211; Imin\u00eancia: aquilo que, prestes a acontecer, n\u00e3o acontece jamais. N\u00e3o se poderia ser mais ele\u00e1tico&#8230;<\/div>\n<div style=\"padding-left: 30px; text-align: justify;\">.<\/div>\n<div style=\"padding-left: 30px; text-align: justify;\">Para-al\u00e9m do problema da pregui\u00e7a, aus\u00eancia de real trabalho est\u00e9tico, e car\u00e1ter especulativo da dita\u00a0<em>conceptual-art<\/em>\u00a0(cheguei mesmo a ver uma parede com um saco pl\u00e1stico de supermercado pendurado, e um chiclete mastigado dentro), a quest\u00e3o talvez seja mais de gigantismo: grandes bienais, como grandes museus (exce\u00e7\u00e3o talvez ao\u00a0<a href=\"http:\/\/www.museuafrobrasil.org.br\/\" target=\"_blank\">Afro-Brasil<\/a>, ao lado do Pavilh\u00e3o do Ibirapuera, e gra\u00e7as ao bahiano de Santo Amaro da Purifica\u00e7\u00e3o, Emanoel Ara\u00fajo &#8211; ali\u00e1s negro, apesar de carlista), se tornam um n\u00e3o-lugar, vago e disforme. Penso na excelente\u00a0<a href=\"http:\/\/www.centroculturaldannemann.com.br\/#\" target=\"_blank\">Bienal de Artes Visuais do Rec\u00f4ncavo<\/a>, em S\u00e3o F\u00e9lix: n\u00e3o se trata apenas de sua curadoria ser melhor realizada e previlegiar as formas tradicionais de objetos de arte (cer\u00e2mica, mural, pintura, gravura, escultura), uma vez que h\u00e1 tamb\u00e9m nela instala\u00e7\u00f5es. Nem \u00e9 um evento med\u00edocre de cidade do interior (o Rec\u00f4ncavo \u00e9 o \u00fatero do umbigo do extremo-ocidente, diria Milton Santos). Mas a antiga f\u00e1brica de charutos Dannemann se integra perfeitamente n\u00e3o apenas ao cais de S\u00e3o F\u00e9lix do Paragua\u00e7\u00fa e \u00e0 Ponte Dom Pedro II, mas tamb\u00e9m \u00e0 fronteiri\u00e7a Mui Her\u00f3ica &amp; Leal Cidade de Cachoeira assim como a cidades mais long\u00ednquas da regi\u00e3o, Maragogipe, Cruz das Almas, e n\u00e3o se exclua a capital Salvador, que \u00e9 tamb\u00e9m, ao menos em parte (e na metade que nos interessa e \u00e9 cosmopolita) Rec\u00f4ncavo (e quem n\u00e3o o \u00e9 jamais seria Reconvexa).<\/div>\n<div style=\"padding-left: 30px; text-align: justify;\">.<\/div>\n<div style=\"padding-left: 30px; text-align: justify;\">Claro que \u00e9 poss\u00edvel no mar de nulidades especulativas da Bienal de S\u00e3o Paulo encontrar algo digno de nota &#8211; por exemplo a sala com obras de Arthur Bispo do Ros\u00e1rio (embora comumente se caia no erro de tom\u00e1-lo como um James Joyce das artes pl\u00e1sticas, o que ele n\u00e3o \u00e9). E claro tamb\u00e9m que uma Bienal precisa ter espa\u00e7o para o erro &#8211; estimular obras cretinas ao ponto de serem descartadas, porque \u00e9 do jogar-fora uma profus\u00e3o de m\u00e1 id\u00e9ias que as boas id\u00e9ias podem surgir &#8211; mas n\u00e3o ao limite da autofagia, ali\u00e1s sintomaticamente paulistana. Tanto mais se comparamos com a parte do acervo do\u00a0<a href=\"http:\/\/www.mac.usp.br\/mac\/conteudo\/institucional\/institucional_cid.asp\" target=\"_blank\">MAC-USP<\/a>\u00a0recentemente exposta no\u00a0<a href=\"http:\/\/www.mac.usp.br\/mac\/conteudo\/institucional\/institucional_ibira.asp\" target=\"_blank\">Ibirapuera<\/a>\u00a0e no\u00a0<a href=\"http:\/\/www.mac.usp.br\/mac\/conteudo\/institucional\/institucional_novasede.asp\" target=\"_blank\">antigo pr\u00e9dio do Detran<\/a>: sob o modernismo, as Bienais foram mais capazes de gerar obras, se n\u00e3o inteligentes, ao menos corretas, paradigm\u00e1ticas. Hoje, como est\u00e1, n\u00e3o \u00e9 mais. Idem para a (imperd\u00edvel!) exposi\u00e7\u00e3o de\u00a0<a href=\"http:\/\/www.lygiaclark.org.br\/defaultpt.asp\" target=\"_blank\">Lygia Clark no Ita\u00fa Cultural<\/a>: se ali nasce a instala\u00e7\u00e3o e a arte conceitual, est\u00e1 longe da banalidade, inclusive porque a exposi\u00e7\u00e3o permite e incentiva a livre manipula\u00e7\u00e3o das obras &#8211; e sim, \u00e9 uma exposi\u00e7\u00e3o de grande porte, s\u00f3 que muito mais discreta que a propaganda enganosa que \u00e9, por exemplo, Caravaggio no MASP.<\/div>\n<div style=\"padding-left: 30px; text-align: justify;\">.<\/div>\n<div style=\"padding-left: 30px; text-align: justify;\">E sobre a Trig\u00e9sima (por extenso), vai aqui a explica\u00e7\u00e3o de tr\u00e1s pra frente: das melhores salas expositivas desta Bienal \u00e9 com as fotos proto-paparazzi e voyeur de Alair Gomes, com seus garotos de Ipanema displicentemente homoer\u00f3ticos sem saber que est\u00e3o sendo fotografados enquanto trabalham seus corpos, acrescido de outras fotografias do mesmo autor, explicitamente pornogr\u00e1ficas, e realizadas em est\u00fadio. A melhor sala da XXX Bienal \u00e9 X-rated &#8211; da Bienal que, sendo 30\u00ba, evita grafar-se em X X X, esse c\u00f3digo dos tempos da internet discada e paga para sites de putaria.<\/div>\n<\/div>\n<\/div>\n","protected":false},"excerpt":{"rendered":"<p>Texto meu para o Descurvo de Hugo Albuquerque, a respeito da Bienal Internacional de S\u00e3o Paulo A\u00a0Trig\u00e9sima (por extenso, e se ver\u00e1 que isso \u00e9 um retorno do recalcado) Bienal Internacional de Artes Visuais de S\u00e3o Paulo\u00a0vem mais uma vez mostrar a situa\u00e7\u00e3o de bolha especulativa da assim chamada arte [&hellip;]<\/p>\n","protected":false},"author":2,"featured_media":0,"comment_status":"closed","ping_status":"open","sticky":false,"template":"","format":"standard","meta":{"footnotes":""},"categories":[919,12,9],"tags":[474,330,1626,486,1815,1817,1816,471,314],"class_list":["post-3748","post","type-post","status-publish","format-standard","hentry","category-01flanar","category-01ver","category-01viver","tag-arte-conceitual","tag-artes-plasticas","tag-artes-visuais","tag-bienal","tag-conceptual-art","tag-descurvo","tag-hugo-albuquerque","tag-instalacao","tag-sao-paulo"],"_links":{"self":[{"href":"https:\/\/www.ultimobaile.com\/index.php?rest_route=\/wp\/v2\/posts\/3748","targetHints":{"allow":["GET"]}}],"collection":[{"href":"https:\/\/www.ultimobaile.com\/index.php?rest_route=\/wp\/v2\/posts"}],"about":[{"href":"https:\/\/www.ultimobaile.com\/index.php?rest_route=\/wp\/v2\/types\/post"}],"author":[{"embeddable":true,"href":"https:\/\/www.ultimobaile.com\/index.php?rest_route=\/wp\/v2\/users\/2"}],"replies":[{"embeddable":true,"href":"https:\/\/www.ultimobaile.com\/index.php?rest_route=%2Fwp%2Fv2%2Fcomments&post=3748"}],"version-history":[{"count":3,"href":"https:\/\/www.ultimobaile.com\/index.php?rest_route=\/wp\/v2\/posts\/3748\/revisions"}],"predecessor-version":[{"id":4215,"href":"https:\/\/www.ultimobaile.com\/index.php?rest_route=\/wp\/v2\/posts\/3748\/revisions\/4215"}],"wp:attachment":[{"href":"https:\/\/www.ultimobaile.com\/index.php?rest_route=%2Fwp%2Fv2%2Fmedia&parent=3748"}],"wp:term":[{"taxonomy":"category","embeddable":true,"href":"https:\/\/www.ultimobaile.com\/index.php?rest_route=%2Fwp%2Fv2%2Fcategories&post=3748"},{"taxonomy":"post_tag","embeddable":true,"href":"https:\/\/www.ultimobaile.com\/index.php?rest_route=%2Fwp%2Fv2%2Ftags&post=3748"}],"curies":[{"name":"wp","href":"https:\/\/api.w.org\/{rel}","templated":true}]}}