{"id":3693,"date":"2012-06-22T15:10:24","date_gmt":"2012-06-22T18:10:24","guid":{"rendered":"http:\/\/www.ultimobaile.com\/?p=3693"},"modified":"2025-12-24T13:02:54","modified_gmt":"2025-12-24T16:02:54","slug":"de-boi-de-coice-a-marcha-a-re","status":"publish","type":"post","link":"https:\/\/www.ultimobaile.com\/?p=3693","title":{"rendered":"De boi-de-coice a marcha-a-r\u00e9"},"content":{"rendered":"<p style=\"text-align: justify;\">Como j\u00e1 \u00e9 do conhecimento de muitos, a Secretaria de Cultura do Estado da Bahia nos \u00faltimos dois dias resolveu ajudar a patrocinar, atrav\u00e9s do FazCultura, o Salvador Fest &#8211; um mega-evento de pagod\u00e3o, altamente lucrativo, e t\u00e3o ligado ao Ax\u00e9-System que ostenta nomes como Chiclete com Banana. Com esta not\u00edcia, n\u00f3s, cr\u00edticos e produtores ligados a Reforma Cultural Baiana (isto \u00e9: a gest\u00e3o de Marcio Meirelles, suas causas e suas consequ\u00eancias), fizemos enxame e tocamos o rebu. A <a href=\"http:\/\/www.metro1.com.br\/portal\/?varSession=noticia&amp;varEditoriaId=18&amp;varId=11371\" target=\"_blank\">SECULT, como \u00e9 t\u00edpico sob o secret\u00e1rio boi-de-coice Albino Rubim, recuou<\/a> &#8211; para, horas depois, <a href=\"http:\/\/www.metro1.com.br\/portal\/index.php?varSession=noticia&amp;varId=11285\" target=\"_blank\">voltar a se resolver pelo patroc\u00ednio<\/a>.<\/p>\n<p style=\"text-align: justify;\">Notem que a situa\u00e7\u00e3o \u00e9 t\u00e3o esdr\u00faxula que a not\u00edcia (e o combate a essa decis\u00e3o) foi encabe\u00e7ado pelo grupo Metr\u00f3pole &#8211; primeiro-batalh\u00e3o dos aninha-franco-atiradores, que d\u00e1 guarida pra <a href=\"https:\/\/www.ultimobaile.com\/?p=3050\" target=\"_blank\">mentecaptos do latif\u00fandio art\u00edstico-jornal\u00edstico como Samuel Celestino<\/a>. Quer dizer: at\u00e9 gente contra-reforma, ana-de-hollandista, anti-Marcio, levemente axezeira portanto, se indignou com a decis\u00e3o.<\/p>\n<p style=\"text-align: justify;\">O curioso \u00e9 que parte das gentes que \u00e9 da Reforma Cultural, particularmente aqueles que rezam do mantra &#8220;Albino \u00e9 melhor que M\u00e1rcio porque \u00e9 t\u00e9cnico, acad\u00eamico e do PT&#8221; (um argumento, convenhamos, tucanista, pra n\u00e3o dizer carlista de gravata vermelha), ou tentou defender o indefens\u00e1vel, ou passou a se calar, ou partiu pro &#8220;Marcio Meirelles fazia igual: patrocinava camarote&#8221;. Isto revela que, se a <a href=\"https:\/\/www.ultimobaile.com\/?p=3096\" target=\"_blank\">SECULT partiu-se ao meio com a ado\u00e7\u00e3o da retranca que \u00e9 a escolha de Albino<\/a>, essa cis\u00e3o afeta aos que participaram da Reforma de fora da SECULT tamb\u00e9m. Isso j\u00e1 se prenunciava antes na <a href=\"https:\/\/www.ultimobaile.com\/?p=3117\" target=\"_blank\">incapacidade de parte dos agentes da anti-Ax\u00e9System\u00a0em conseguir articular cr\u00edticas ou cr\u00edticas-da-cr\u00edtica<\/a>, se avoluma com <a href=\"https:\/\/www.ultimobaile.com\/?p=3390\" target=\"_blank\">produtores ligados ao P\u00f3s-Ax\u00e9 passarem do nada a louvarem seus algozes do Ax\u00e9-System<\/a>, e talvez culmine num certo <a href=\"https:\/\/www.ultimobaile.com\/?p=3636\" target=\"_blank\">cicloviarismo motorizante (em que o direito a cidade se resume ao direito de ir e vir tanto quanto o direito a cultura vira direito a mera frequenta\u00e7\u00e3o)<\/a>.<\/p>\n<p style=\"text-align: justify;\">Em tempo, sobre esse contra-argumento de que &#8220;Marcio bancava camarote&#8221;, vale dizer: nunca a Secretaria de Cultura, sob o Velho do Vila, deu um tusta pro Ax\u00e9-System. Marcio de fato apoiava os camarotes em que o Ax\u00e9-System passava ao largo e n\u00e3o havia venda de entradas: o do Espa\u00e7o Unibanco de Cinema, crucial para a reocupa\u00e7\u00e3o da Pra\u00e7a Castro Alves durante a folia momesca, e o Expresso2222 de Gilberto Gil &#8211; ambos, diga-se, com palcos para a rua tocando para o pov\u00e3o na pipoca, e levando a estes nomes fora do jab\u00e1 radiof\u00f4nico, como BaianaSystem e Marcia Castro.<\/p>\n<p style=\"text-align: justify;\">As <a href=\"http:\/\/www.comunicacao.ba.gov.br\/noticias\/2012\/06\/20\/secult-esclarece-apoio-do-programa-fazcultura-ao-salvador-fest\" target=\"_blank\">justificativas da Secretaria de Cultura para manter o patroc\u00ednio ao baronato da privataria monocult\u00f3ria<\/a> (e <a href=\"https:\/\/www.ultimobaile.com\/?p=3620\" target=\"_blank\">longe de mim ser contra o pagod\u00e3o<\/a>!) s\u00e3o as mais estapaf\u00fardias. Por exemplo, se o ingresso for &#8220;popular&#8221; (R$35,00 &#8211; nota: os ingressos da Orquestra Sinf\u00f4nica da Bahia\u00a0s\u00e3o R$20,00 a meia&#8230;), tudo bem. Primeiro, n\u00e3o entendo em que quinze reais de diferen\u00e7a v\u00e3o garantir mais ou menos p\u00fablico a este evento, que j\u00e1 tem o seu cativo inclusive pelo suborno a maioria das r\u00e1dios de Salvador para que toquem seu repert\u00f3rio ad nauseam. Segundo, \u00e9 de interesse de estado que a popula\u00e7\u00e3o tenha acesso facilitado e barato a um produto est\u00e9tico que ela j\u00e1 consome compuls\u00f3ria e compulsivamente? N\u00e3o deveria, ao contr\u00e1rio, uma pol\u00edtica p\u00fablica de Cultura estimular o acesso e consumo de produtos culturais que a popula\u00e7\u00e3o n\u00e3o teria acesso de outra forma?<\/p>\n<p style=\"text-align: justify;\">N\u00e3o se enganem contudo achando que isso \u00e9 mera burrice de Albino Rubim &#8211; que de boi-de-coice virou marcha-a-r\u00e9 com essa e perdeu o apoio de muitos que ajudaram a fazer a Reforma, certamente, alguns inclusive seus ex-alunos que at\u00e9 ent\u00e3o tinham sincero afeto por ele. H\u00e1 m\u00e9todo nesta loucura. E volto aos camarotes: <a href=\"https:\/\/www.ultimobaile.com\/?p=3539\" target=\"_blank\">n\u00e3o ficou a assessoria de imprensa da Secretaria de Cultura dando nota de que um certo pr\u00e9-candidato a prefeito de Salvador estava no famigerado Camarote Salvador (inclusive dos Magalh\u00e3es-de-Magalh\u00e3es), e saindo no Filhos de Gandhy<\/a>? N\u00e3o \u00e9 a mesma assessoria de imprensa da Secretaria de Cultura do Estado da Bahia que anunciava que &#8220;Professor Doutor&#8221; Albino Rubim estava lan\u00e7ando livro por uma editora do PT? N\u00e3o \u00e9 a mesma SECULT que meses atr\u00e1s exigia filia\u00e7\u00e3o partid\u00e1ria para que certas pessoas se tornassem funcion\u00e1rias de estado?<\/p>\n<p style=\"text-align: justify;\">O pr\u00e9-candidato a prefeito em quest\u00e3o, Nelson Peleguinho (aquele que sempre perdeu pleitos em Salvador em terceira coloca\u00e7\u00e3o), acaba ali\u00e1s de aceitar como seu vice um nome indicado pelo SETPS &#8211; m\u00e1fia das empresas de marinete (Salvador n\u00e3o tem \u00f4nibus, tem marinete). Por que n\u00e3o aceitaria os holofotes &amp; megafones de Cal Adam, Joaquim Nery, Fernando Bulhosa e outros especuladores fundi\u00e1rio-musicais urbanos da Roma Negra?!<\/p>\n<p style=\"text-align: justify;\">N\u00e3o quero dizer que \u00e9 culpa de Albino &#8211; claro que a coisa \u00e9 mais complexa, o modelo FazCultura\/Lei Rouanet permite deformidades como esta. Que Marcio Meirelles barrava a custo de sua pr\u00f3pria imagem pessoal, e que Albino cede em nome de sua colora\u00e7\u00e3o partid\u00e1ria e eleitoral.<\/p>\n<p style=\"text-align: justify;\">Ao fim, fica claro que a Secretaria de Cultura sob Albino Rubim se tornou, sim, um \u00f3rg\u00e3o do Partido dos Trabalhadores &#8211; e de sua pior ala: aquela em que a sede de poder suplanta a vontade de mudan\u00e7a. A diferen\u00e7a de Albino pra Marcio n\u00e3o \u00e9 uma maior capacidade t\u00e9cnica ou pol\u00edtica de um ou outro, nem de percep\u00e7\u00e3o da realidade. Para Marcio, a Cultura (e n\u00e3o meramente a arte)\u00a0\u00e9 uma causa pol\u00edtica, e um vetor de transforma\u00e7\u00e3o da pol\u00edtica (a comprovar isso, as novas fun\u00e7\u00f5es de bunker que o Teatro Vila Velha tem tido desde que o Velho voltou pro Passeio P\u00fablico); para Albino \u00e9 um artefato partid\u00e1rio, a ser usado como bem se queira em disputas eleitorais &#8211; e isso, convenhamos, \u00e9 bem pior que o balc\u00e3o dos Antonio Grassi, Barret\u00e3o e Paulo Gaudenzi.<\/p>\n","protected":false},"excerpt":{"rendered":"<p>Como j\u00e1 \u00e9 do conhecimento de muitos, a Secretaria de Cultura do Estado da Bahia nos \u00faltimos dois dias resolveu ajudar a patrocinar, atrav\u00e9s do FazCultura, o Salvador Fest &#8211; um mega-evento de pagod\u00e3o, altamente lucrativo, e t\u00e3o ligado ao Ax\u00e9-System que ostenta nomes como Chiclete com Banana. Com esta [&hellip;]<\/p>\n","protected":false},"author":2,"featured_media":0,"comment_status":"closed","ping_status":"open","sticky":false,"template":"","format":"standard","meta":{"footnotes":""},"categories":[919,9],"tags":[1778,1780,152,1779,497],"class_list":["post-3693","post","type-post","status-publish","format-standard","hentry","category-01flanar","category-01viver","tag-albino-canelas-rubim","tag-fazcultura","tag-marcio-meirelles","tag-salvador-fest","tag-secretaria-da-cultura-do-estado-da-bahia"],"_links":{"self":[{"href":"https:\/\/www.ultimobaile.com\/index.php?rest_route=\/wp\/v2\/posts\/3693","targetHints":{"allow":["GET"]}}],"collection":[{"href":"https:\/\/www.ultimobaile.com\/index.php?rest_route=\/wp\/v2\/posts"}],"about":[{"href":"https:\/\/www.ultimobaile.com\/index.php?rest_route=\/wp\/v2\/types\/post"}],"author":[{"embeddable":true,"href":"https:\/\/www.ultimobaile.com\/index.php?rest_route=\/wp\/v2\/users\/2"}],"replies":[{"embeddable":true,"href":"https:\/\/www.ultimobaile.com\/index.php?rest_route=%2Fwp%2Fv2%2Fcomments&post=3693"}],"version-history":[{"count":7,"href":"https:\/\/www.ultimobaile.com\/index.php?rest_route=\/wp\/v2\/posts\/3693\/revisions"}],"predecessor-version":[{"id":4219,"href":"https:\/\/www.ultimobaile.com\/index.php?rest_route=\/wp\/v2\/posts\/3693\/revisions\/4219"}],"wp:attachment":[{"href":"https:\/\/www.ultimobaile.com\/index.php?rest_route=%2Fwp%2Fv2%2Fmedia&parent=3693"}],"wp:term":[{"taxonomy":"category","embeddable":true,"href":"https:\/\/www.ultimobaile.com\/index.php?rest_route=%2Fwp%2Fv2%2Fcategories&post=3693"},{"taxonomy":"post_tag","embeddable":true,"href":"https:\/\/www.ultimobaile.com\/index.php?rest_route=%2Fwp%2Fv2%2Ftags&post=3693"}],"curies":[{"name":"wp","href":"https:\/\/api.w.org\/{rel}","templated":true}]}}