{"id":367,"date":"2008-10-08T16:50:10","date_gmt":"2008-10-08T19:50:10","guid":{"rendered":"http:\/\/www.ultimobaile.com\/?p=367"},"modified":"2025-12-24T13:03:56","modified_gmt":"2025-12-24T16:03:56","slug":"festival-nacional-de-teatro-infantil-de-feira-de-santana","status":"publish","type":"post","link":"https:\/\/www.ultimobaile.com\/?p=367","title":{"rendered":"Festival Nacional de Teatro Infantil de Feira de Santana"},"content":{"rendered":"<p style=\"text-align: justify;\">Come\u00e7ou na \u00faltima segunda-feira, com atividades de manh\u00e3, de tarde e de noite e vai at\u00e9 domingo pr\u00f3ximo &#8211; de pe\u00e7as a oficinas, tanto com e para crian\u00e7as como com e para adultos.<\/p>\n<p style=\"text-align: justify;\">N\u00e3o \u00e9 de hoje que Feira de Santana, essa sempre menosprezada cidade na bordinha do Rec\u00f4ncavo com o Agreste bahiano, faz teatro infantil do bom! H\u00e1 5 anos assisti uma montagem de <em>Maria Minhoca<\/em>, texto cl\u00e1ssico de Maria Clara Machado, por um grupo de l\u00e1. \u00c9 um texto naturalista, stanislavskyano &#8211; mas a montagem foi toda em clown, com cen\u00e1rio exiguamente funcionalista (na verdade, uma simples escada de carpinteiro). Brilhante!<\/p>\n<p style=\"text-align: justify;\">Tal montagem foi da <a href=\"http:\/\/www.ciacucadeteatro.com.br\/\" target=\"_blank\">Cia Cuca de Teatro<\/a>, que est\u00e1 a frente do projeto, que tem o apoio da SECULT de M\u00e1rcio Meirelles. Aqui, cabe uma nota: Feira de Santana \u00e9 o \u00faltimo reduto do carlismo. Mas l\u00e1, a direita encasquetou que ia fazer de Feira a &#8220;<em>Vit\u00f3ria da Conquista<\/em> do PFL&#8221;. Conquista \u00e9 governada pelo PT a 20 anos e tem os melhores indicadores de assist\u00eancia social e sa\u00fade p\u00fablica do planeta. Acho \u00f3timo que Feira esteja gerando uma direita respons\u00e1vel &#8211; uma direita de verdade \u00e9 tudo de que o Brasil precisa para sair da barb\u00e1rie feudal.<\/p>\n<p style=\"text-align: justify;\">Com isso, quero mostrar o qu\u00e3o apartid\u00e1ria (M\u00e1rcio nunca pertenceu a nenhuma sigla eleitoral nem nunca foi pol\u00edtico) a pol\u00edtica cultural do estado, no governo atual, \u00e9; e o quanto ela prioriza, sim, o interior (mesmo que seja, por vezes, atrav\u00e9s da capital).<\/p>\n<p style=\"text-align: justify;\">Aqui, a <a href=\"http:\/\/www.ciacucadeteatro.com.br\/projetos_festival_programacao.htm\" target=\"_blank\">programa\u00e7\u00e3o completa<\/a> do festival, bem como a programa\u00e7\u00e3o de <a href=\"http:\/\/www.ciacucadeteatro.com.br\/projetos_festival_mostras.htm\" target=\"_blank\">mostras c\u00eanicas<\/a>. Ingressos sempre a, no m\u00e1ximo, R$6,00 a inteira.<\/p>\n","protected":false},"excerpt":{"rendered":"<p>Come\u00e7ou na \u00faltima segunda-feira, com atividades de manh\u00e3, de tarde e de noite e vai at\u00e9 domingo pr\u00f3ximo &#8211; de pe\u00e7as a oficinas, tanto com e para crian\u00e7as como com e para adultos. N\u00e3o \u00e9 de hoje que Feira de Santana, essa sempre menosprezada cidade na bordinha do Rec\u00f4ncavo com [&hellip;]<\/p>\n","protected":false},"author":2,"featured_media":0,"comment_status":"closed","ping_status":"open","sticky":false,"template":"","format":"standard","meta":{"footnotes":""},"categories":[13,12,9],"tags":[20,62,168,169,57,170],"class_list":["post-367","post","type-post","status-publish","format-standard","hentry","category-01ler","category-01ver","category-01viver","tag-bahia","tag-cultura","tag-feira-de-santana","tag-festival-nacional-de-teatro-infantil","tag-teatro","tag-teatro-infantil"],"_links":{"self":[{"href":"https:\/\/www.ultimobaile.com\/index.php?rest_route=\/wp\/v2\/posts\/367","targetHints":{"allow":["GET"]}}],"collection":[{"href":"https:\/\/www.ultimobaile.com\/index.php?rest_route=\/wp\/v2\/posts"}],"about":[{"href":"https:\/\/www.ultimobaile.com\/index.php?rest_route=\/wp\/v2\/types\/post"}],"author":[{"embeddable":true,"href":"https:\/\/www.ultimobaile.com\/index.php?rest_route=\/wp\/v2\/users\/2"}],"replies":[{"embeddable":true,"href":"https:\/\/www.ultimobaile.com\/index.php?rest_route=%2Fwp%2Fv2%2Fcomments&post=367"}],"version-history":[{"count":4,"href":"https:\/\/www.ultimobaile.com\/index.php?rest_route=\/wp\/v2\/posts\/367\/revisions"}],"predecessor-version":[{"id":369,"href":"https:\/\/www.ultimobaile.com\/index.php?rest_route=\/wp\/v2\/posts\/367\/revisions\/369"}],"wp:attachment":[{"href":"https:\/\/www.ultimobaile.com\/index.php?rest_route=%2Fwp%2Fv2%2Fmedia&parent=367"}],"wp:term":[{"taxonomy":"category","embeddable":true,"href":"https:\/\/www.ultimobaile.com\/index.php?rest_route=%2Fwp%2Fv2%2Fcategories&post=367"},{"taxonomy":"post_tag","embeddable":true,"href":"https:\/\/www.ultimobaile.com\/index.php?rest_route=%2Fwp%2Fv2%2Ftags&post=367"}],"curies":[{"name":"wp","href":"https:\/\/api.w.org\/{rel}","templated":true}]}}