{"id":3636,"date":"2012-05-10T07:39:03","date_gmt":"2012-05-10T10:39:03","guid":{"rendered":"http:\/\/www.ultimobaile.com\/?p=3636"},"modified":"2025-12-24T13:02:54","modified_gmt":"2025-12-24T16:02:54","slug":"cicloviarismo-motorizante","status":"publish","type":"post","link":"https:\/\/www.ultimobaile.com\/?p=3636","title":{"rendered":"Cicloviarismo motorizante"},"content":{"rendered":"<p style=\"text-align: justify;\">Vai aqui, a t\u00edtulo de ep\u00edgrafe ou mote, uma micro-cr\u00f4nica do que me aconteceu ontem. Fui atropelado (como pedestres, at\u00e9 porque n\u00e3o existe atropelo sobre uma bicicleta e sim abalroamento) no Canela. O Canela \u00e9 praticamente uma zona de 30km\/h, quer porque sua densidade habitacional e diversidade de usos faz com que sua vida pedestre seja rica, quer porque sua infraestrutura pedestre \u00e9 acima da m\u00e9dia para Salvador: cal\u00e7adas relativamente largas e n\u00e3o t\u00e3o esburacadas, quadras curtas com faixa de pedestre em cada esquina (chegando a ser 4 faixas por cruzamos) e faixas em meio de quadra se a quadra for longa, e raramente se v\u00ea autom\u00f3vel estacionado sobre a cal\u00e7ada &#8211; fato raro, e digno de alv\u00edssaras, em Salvador.<\/p>\n<p style=\"text-align: justify;\">N\u00e3o tive maiores intercorr\u00eancias porque, justamente, \u00e9 imposs\u00edvel um ve\u00edculo estar a mais de 30km\/h nesta regi\u00e3o. O ocorrido foi sobre <a href=\"http:\/\/www.google.com\/maps\/ms?msid=214911346900966785874.0004bfab9376a3737658a&amp;msa=0&amp;ll=-12.992095,-38.521411&amp;spn=0.000673,0.000857\" target=\"_blank\">a faixa de pedestres que h\u00e1 quase em frente a Reitoria da UFBA, mas antes do sem\u00e1foro<\/a>. Eu j\u00e1 estava no meio dela, o motorista acelerou, eu involuntariamente me virei de frente para ele para pedir que freiasse, o que geralmente funciona; neste caso funcionou com retardo, cheguei a cair no ch\u00e3o e ter um ferimento em face. Mas nada que me impedisse de, ato cont\u00ednuo, levantar e espancar a chaparia do seu cap\u00f4 e xing\u00e1-lo de obeso m\u00f3rbido, para lhe dar algumas mossas a mais de preju\u00edzo (<a href=\"http:\/\/www.facebook.com\/ultimobaile\/posts\/378843842152821\" target=\"_blank\">mais detalhes podem ser lidos aqui<\/a>). Como a \u00e1rea \u00e9 muito pedestre, rapidamente desconhecidos me socorreram e apoiaram. N\u00e3o dei queixa pra n\u00e3o estragar mais meu dia &#8211; ainda tinha de ir at\u00e9 a Faculdade de Arquitetura devolver um livro.<\/p>\n<p style=\"text-align: justify;\">Que moral quero manter, a partir deste epis\u00f3dio, para o texto que se segue? Comumente, se diz que estes problemas de transito (transito somos todos, n\u00e3o s\u00f3 os motorizados) \u00e9 culpa do Estado. Neste caso, n\u00e3o: se justamente n\u00e3o houvesse dispositivos que tornam o fluxo de autom\u00f3veis na \u00e1rea lento e levemente ca\u00f3tico, os danos e riscos seriam maiores. Alguma coisa de infraestrutura no Canela \u00e9 equ\u00edvoca ou pode ser melhorada, mas n\u00e3o \u00e9 este o cerne. O cerne est\u00e1 na mentalidade, na superestrutura, dos motoristas &#8211; que mesmo numa \u00e1rea de centro de cidade, lentificada e cheia de idoso, hospital, faculdade e escola, n\u00e3o se d\u00e3o conta de que acelerar de 20km\/h para 30km\/h \u00e9 rid\u00edculo at\u00e9 para o prop\u00f3sito que t\u00eam &#8211; quanto mais quando h\u00e1 um sem\u00e1foro 10m adiante&#8230;<\/p>\n<p style=\"text-align: center;\"><strong>* * *<\/strong><\/p>\n<p style=\"text-align: justify;\">Recentemente, Camilo Fr\u00f3es e Carol Morena, casal bastante crucial para a Reforma Cultural Bahia dos \u00faltimos anos, come\u00e7aram a usar bicicleta como transporte; e Camilo, particularmente, a escrever um blog despretencioso a respeito, que por isso mesmo tem o m\u00e9rito de atrair novos usu\u00e1rios &#8211; o que \u00e9 sempre importante.<\/p>\n<p style=\"text-align: justify;\">Esta semana, contudo, <a href=\"http:\/\/tracaoanimal.wordpress.com\/2012\/05\/08\/8-de-maio\/\" target=\"_blank\">postou um video retratando seu uso<\/a>. Dispus, l\u00e1, diversos coment\u00e1rios analisando quase quadro a quadro onde est\u00e3o os erros cartogr\u00e1ficos (sim, erros, no sentido de erros t\u00e1ticos &#8211; se a geografia serve, antes, para fazer guerra mesmo em tempos de paz, \u00e9 disso que se trata e n\u00e3o de &#8220;op\u00e7\u00e3o e gosto&#8221;). Ap\u00f3s longa, e produtiva, resposta mutua, ele se irritou e apagou todos os coment\u00e1rios.<\/p>\n<p style=\"text-align: justify;\">Por um lado, \u00e9 peculiar sua dificuldade de admitir que simplesmente perdeu uma discuss\u00e3o por falta de consist\u00eancia factual e l\u00f3gica; tal defeito ele encobre com um relativismo generalizado, a partir do qual uma opini\u00e3o ignorante, intuitiva e impressionista tem tanto valor quanto uma refletida a partir de uma tradi\u00e7\u00e3o te\u00f3rica rigorosa e de um vasto cabedal de fatos apont\u00e1veis objetivamente. Sinto muito, mas n\u00e3o t\u00eam: ou bem o sol gira em torno da terra, ou bem \u00e9 o contr\u00e1rio &#8211; n\u00e3o existe conciliar Cop\u00e9rnico e Santo Ambr\u00f3sio.<\/p>\n<p style=\"text-align: justify;\">Para al\u00e9m disso, que isso \u00e9 idiossincr\u00e1sia que at\u00e9 me fazem gostar dos que gosto, chama aten\u00e7\u00e3o que seu discurso \u00e9 quase todo motorcrata mesmo sobre duas rodas &#8211; ao ponto de, por exemplo, Carol se queixar, no v\u00eddeo, do &#8220;excesso de pedestres no Porto da Barra&#8221;. Mas o que se esperava mesmo daquela que \u00e9 considerada, diversas vezes e com raz\u00e3o, a melhor praia urbana do mundo? Autom\u00f3veis? E desde quando haver mais pedestres, o que tamb\u00e9m ajuda a reduzir a velocidade de todos (inclusive dos carros) seria algo ruim ou indesej\u00e1vel para quem est\u00e1 de bicicleta? Deveria ser o contr\u00e1rio, n\u00e3o?<\/p>\n<p style=\"text-align: center;\">\n<div style=\"text-align: center;\"><strong><\/strong><\/div>\n<p><strong><\/p>\n<div id=\"attachment_3640\" style=\"width: 610px\" class=\"wp-caption aligncenter\"><strong><a rel=\"attachment wp-att-3640\" href=\"https:\/\/www.ultimobaile.com\/?attachment_id=3640\"><img loading=\"lazy\" decoding=\"async\" aria-describedby=\"caption-attachment-3640\" class=\"size-full wp-image-3640\" title=\"ciclomotor eletrico\" src=\"https:\/\/www.ultimobaile.com\/wp-content\/uploads\/2012\/05\/ciclomotor-eletrico.jpg\" alt=\"\" width=\"600\" height=\"432\" srcset=\"https:\/\/www.ultimobaile.com\/wp-content\/uploads\/2012\/05\/ciclomotor-eletrico.jpg 600w, https:\/\/www.ultimobaile.com\/wp-content\/uploads\/2012\/05\/ciclomotor-eletrico-300x216.jpg 300w\" sizes=\"auto, (max-width: 600px) 100vw, 600px\" \/><\/a><\/strong><p id=\"caption-attachment-3640\" class=\"wp-caption-text\">Repita para si mesmo: isto \u00e9 um autom\u00f3vel. <\/p><\/div>\n<p>\u00a0<\/p>\n<p><\/strong><\/p>\n<p style=\"text-align: justify;\">Tal fato ocorre na mesma semana em que <a href=\"http:\/\/transporteativo.org.br\/wp\/2012\/05\/09\/uma-confusao-eletrica\/\" target=\"_blank\">a Prefeitura do Rio de Janeiro passa a considerar ciclomotor el\u00e9trico (bicicleta el\u00e9trica \u00e9 outra coisa, ela n\u00e3o se move se n\u00e3o for pedalada) como se fosse bicicleta <\/a>&#8211; ao arrepio dos \u00f3rg\u00e3os de tr\u00e2nsito nacionais e estaduais (que podem ser conservadores e corruptos, mas neste ponto est\u00e3o certos: se tem motor, tem de\u00a0pagar IPVA, ter carteira de habilita\u00e7\u00e3o, placa e capacete).<\/p>\n<p style=\"text-align: justify;\">Uma das melhores pol\u00edticas ciclovi\u00e1rias do planeta agora porta esta chaga. O que n\u00e3o chega a ser novidade para quem convive com <a href=\"http:\/\/biciclotheka.wordpress.com\/\" target=\"_blank\">Denir Miranda<\/a> &#8211; mineiro do interior, e morador de Bras\u00edlia desde tempos imemoriais.<\/p>\n<p style=\"text-align: justify;\">Denir \u00e9 a direita de que toda a esquerda brasileira precisa. Conservador, e muito afeito a antropologia republicana (no sentido yankee) de Roberto DaMatta, a muito vem apontando o seguinte: &#8220;Certo, bicicletas como meio de transporte ub\u00edquo mudam mentalidade, e o Rio de Janeiro j\u00e1 tem uma vida pedestre invej\u00e1vel, o que \u00e9 meio caminho andado; mas o contr\u00e1rio tamb\u00e9m \u00e9 verdade: a mentalidade de um povo pode mudar o modo com que usa bicicleta, ou qualquer outro instrumento. Quem disse que a &#8216;Velorution&#8217; \u00e0 brasileira vai, de gra\u00e7a, escapar do patrimonialismo e do populismo?&#8221;<\/p>\n<p style=\"text-align: justify;\">Pra engelianizar a coisa: quem disse que a mera infraestrutura muda a superestrutura? uma superestrutura troncha n\u00e3o pode criar uma infraestrutura que torne as mentalidades ainda menos civilizadas? N\u00e3o \u00e9, ali\u00e1s, mais prov\u00e1vel que seja assim?<\/p>\n<p style=\"text-align: center;\"><strong>* * *<\/strong><\/p>\n<p style=\"text-align: justify;\">Pra n\u00e3o acharem que isso \u00e9 apenas no plano da mobilidade e do direito \u00e0 cidade, vejamos. Certo dia conversava no caf\u00e9 do Teatro Vila Velha (local, portanto, de significado nacional de subvers\u00e3o e liberdade) com um m\u00fasico bem mais jovem que eu, que usa maconha esporadicamente &#8211; e se colocava contra a descriminaliza\u00e7\u00e3o ou legaliza\u00e7\u00e3o da droga. Seus argumentos beiravam o catolicismo mais reacion\u00e1rio, e ignoravam a experi\u00eancia recente da Calif\u00f3rnia e da Espanha. Mesmo a experi\u00eancia holandesa ele n\u00e3o sabia apontar as falhas, que s\u00e3o muitas.<\/p>\n<p style=\"text-align: justify;\">J\u00e1 eu, que de maconha n\u00e3o suporto nem o cheiro, \u00e9 nausea na certa, tenho claro que a descriminaliza\u00e7\u00e3o, e algum modelo que legalize a produ\u00e7\u00e3o e troca (se n\u00e3o a venda) de maconha \u00e9 urgente no pa\u00eds. De outras drogas idem, mas menos e nem tanto.<\/p>\n<p style=\"text-align: justify;\">Eu, que n\u00e3o tenho a infraestrutura de comprar e usar maconha (com todos os riscos que isso ainda tem &#8211; apesar de que, pelo comum, nenhum policial retira ningu\u00e9m do Museu de Arte Moderna da Bahia por estar fumando maconha), tenho claro na superestrutura o que deve ser feito. Algu\u00e9m que usa, ainda que esporadicamente e n\u00e3o seguidamente, que portanto est\u00e1 exposto diretamente a todos os percal\u00e7os materiais da infraestrutura, superestruturalmente quer manter tudo como est\u00e1, ou pior.<\/p>\n<p style=\"text-align: center;\"><strong>* * *<\/strong><\/p>\n<p style=\"text-align: justify;\">Longe de ser aned\u00f3tico, isso explica n\u00e3o apenas a elei\u00e7\u00e3o de Dilma Roussef, ou a crise de carolice merov\u00edngea que se abateu no segundo turno eleitoral, ou os descaminhos anti-Gil\/Juca do MinC atual da Bruaca Ana, a Demente de Hollanda. Explica, isto sim, a escolha de Dilma como candidata &#8211; n\u00e3o tanto nem apenas por Lula, e sim porque for\u00e7as levaram a n\u00e3o haver outra alternativa.<\/p>\n<p style=\"text-align: justify;\">O que n\u00e3o era suport\u00e1vel para a classe m\u00e9dia alta e tamb\u00e9m para a pequeno burguesia, no Lulismo, n\u00e3o era tanto seu franco trabalhismo nem a distribui\u00e7\u00e3o de renda direta. Era o efeito psicoterap\u00eautico na mentalidade que isso tinha: de repente, tava claro que governo dar dinheiro pra pobre era bom, onde j\u00e1 se viu? \u00c9 na superestrutura que Lula fazia sintoma.<\/p>\n<p style=\"text-align: justify;\">Dilma seria a \u00fanica pessoa que manteria, e mesmo acirraria, as mudan\u00e7as infraestruturais vindas de Lula, mas retroagiria das mudan\u00e7as superestruturais. Da\u00ed o ECADismo do Minist\u00e9rio da Cultura, da\u00ed a subservi\u00eancia do Meio Ambiente &#8211; que se na \u00e9poca de Marina n\u00e3o ganhava todas, ali\u00e1s quase n\u00e3o ganhava nenhuma, sabia jogar o bom jogo e perdia de p\u00e9.<\/p>\n<p style=\"text-align: justify;\">Contudo, n\u00e3o se pense que isso se d\u00e1 apenas na esquerda dilmista (e ao fim e ao cabo eu talvez esteja falando meramente da &#8220;moderniza\u00e7\u00e3o conservadora&#8221;, desta vez fantasiada de carnaval e agora de roupa de enterro &#8211; com Lula ao menos tivemos um &#8220;conservadorismo modernizante&#8221;, e bem ou mal idem com Fernando Henrique Cardoso). O que fazem os decepcionados e os anti-dilmistas in pectore, como o PSOL? O mesmo, por outras vias: evitam mexer nas mentalidades. O que mais explicaria o apoio do partideco da Helo\u00edsa Hist\u00e9rica, A Louca, ao <a href=\"https:\/\/www.ultimobaile.com\/?p=3528\" target=\"_blank\">motim da Pol\u00edcia Militar na Bahia<\/a>? Sim, porque diferente de Sa\u00fade e Educa\u00e7\u00e3o, PM n\u00e3o \u00e9 infraestrutura de estado &#8211; nada produz de que o capital possa auferir lucro. Trata-se de um aparelho ideol\u00f3gico do estado &#8211; a mais pura das superestruturas. Que o PSOL queria manter como estava, ou talvez inda mais forte.<\/p>\n","protected":false},"excerpt":{"rendered":"<p>Vai aqui, a t\u00edtulo de ep\u00edgrafe ou mote, uma micro-cr\u00f4nica do que me aconteceu ontem. Fui atropelado (como pedestres, at\u00e9 porque n\u00e3o existe atropelo sobre uma bicicleta e sim abalroamento) no Canela. O Canela \u00e9 praticamente uma zona de 30km\/h, quer porque sua densidade habitacional e diversidade de usos faz [&hellip;]<\/p>\n","protected":false},"author":2,"featured_media":0,"comment_status":"closed","ping_status":"open","sticky":false,"template":"","format":"standard","meta":{"footnotes":""},"categories":[919,9],"tags":[1767,1463,1766,1765,1769,1768,1770,1764],"class_list":["post-3636","post","type-post","status-publish","format-standard","hentry","category-01flanar","category-01viver","tag-bicicleta-eletrica","tag-dilma-roussef","tag-engels","tag-infraestrutura","tag-paternalismo","tag-patrimonialismo","tag-populismo","tag-superestrutura"],"_links":{"self":[{"href":"https:\/\/www.ultimobaile.com\/index.php?rest_route=\/wp\/v2\/posts\/3636","targetHints":{"allow":["GET"]}}],"collection":[{"href":"https:\/\/www.ultimobaile.com\/index.php?rest_route=\/wp\/v2\/posts"}],"about":[{"href":"https:\/\/www.ultimobaile.com\/index.php?rest_route=\/wp\/v2\/types\/post"}],"author":[{"embeddable":true,"href":"https:\/\/www.ultimobaile.com\/index.php?rest_route=\/wp\/v2\/users\/2"}],"replies":[{"embeddable":true,"href":"https:\/\/www.ultimobaile.com\/index.php?rest_route=%2Fwp%2Fv2%2Fcomments&post=3636"}],"version-history":[{"count":7,"href":"https:\/\/www.ultimobaile.com\/index.php?rest_route=\/wp\/v2\/posts\/3636\/revisions"}],"predecessor-version":[{"id":3645,"href":"https:\/\/www.ultimobaile.com\/index.php?rest_route=\/wp\/v2\/posts\/3636\/revisions\/3645"}],"wp:attachment":[{"href":"https:\/\/www.ultimobaile.com\/index.php?rest_route=%2Fwp%2Fv2%2Fmedia&parent=3636"}],"wp:term":[{"taxonomy":"category","embeddable":true,"href":"https:\/\/www.ultimobaile.com\/index.php?rest_route=%2Fwp%2Fv2%2Fcategories&post=3636"},{"taxonomy":"post_tag","embeddable":true,"href":"https:\/\/www.ultimobaile.com\/index.php?rest_route=%2Fwp%2Fv2%2Ftags&post=3636"}],"curies":[{"name":"wp","href":"https:\/\/api.w.org\/{rel}","templated":true}]}}