{"id":3539,"date":"2012-02-26T13:37:51","date_gmt":"2012-02-26T16:37:51","guid":{"rendered":"http:\/\/www.ultimobaile.com\/?p=3539"},"modified":"2025-12-24T13:02:54","modified_gmt":"2025-12-24T16:02:54","slug":"trans-geografia-do-carnaval","status":"publish","type":"post","link":"https:\/\/www.ultimobaile.com\/?p=3539","title":{"rendered":"Trans-Geografia do Carnaval"},"content":{"rendered":"<p style=\"text-align: justify;\">\u00c9 not\u00e1vel que raro se note que o vocabul\u00e1rio e a gram\u00e1tica do Carnaval sejam os mesmos da Guerra: batalha de confete e serpentina, fazer da casa um bunker, estocagem de alimento e bebida, grito de carnaval como grito de guerra; estabelecimento de territ\u00f3rio, rotas incomuns, ocupa\u00e7\u00e3o da rua. Se a geografia serve primeiro para fazer guerra, n\u00e3o \u00e9 apenas que sirva tamb\u00e9m para fazer carnaval; antes no avesso: carnaval serve primeiro para fazer geografia &#8211; realizando o que Hakim Bey queria (e a bicicleta faz mas com menos pot\u00eancia): estar em v\u00e1rias escalas cartogr\u00e1ficas a um s\u00f3 tempo, descobrir e inventar novos caminhos f\u00edsicos de um bairro a outro. Uma anti-geografia por supera\u00e7\u00e3o.<\/p>\n<p style=\"text-align: justify;\">&nbsp;<\/p>\n<p style=\"text-align: center;\"><strong>Direito a Cidade, Direito a Cultura &#8211; ou propriedade est\u00e9tica e especula\u00e7\u00e3o fundi\u00e1ria urbana<\/strong><\/p>\n<p style=\"text-align: justify;\">Engana-se quem sup\u00f5e que o carnaval de Salvador \u00e9 mera brincadeira &#8211; ou, como quer certa esquerda f\u00e1cil que idealiza Recife como um para\u00edso socialista, mero mercado. Aqui se trava a um s\u00f3 tempo o grande combate: o Ax\u00e9-System \u00e9 uma forma de latinf\u00fandio cultural, como o combatido pelo MinC de Gil\/Juca, ao mesmo tempo em que especula sobre o solo urbano (menos com as cordas a abad\u00e1s hoje, mas muito mais com os camarotes).<\/p>\n<p style=\"text-align: justify;\">Da\u00ed que n\u00e3o chega a ser surpresa que o <a href=\"http:\/\/movimentodesocupa.wordpress.com\/\" target=\"_blank\">Movimento Desocupa<\/a>, nascido da revolta contra a ocupa\u00e7\u00e3o de uma pra\u00e7a inteira em Ondina, acabe por ser um movimento contra o tipo de planejamento urbano de Salvador que alija os cidad\u00e3os de sua urbe. Ou que o <a href=\"https:\/\/www.ultimobaile.com\/?p=2418\" target=\"_blank\">BaianaSystem<\/a>, ao ser uma verve pelo carnaval libert\u00e1rio e de dentro dele, tamb\u00e9m tenha como tema central a especula\u00e7\u00e3o imobili\u00e1ria.<\/p>\n<p style=\"text-align: justify;\">Direito a Cultura e Direito a Cidade se tornam, no carnaval, uma s\u00f3 e mesma coisa. E \u00e9 nele, ao menos na Bahia, que o combate n\u00e3o se d\u00e1 tanto em discursos e id\u00e9ias, mas no corpo: no mete o cotovelo pra abrir caminho, no furar a corda de bloco, e tamb\u00e9m no juntar num beijo, no colar de Filhos de Gandhy trocado, no coral negro da Liberdade, no perfume de alfazema aspergido pelo ar chegar na beira de meu desejo<\/p>\n<p style=\"text-align: justify;\">&nbsp;<\/p>\n<p style=\"text-align: center;\"><strong>Pra\u00e7as do povo, pra\u00e7as privadas<\/strong><\/p>\n<p style=\"text-align: justify;\">A quest\u00e3o da pra\u00e7a de Ondina j\u00e1 disse que \u00e9 apenas uma ep\u00edtome, em que contudo h\u00e1 positividades. A id\u00e9ia de que um camarote pague pela constru\u00e7\u00e3o e restauro da pra\u00e7a n\u00e3o \u00e9 ruim &#8211; \u00e9 um principio do que poderia ser, passos adiante, um padr\u00e3o de outorga onerosa. Ruim \u00e9 que com isso o camarote se ache no direito de ocupar a pra\u00e7a inteira por 3 meses seguidos, vedando-lhe o acesso ao cidad\u00e3o comum (isto \u00e9: n\u00e3o pagante) que assim n\u00e3o acessa aquela praia. Camarote este que pertence aos netos de ACM &#8211; o que tem a felicidade de tornar expl\u00edcito como Ax\u00e9-System n\u00e3o sobreviveria sem Carlismo, e vice-versa. Por\u00e9m, os movimentos deste ano levaram a outra coisa boa: nunca antes um grupo privado do Ax\u00e9-System teve de vir a p\u00fablico se defender e se justificar, inclusive mentindo e fingindo ter apoio dos blocos afro (que odeiam camarote e apoiam o Movimento Desocupa). O Ax\u00e9-System, senhoras e senhores, que j\u00e1 estava ele sim na UTI, zumbi semi-morto por a\u00ed, agora est\u00e1 emparedado, for\u00e7ado a falar &#8211; e, claro, gagueja.<\/p>\n<p><iframe loading=\"lazy\" width=\"420\" height=\"315\" src=\"http:\/\/www.youtube.com\/embed\/03H8eokygHo\" frameborder=\"0\" allowfullscreen><\/iframe><br \/>\n&nbsp;<\/p>\n<p style=\"text-align: justify;\">Todavia, n\u00e3o \u00e9 preciso privatizar uma pra\u00e7a para impedir que o povo nela esteja. A Prefeitura de Salvador resolveu fazer um rid\u00edculo palco sobre a Pra\u00e7a Castro Alves a t\u00edtulo de revitaliz\u00e1-la. Ora, n\u00e3o confundam isso com o camarote da Secretaria de Cultura do Estado no Cine Glauber Rocha ArtPlex com sua varanda el\u00e9trica: esta n\u00e3o ocupava a Pra\u00e7a Castro Alves &#8211; a vista do mar, os p\u00e9s do poeta onde a massa descansa de olho na festa, estavam l\u00e1 para ser usados, a balaustrada para namorar. O palc\u00e3o desse ano, al\u00e9m de in\u00fatil (quase ningu\u00e9m tocou l\u00e1), uma estrutura excessiva (a do Glauber, modesta, daria conta dos intervalos entre trios el\u00e9tricos), praticamente fez com que a Pra\u00e7a Castro Alves deixasse de existir! Mal se via o poeta estendendo a m\u00e3o para a multid\u00e3o. E notem: n\u00e3o era um camarote.<\/p>\n<p style=\"text-align: justify;\">Ainda sobre eles, uma boa nova esse ano: n\u00e3o teve quase firula. Todo mundo sa\u00edndo no hor\u00e1rio. Quase ningu\u00e9m enrolando em frente de camarote e congestionando o circuito, mormente o da Barra. Aleluia!<\/p>\n<p style=\"text-align: justify;\">&nbsp;<\/p>\n<p style=\"text-align: center;\"><strong>Com o p\u00e9 no ch\u00e3o<\/strong><\/p>\n<p style=\"text-align: justify;\">Se o Carnaval \u00e9 uma hiper-geografia (alhures tamb\u00e9m, embora exponencializado aqui), quando o capital e o mercado resolvem se apropriar e gerir ele, tentam fazer uma des-geografia. A coisa come\u00e7ou pelos samb\u00f3dromos do Rio de Janeiro e S\u00e3o Paulo: um carnaval num lugar n\u00e3o-cidade, quando o carnaval \u00e9 a cidade na m\u00e1xima pot\u00eancia. D\u00e1 certo por algum tempo, mas depois come\u00e7a a vazar. N\u00e3o por acaso, a recupera\u00e7\u00e3o e reerguimento do Rio de Janeiro se d\u00e1 ao mesmo tempo da volta de seus blocos de rua. Em Salvador n\u00e3o est\u00e1 sendo diferente: mal-grado, e mesmo por causa, da p\u00e9ssima administra\u00e7\u00e3o municipal atual, surge uma vontade pela cidade que vai dar tamb\u00e9m em blocos, n\u00e3o s\u00f3 sem cordas mas sem trios el\u00e9tricos, nos bairros. Se o Rio Vermelho j\u00e1 tinha o Paroano Sai Mi\u00f3, agora tem o Palha\u00e7os; o Santo Ant\u00f4nio Al\u00e9m do Carmo ganha o De Hoje A Oito e o Bloco Rodante; <a href=\"https:\/\/www.ultimobaile.com\/?p=2881\" target=\"_blank\">o Suinga fez bloco parado na Barra no segundo dia da j\u00e1 tradicional Banda do Habeas Copus, a que se juntou tamb\u00e9m Jau e seu Bloquinho<\/a>.<\/p>\n<p style=\"text-align: justify;\">A id\u00e9ia de desterritorializar o carnaval para que ele seja mais lucrativo (o que daria errado, \u00e9 \u00f3bvio) sempre ronda Salvador. Fala-se de colocar um circuito no Centro Administrativo ou na Avenida Paralela, o que seria como fazer sexo sem corpo. Vejam bem, eu sou favor\u00e1vel a outros circuitos: \u00e9 uma pena que a Ribeira j\u00e1 n\u00e3o tenha a Segunda-Feira Gorda; que o Uruguai do grande bloco Jegue de Cal\u00e7ola &amp; Jega de Cueca n\u00e3o tenha um oficializado; que se aposte em tudo quanto \u00e9 evento ao longo do ano para as avenidas de cumeada do Centro Antigo, que j\u00e1 n\u00e3o suporta fisicamente isso, quando se tem o hiper-territorializado bairro do Com\u00e9rcio na baixada ao lado, com 4 elevadores urbanos, esta\u00e7\u00e3o de trem e terminal de \u00f4nibus urbano, e que precisa urgentemente passar a ter habita\u00e7\u00e3o regular permanente e tempor\u00e1ria.<\/p>\n<p style=\"text-align: justify;\">Mas da\u00ed a propor <a href=\"http:\/\/www.youtube.com\/watch?v=7a1JKtEojaI\">aberra\u00e7\u00f5es destas que Durval Lelis prop\u00f5e vai uma dist\u00e2ncia. Sorte nossa que quem apoia a concess\u00e3o privada tempor\u00e1ria de ruas \u00e9 o candidato triplamente derrotado Geddel Vieira Lima<\/a> &#8211; o Su\u00edno.<\/p>\n<p style=\"text-align: justify;\">Ainda sobre trios el\u00e9tricos versus blocos de p\u00e9 no ch\u00e3o: n\u00e3o se pode negar que se a guitarrinha bahiana, industrializando o carnaval de Salvador, deu a ele a pot\u00eancia que tem, tamb\u00e9m levou as contradi\u00e7\u00f5es que desenvolveu (e que quase mata a pr\u00f3pria guitarrinha). \u00c9 poss\u00edvel uma solu\u00e7\u00e3o de um carnaval industrial sem ser hiper-industrial? De trio, mas sem diesel e sem caminh\u00f5es monstruosos? Sim, e o Micro-Trio esse ano mostra isso. Se j\u00e1 usava antes bicicletas para gerar energia el\u00e9trica, <a href=\"http:\/\/drmukti.blogspot.com\/2012\/02\/cordas-carnaval-e-musica.html\">o Micro-Trio esse ano teve de recorrer ao crowd-funding (que n\u00e3o deixa de ser uma economia do comum) j\u00e1 que n\u00e3o foi agraciado pelos editais do Estado. E isso \u00e9 sim bem diferente de pagar abad\u00e1<\/a> &#8211; abad\u00e1 \u00e9 da ordem da mais-valia, \u00e9 sobre-lucro; crowd-funding \u00e9 a remunera\u00e7\u00e3o justa de um trabalho coletivo.<\/p>\n<p style=\"text-align: justify;\">&nbsp;<\/p>\n<p style=\"text-align: center;\"><strong>Pipoca de microondas &#8211; uma sa\u00edda de emerg\u00eancia<\/strong><\/p>\n<p style=\"text-align: justify;\">Por que o pomo da disc\u00f3rdia sobre o Carnaval Bahiano, que sempre foi as cordas e abad\u00e1s, agora passou a ser os camarotes? Porque os outros dois suportes do Ax\u00e9-System &#8211; um estado que ao mesmo tempo garantisse o capital com viol\u00eancia mas n\u00e3o o gerisse &#8211; foram superados. Primeiro, com as pol\u00edticas Carnaval Pipoca e Ouro Negro da Secretaria de Cultura do Estado. E nos \u00faltimos dois anos, mesmo parte do capital privado tem preferido sair sem corda alguns dias da semana, nem que seja por estrat\u00e9gia de marketing. Fato \u00e9 que espa\u00e7o e diversidade no ch\u00e3o da rua voltaram.<\/p>\n<p style=\"text-align: justify;\">O terceiro p\u00e9 \u00e9 a privatiza\u00e7\u00e3o do espa\u00e7o, que em parte estava tamb\u00e9m nas cordas e abad\u00e1s, mas agora recai todo sobre os camarotes. Que se fortalecem, no sentido de se adensarem e incharem, e por isso mesmo caem em contradi\u00e7\u00e3o e viram \u00fanico alvo de ataque &#8211; j\u00e1 que as outras quest\u00f5es de alguma forma est\u00e3o sendo resolvidas. N\u00e3o por acaso, o controle sobre espa\u00e7os do camarote \u00e9 o \u00fanico dos tr\u00eas p\u00e9s do Ax\u00e9-System que s\u00f3 a Prefeitura pode resolver, uma vez que se trata de uso do solo.<\/p>\n<p style=\"text-align: justify;\">O paroxismo chegou com os <a href=\"http:\/\/www.facebook.com\/photo.php?fbid=3224021085639&amp;set=p.3224021085639&amp;type=1&amp;theater\" target=\"_blank\">sult\u00f5es do Har\u00e9m propondo-se a fazer uma \u00e1rea de &#8220;pipoca, mas protegida&#8221;. A id\u00e9ia era t\u00e3o rid\u00edcula que eles retiraram do ar, s\u00f3 que a gente copiou e colocou l\u00e1 de novo<\/a>. \u00c9 o tipo de coisa que se desse certo, daria errado: paulistada ia ver como \u00e9 bom estar na rua com o pov\u00e3o, como \u00e9 seguro, e ia deixar de pagar camarote (ao menos nos moldes que hoje s\u00e3o). N\u00e3o rolou, entretanto o espa\u00e7o para isso estava l\u00e1 &#8211; com luzes apagadas e uma placa, obviamente falsa, de &#8220;Sa\u00edda de Emerg\u00eancia&#8221;.<\/p>\n<p style=\"text-align: justify;\">&nbsp;<\/p>\n<p style=\"text-align: center;\"><strong>M\u00fcnchausen ao contr\u00e1rio &#8211; ou corda pra se enforcar<\/strong><\/p>\n<p style=\"text-align: justify;\">De modo que o Ax\u00e9-System est\u00e1 numa areia movedi\u00e7a: tenta se mover pra se salvar, e a\u00ed afunda mais; mas se nada fizer, afunda tamb\u00e9m. \u00c9 como o Bar\u00e3o de Munchausen na met\u00e1fora de Michael Lowy, s\u00f3 que \u00e0s avessas: se este prop\u00f5e se puxar pelos cabelos para sair do atoleiro, o Ax\u00e9z\u00e3o sequer cogita isso.<\/p>\n<p style=\"text-align: justify;\"><a rel=\"attachment wp-att-3547\" href=\"https:\/\/www.ultimobaile.com\/?attachment_id=3547\"><img loading=\"lazy\" decoding=\"async\" class=\"aligncenter size-full wp-image-3547\" title=\"bel-otario\" src=\"https:\/\/www.ultimobaile.com\/wp-content\/uploads\/2012\/02\/bel-otario.jpeg\" alt=\"\" width=\"496\" height=\"554\" srcset=\"https:\/\/www.ultimobaile.com\/wp-content\/uploads\/2012\/02\/bel-otario.jpeg 496w, https:\/\/www.ultimobaile.com\/wp-content\/uploads\/2012\/02\/bel-otario-268x300.jpg 268w\" sizes=\"auto, (max-width: 496px) 100vw, 496px\" \/><\/a><\/p>\n<p style=\"text-align: justify;\">A maior prova disso \u00e9 a declarac\u00e3o de Bell Marques, do Chicret\u00e3o, que saiu sem corda na quinta-feira na avenida de noite e foi tranquil\u00edssimo e seguro. Claro que ele precisa dizer que isso n\u00e3o \u00e9 sustent\u00e1vel: por um lado ele precisa n\u00e3o da paga pelo seu trabalho (o patroc\u00ednio e a propaganda j\u00e1 d\u00e3o conta disso), mas da sobre-paga, da mais-valia que \u00e9 o abad\u00e1; e por outro, se fica claro que n\u00e3o \u00e9 o Chiclete que gera viol\u00eancia, mas a corda, ningu\u00e9m vai querer pagar mais! Primeiro, porque s\u00f3 se paga abad\u00e1 e camarote pra se ter &#8220;seguran\u00e7a&#8221;; segundo que esta tentativa de gerar seguran\u00e7a \u00e9 ela mesma que gera viol\u00eancia e \u00e9 uma viol\u00eancia. O outro nome do Ax\u00e9-System n\u00e3o \u00e9 ind\u00fastria da alegria, ou do beijo, mas do Medo (e novamente estamos de volta a t\u00e1tica de guerra).<\/p>\n<p style=\"text-align: justify;\">Se ele tivesse sa\u00eddo sem corda, e nada tivesse dito, sua imagem estaria menos arranhada&#8230;<\/p>\n<p style=\"text-align: justify;\">&nbsp;<\/p>\n<p style=\"text-align: center;\"><strong>Viadagem des-Mascarada<\/strong><\/p>\n<p style=\"text-align: justify;\">Como nem toda des-territorializa\u00e7\u00e3o \u00e9 ruim, as bichas ficaram desterritorializadas esse ano e isso foi \u00f3timo! O bloco Os Mascarados, que tradiconalmente n\u00e3o era gay mas era muito friendly, h\u00e1 6 anos, e ainda com Margareth Menezes a frente, resolveu inovar: sair com corda, mas de gra\u00e7a. Numa \u00e9poca em que sequer havia pol\u00edtica p\u00fablica para Carnaval Pipoca, isso foi um marco. Contudo, de l\u00e1 pra c\u00e1 isso se deteriorou: Margareth saiu, e a qualidade musical ficou um desastre; a corda apertada demais e sem sentido quando mesmo o Axez\u00e3o passa a sair sem corda.<\/p>\n<p style=\"text-align: justify;\">Resultado, est\u00e1 insuport\u00e1vel. Idem para Daniela Mercury que no seu trio sem corda t\u00e1 atraindo uma viol\u00eancia de troca-murro t\u00edpica do Chicret\u00e3o de uns tempos atr\u00e1s (e que apesar de <a href=\"http:\/\/terramagazine.terra.com.br\/interna\/0,,OI5615895-EI6581,00-Caetano+e+Gil+sao+do+passado+diz+Daniela+Mercury.html\" target=\"_blank\">n\u00e3o ter participado tanto assim do Ax\u00e9-System, e t\u00ea-lo combatido anteriormente<\/a>, agora <a href=\"http:\/\/terramagazine.terra.com.br\/interna\/0,,OI5619858-EI6581,00-Daniela+rebate+fofocas+mas+professor+Miguez+confirma+Ela+disse+aquilo+e+mais.html\" target=\"_blank\">passou a defend\u00ea-lo<\/a>), e o Crocodilo s\u00f3 d\u00e1 viado fazendo car\u00e3o. Resultado? Passa a ter paquera gay mais acirrada mesmo na pipoca de Armandinho Macedo e no Retrofoguetes; blocos da Avenida ficam mais friendly, como o Cheiro de Amor, e mesmo na Barra, o Bicho de Ricardo Chaves. No limite, passa-se a ver Filhos de Gandhy beijando homens (\u00e9 um bloco marcadamente hetero mas, pacificista e yorub\u00e1, profundamente tolerante) mesmo em locais elitistas e hom\u00f3fobos como Ondina &#8211; <a href=\"http:\/\/www.facebook.com\/photo.php?fbid=1882643362205&amp;set=a.1279110554262.31288.1724993385&amp;type=1&amp;theater\" target=\"_blank\">como nesta foto, um achado semiol\u00f3gico \u00edmpar, que mostra como a quest\u00e3o est\u00e1 sendo encarada com naturalidade<\/a>.<\/p>\n<p style=\"text-align: center;\"><strong><br \/>\n<\/strong><\/p>\n<p style=\"text-align: center;\"><strong>Albinismos partid\u00e1rios<\/strong><\/p>\n<p style=\"text-align: justify;\">O Secret\u00e1rio boi-de-coice n\u00e3o deixou por menos neste carnaval. Depois de ter usado a assessoria de comunica\u00e7\u00e3o da Secretaria de Cultura do Estado para divulgar livro seu publicado pelo PT (como se a SECULT fosse org\u00e3o de partido e n\u00e3o de governo) ano passado, esse ano se ocupou de dar nota de pr\u00e9-candidato a prefeito, tamb\u00e9m do PT, saindo o Gandhy. E mais:<a href=\"http:\/\/www.correio24horas.com.br\/noticias\/detalhes\/detalhes-1\/artigo\/responsavel-por-edital-de-concurso-da-secult-que-favorecia-militantes-e-exonerado\/\" target=\"_blank\"> lan\u00e7a edital que pontuava, para sele\u00e7\u00e3o de cargo p\u00fablico, quem tivesse hist\u00f3rico de milit\u00e2ncia partid\u00e1ria ou sindical<\/a>.<\/p>\n<p style=\"text-align: justify;\">Os que diziam que Marcio Meirelles ideologizava a m\u00e1quina agora podem reclamar de barriga cheia: Albino Canelas Rubim o faz sem maiores pruridos. Deixei de apoi\u00e1-lo por isso? N\u00e3o, porque ele \u00e9 a continuidade da Reforma Cultural por outras vias. Mas se Marcio era boi-de-camb\u00e3o e precisava de freios, Albino \u00e9 boi-de-coice e se n\u00e3o apanhar n\u00e3o anda. Batam sem piedade!<\/p>\n<p style=\"text-align: justify;\">At\u00e9 porque, acad\u00eamico encastelado que antes sequer frequentava o TCA (Paulo Gaudenzi, eterno secretario da semi-pasta sob o Carlismo, ao menos frequentava) e que j\u00e1 cometeu gafe de ir ao Museu de Arte Moderna numa apresenta\u00e7\u00e3o da Sinf\u00f4nica do Estado e n\u00e3o avisar ao maestro que ele estava na plateia (fui eu que avisei e apresentei quem era, de longe) &#8211; Albino n\u00e3o tem a sutileza das necessidades da cultura real. Pra ele, <a href=\"https:\/\/www.ultimobaile.com\/?p=2490\" target=\"_blank\">caf\u00e9s e bistr\u00f4s em museus deve ser uma perfumaria<\/a>. E se ele retomou os trios do Programa Carnaval Pipoca foi colocando pra sair meia-noite na avenida &#8211; chega na Castro Alves 3h da manh\u00e3 pras pombas de S\u00e3o Bento verem, n\u00e9 mermo?<\/p>\n<p style=\"text-align: justify;\">&#8220;Ah, mas ele n\u00e3o tem como saber disso&#8221;. Qualquer moleque de Periperi que pegue pipoca sabe disso: hor\u00e1rio nobre na Avenida \u00e9 de tarde ou de noitinha; na Barra \u00e9 de noite ou madrugada. Marcio Meirelles sabia disso e peitava a Prefeitura para que os trios licitados pelo Estado saissem em hor\u00e1rio digno. Albino sequer enxerga que, agindo assim na base do &#8220;qualquer hor\u00e1rio serve&#8221;, est\u00e1 \u00e9 jogando dinheiro (meu, seu, nosso) fora.<\/p>\n","protected":false},"excerpt":{"rendered":"<p>\u00c9 not\u00e1vel que raro se note que o vocabul\u00e1rio e a gram\u00e1tica do Carnaval sejam os mesmos da Guerra: batalha de confete e serpentina, fazer da casa um bunker, estocagem de alimento e bebida, grito de carnaval como grito de guerra; estabelecimento de territ\u00f3rio, rotas incomuns, ocupa\u00e7\u00e3o da rua. Se [&hellip;]<\/p>\n","protected":false},"author":2,"featured_media":0,"comment_status":"closed","ping_status":"open","sticky":false,"template":"","format":"standard","meta":{"footnotes":""},"categories":[938,11,919,933,9],"tags":[1733,1593,1619,20,1730,1729,66,1731,1732,1728,518,15,1727],"class_list":["post-3539","post","type-post","status-publish","format-standard","hentry","category-bailes","category-01beber","category-01flanar","category-o-retorno-da-cancao","category-01viver","tag-abada","tag-albino-rubim","tag-axe-system","tag-bahia","tag-bell-marques","tag-camarote","tag-carnaval","tag-chiclete-com-banana","tag-chicretao","tag-corda","tag-rio-de-janeiro","tag-salvador","tag-sambodromo"],"_links":{"self":[{"href":"https:\/\/www.ultimobaile.com\/index.php?rest_route=\/wp\/v2\/posts\/3539","targetHints":{"allow":["GET"]}}],"collection":[{"href":"https:\/\/www.ultimobaile.com\/index.php?rest_route=\/wp\/v2\/posts"}],"about":[{"href":"https:\/\/www.ultimobaile.com\/index.php?rest_route=\/wp\/v2\/types\/post"}],"author":[{"embeddable":true,"href":"https:\/\/www.ultimobaile.com\/index.php?rest_route=\/wp\/v2\/users\/2"}],"replies":[{"embeddable":true,"href":"https:\/\/www.ultimobaile.com\/index.php?rest_route=%2Fwp%2Fv2%2Fcomments&post=3539"}],"version-history":[{"count":29,"href":"https:\/\/www.ultimobaile.com\/index.php?rest_route=\/wp\/v2\/posts\/3539\/revisions"}],"predecessor-version":[{"id":3570,"href":"https:\/\/www.ultimobaile.com\/index.php?rest_route=\/wp\/v2\/posts\/3539\/revisions\/3570"}],"wp:attachment":[{"href":"https:\/\/www.ultimobaile.com\/index.php?rest_route=%2Fwp%2Fv2%2Fmedia&parent=3539"}],"wp:term":[{"taxonomy":"category","embeddable":true,"href":"https:\/\/www.ultimobaile.com\/index.php?rest_route=%2Fwp%2Fv2%2Fcategories&post=3539"},{"taxonomy":"post_tag","embeddable":true,"href":"https:\/\/www.ultimobaile.com\/index.php?rest_route=%2Fwp%2Fv2%2Ftags&post=3539"}],"curies":[{"name":"wp","href":"https:\/\/api.w.org\/{rel}","templated":true}]}}