{"id":3528,"date":"2012-02-05T12:34:59","date_gmt":"2012-02-05T15:34:59","guid":{"rendered":"http:\/\/www.ultimobaile.com\/?p=3528"},"modified":"2025-12-24T13:02:54","modified_gmt":"2025-12-24T16:02:54","slug":"notas-sobre-uma-greve-imaginaria","status":"publish","type":"post","link":"https:\/\/www.ultimobaile.com\/?p=3528","title":{"rendered":"Notas sobre uma Greve Imagin\u00e1ria"},"content":{"rendered":"<p style=\"text-align: justify;\">Primeiro, aos princ\u00edpios: n\u00e3o houve greve da Pol\u00edcia Militar da Bahia nestes \u00faltimos dias. Diversas entidades de classe, e o alto comando, garantiram isso &#8211; e n\u00e3o \u00e9 mera conversinha: em nenhum destes \u00faltimos dias deixei de ver e conversar com soldados da PM trabalhando normalmente nas ruas, todos afirmando isso n\u00e3o sem enfado. O que houve foi que, dos mais de 30mil servidores militares do estado, pouco mais de 2mil sequer se aquartelaram &#8211; antes, foram \u00e0s ruas espalhar boatos e p\u00e2nico material (por exemplo, sequestrando \u00f4nibus). Da\u00ed surge a mitologia teol\u00f3gica ao ponto de gente bastante cr\u00edtica e reflexiva, na Festa de Yemanj\u00e1, me falar apreensivo sobre a &#8220;greve da PM&#8221;, estando do lado de um posto da PM em devido funcionamento.<\/p>\n<p style=\"text-align: justify;\">Quer dizer, esta n\u00e3o-greve teve efeitos meramente Imagin\u00e1rio, embora com consequ\u00eancias bem Reais. H\u00e1 quem argumente que a prova de que houve greve da PM \u00e9 que houve arrast\u00f5es e saques &#8211; \u00f3bvio: se as pessoas acreditaram que a PM estava em greve mesmo enquanto viam PMs trabalhando, agiriam desta forma. Ademais, os 2mil amotinados sequestraram \u00f4nibus e metralharam ag\u00eancias banc\u00e1rias, sob o comando do <a href=\"http:\/\/www.ibahia.com\/detalhe\/noticia\/saiba-quem-e-marco-prisco-o-principal-lider-da-greve-da-pm-na-bahia\/\" target=\"_blank\">evang\u00e9lico e claramente portador de transtorno mental severo Marco Prisco &#8211; que j\u00e1 responde a crimes, inclusive de falsidade ideol\u00f3gica, em mais de um estado da federa\u00e7\u00e3o<\/a>.<\/p>\n<p style=\"text-align: justify;\">&nbsp;<\/p>\n<div id=\"attachment_3530\" style=\"width: 710px\" class=\"wp-caption aligncenter\"><a rel=\"attachment wp-att-3530\" href=\"https:\/\/www.ultimobaile.com\/?attachment_id=3530\"><img loading=\"lazy\" decoding=\"async\" aria-describedby=\"caption-attachment-3530\" class=\"size-full wp-image-3530\" title=\"PM\" src=\"https:\/\/www.ultimobaile.com\/wp-content\/uploads\/2012\/02\/PM.jpg\" alt=\"\" width=\"700\" height=\"451\" srcset=\"https:\/\/www.ultimobaile.com\/wp-content\/uploads\/2012\/02\/PM.jpg 700w, https:\/\/www.ultimobaile.com\/wp-content\/uploads\/2012\/02\/PM-300x193.jpg 300w\" sizes=\"auto, (max-width: 700px) 100vw, 700px\" \/><\/a><p id=\"caption-attachment-3530\" class=\"wp-caption-text\">Uma imagem do motim (greve isso n\u00e3o \u00e9).<\/p><\/div>\n<p style=\"text-align: justify;\">N\u00e3o faltou quem da esquerda anti-PTista tomasse a defesa da Pol\u00edcia Militar, comparando a situa\u00e7\u00e3o atual com a de 2001, sob o des-governo C\u00e9sar Borges. Nada mais falso: naquele momento, a PM j\u00e1 vinha desmoralizada pela invas\u00e3o do campus da UFBA e ataque a estudantes que protestavam pela cassa\u00e7\u00e3o de ACM; na greve de 2001 foi greve mesmo, com ades\u00e3o maci\u00e7a da corpora\u00e7\u00e3o, ampla negocia\u00e7\u00e3o e aviso pr\u00e9vios, e sem perpetra\u00e7\u00e3o de crimes e barb\u00e1ries (embora tenha havido sim saques e arrast\u00f5es por falta de policiamento). Houve ainda certo PSOLismo dizendo que o PTismo \u00e9 contra o Governo no caso de Pinheirinho, mas a favor no caso da Bahia &#8211; um entortamento de leitura bem conveniente: em ambos os casos eu pelo menos (n\u00e3o falo em nome dos outros, minha m\u00e3e me deu bons-modos) me coloco contra qualquer trucul\u00eancia policial-militar; se em S\u00e3o Paulo essa trucul\u00eancia alvejou civis em favor do governo, e aqui alvejou civis por estar a PM contra o governo, pouco se me d\u00e1. Ali\u00e1s, tanto peior: Governo aqui foi t\u00e3o ref\u00e9m quanto a sociedade &#8211; at\u00e9 porque nunca lhe foi dado a possibilidade de negociar.<\/p>\n<p style=\"text-align: justify;\">Mais aqu\u00e9m, isso nos revela outras quest\u00f5es. Primeiro que se o efeito da aus\u00eancia de policiamento \u00e9 imagin\u00e1rio (mesmo havendo pol\u00edcia, se cr\u00ea que n\u00e3o h\u00e1), o efeito do policiamento tamb\u00e9m o \u00e9: s\u00f3 n\u00e3o h\u00e1 saques e arrast\u00f5es no dia a dia porque as pessoas acreditam que n\u00e3o podem haver, acreditam estarem protegidas. \u00c9 uma mistifica\u00e7\u00e3o, como a exist\u00eancia de um Deus transcendente (os imanentes me interessam). Segundo \u00e9 o absurdo de haver uma pol\u00edcia com poder militar sobre popula\u00e7\u00e3o civil durante democracia &#8211; um estado de exce\u00e7\u00e3o como miasma dentro do estado de direito. Algu\u00e9m vai levantar o complexo de vira-lata: &#8220;pol\u00edcia \u00fanica com baixo armamento d\u00e1 certo na Inglaterra, que \u00e9 pa\u00eds rico e equ\u00e2nime&#8221; &#8211; por um acaso M\u00e9xico, \u00cdndia, \u00c1frica do Sul, se tornaram tamb\u00e9m pa\u00edses mais ricos e mais equ\u00e2nimes que o nosso? Desde quando ter mais viol\u00eancia traz menos viol\u00eancia, e mais discrep\u00e2ncia de for\u00e7a internamente a rela\u00e7\u00e3o sociedade-Estado gera mais distribui\u00e7\u00e3o de renda e riqueza?<\/p>\n<p style=\"text-align: justify;\">Breve arqueologia das Pol\u00edcias Militares: surgiram no meio do Per\u00edodo Regencial, quando o Governo transferiu seu poder de estado para latifundi\u00e1rios privados (da\u00ed os &#8220;Coron\u00e9is&#8221; do romance-de-decad\u00eancia do neo-realismo de 1930) de modo a controlar as revoltas separatistas de ent\u00e3o, e uma vez que o Governo central endividado com indeniza\u00e7\u00e3o da Independ\u00eancia, n\u00e3o conseguia manter tantas frentes de batalha. Em ao menos um caso a PM (que n\u00e3o tinha esse nome), se voltou contra o governo central e deu rebote: na Farroupilha. Com o 2\u00ba Imp\u00e9rio se tentou extingui-la atrav\u00e9s do fortalecimento da Marinha e do Ex\u00e9rcito, o que n\u00e3o foi poss\u00edvel porque adveio a Guerra do Paraguai e depois as demandas federalistas das prov\u00edncias. Vem o Golpe Militar de 1889 (mal-dita Proclama\u00e7\u00e3o da des-dita Rep\u00fablica), e se fortalece a PM de novo que est\u00e1 a frente de outras tr\u00eas guerras de secess\u00e3o: a Revolta Federalista dos 1890 no Rio Grande do Sul; a Mineira de Arthur Bernardes em 1922 e a Constitucionalista de S\u00e3o Paulo em 1932. Posteriormente, ganha for\u00e7a no regime militar de 1964 (o que garante o diferente ritmo de cada estado entrar na ditadura: a Bahia, por exemplo foi dos \u00faltimos a entrar mas tamb\u00e9m o \u00faltimo a sair). Note que, pelo meio do caminho, as Pol\u00edcias Militares foram cruciais nos massacres de Contestado e Canudos (Belo Monte \u00e9 teu nome fe\u00e9rico).<\/p>\n<p style=\"text-align: justify;\">O que nos leva a situa\u00e7\u00e3o de ilegalidade da n\u00e3o-greve atual, mesmo que greve fosse (e portanto mesmo a de 2001): militares n\u00e3o podem fazer greve. Mas fazem; ou pior: em lugar de fazer, fazem motins. Foi assim com os controladores de v\u00f4o um punhado de anos atr\u00e1s. E isso tamb\u00e9m significa que se a PM pode ser usada pelos Governos para gerir a Exce\u00e7\u00e3o, podem se voltar contra Governos e submeterem estes a condi\u00e7\u00e3o de ref\u00e9ns. Da\u00ed que seria vantajoso para os pr\u00f3prios policiais militares se desmilitarizarem e buscarem uma pol\u00edcia \u00fanica: fardada mas civil, e portanto com direito a greve similar a dos servidores de sa\u00fade por exemplo.<\/p>\n<p style=\"text-align: justify;\">De toda sorte, o Governo da Bahia a princ\u00edpio n\u00e3o reagiu com Ind\u00fastria do Medo. Mesmo quando chamou a For\u00e7a Nacional, o Secret\u00e1rio de Seguran\u00e7a Maur\u00edcio Barbosa afirmou que o fazia para aumentar a sensa\u00e7\u00e3o de seguran\u00e7a &#8211; uma vez que a seguran\u00e7a ela mesma estava mantida, j\u00e1 que a PM continuava largamente em atividade normal. At\u00e9 a sexta-feira, quando a Secretaria de Cultura desativou todas as suas atividades permanentes e tempor\u00e1rias (mais de 20 ao todo), como se esvaziar as ruas as tornassem mais seguras. Resultado: nenhum museu aberto, nenhum show no Pel\u00f4 seja de Ax\u00e9 ou anti-Ax\u00e9 &#8211; contudo encontro de 3 mil crentes com palco e tudo mais na Pra\u00e7a Castro Alves teve; botecos de pov\u00e3o aberto idem, e os restaurantes mais caros do estado funcionaram normalmente para a elite endinheirada (o Chez Bernard, lembrem, fica a 40 segundos a p\u00e9 de minha humilde resid\u00eancia&#8230;).<\/p>\n<p style=\"text-align: justify;\">Moraes Moreira ontem inclusive se negou a cair no Discurso do P\u00e2nico e fez seu grito de carnaval no Largo Dois de Julho, clube Fantachoes da Eutherpe &#8211; e transformou cada hino de carnaval e dos Novos Baianos em libelo contra o Terror: &#8220;Besta \u00e9 tu: por que n\u00e3o viver este mundo, se n\u00e3o h\u00e1 outro mundo?&#8221;. Afinal, nos diz o BaianaSystem, o carnaval quem faz n\u00e3o \u00e9 a PM &#8211; e sim o foli\u00e3o pipoca. E afinal, <a href=\"http:\/\/www.descurvo.blogspot.com\/2012\/02\/mapa-da-violencia-brasileira-e-doutrina.html\" target=\"_blank\">quem disse que mais pol\u00edcia \u00e9 mais seguran\u00e7a, quando tudo indica o contr\u00e1rio? <\/a><\/p>\n<p style=\"text-align: justify;\">De todo esse terror infantil\u00f3ide, s\u00f3 uma coisa me irrita de fato: mesmo gente da Reforma Cultural, que vibra com as pol\u00edticas de Carnaval Pipoca, se encastelou tremendo de pavor. Luciano Matos cancelou sua festa Bolha com o argumento de que n\u00e3o saberia como seu p\u00fablico chegaria e iria embora. Ora, ele n\u00e3o sabe nunca, e nem deve saber, n\u00e3o \u00e9 da conta dele. Ou ele agora vai virar um paternalista tutelar da mobilidade alheia?<\/p>\n<p style=\"text-align: justify;\">O que revela que a Reforma Cultural Baiana bateu num teto: ela avan\u00e7ou com e atrav\u00e9s do Estado at\u00e9 aqui, mas n\u00e3o tem mais para onde ir sen\u00e3o rompendo com o Estado. \u00c9 coisa que Marcio Meirelles de alguma forma notou, agora que ex-secret\u00e1rio tem se engajado nas lutas do comum como o Desocupa Salvador. Essa galerinha que diz que quer um carnaval sem cordas \u00e9 borra-botas ao ponto de que jamais enfrentaria as cordas no corpo e na ra\u00e7a, como eu sempre enfrentei, disputando espa\u00e7o no murro da pipoca da Timbalada no auge do Carlo-Axezismo. Uma classe m\u00e9dia de esquerda universit\u00e1ria que n\u00e3o deixa de ser classe m\u00e9dia, e que se quer trio sem corda \u00e9 tamb\u00e9m trio sem pobre e sem preto, como se cordas tivesse; que n\u00e3o conjuga direito a cultura com direito a cidade, e se contenta com a festinha de rock&#8217;n roll no playground da vov\u00f3 (ao fim, a Bolha n\u00e3o passa disso).<\/p>\n<p style=\"text-align: justify;\">Se em lugar de<a href=\"https:\/\/www.ultimobaile.com\/?p=2239\" target=\"_blank\"> Revolu\u00e7\u00e3o eu preferia o termo Reforma<\/a>, eu agora quero outra coisa: que venha a subvers\u00e3o cultural &#8211; n\u00f3s subvertendo a cultura, a cultura nos subvertendo. Menos do que isso \u00e9 pau-no-cuzice, e eu n\u00e3o sou de me aputar.<\/p>\n","protected":false},"excerpt":{"rendered":"<p>Primeiro, aos princ\u00edpios: n\u00e3o houve greve da Pol\u00edcia Militar da Bahia nestes \u00faltimos dias. Diversas entidades de classe, e o alto comando, garantiram isso &#8211; e n\u00e3o \u00e9 mera conversinha: em nenhum destes \u00faltimos dias deixei de ver e conversar com soldados da PM trabalhando normalmente nas ruas, todos afirmando [&hellip;]<\/p>\n","protected":false},"author":2,"featured_media":0,"comment_status":"closed","ping_status":"open","sticky":false,"template":"","format":"standard","meta":{"footnotes":""},"categories":[919,9],"tags":[20,924,923,529],"class_list":["post-3528","post","type-post","status-publish","format-standard","hentry","category-01flanar","category-01viver","tag-bahia","tag-greve","tag-pm","tag-policia-militar"],"_links":{"self":[{"href":"https:\/\/www.ultimobaile.com\/index.php?rest_route=\/wp\/v2\/posts\/3528","targetHints":{"allow":["GET"]}}],"collection":[{"href":"https:\/\/www.ultimobaile.com\/index.php?rest_route=\/wp\/v2\/posts"}],"about":[{"href":"https:\/\/www.ultimobaile.com\/index.php?rest_route=\/wp\/v2\/types\/post"}],"author":[{"embeddable":true,"href":"https:\/\/www.ultimobaile.com\/index.php?rest_route=\/wp\/v2\/users\/2"}],"replies":[{"embeddable":true,"href":"https:\/\/www.ultimobaile.com\/index.php?rest_route=%2Fwp%2Fv2%2Fcomments&post=3528"}],"version-history":[{"count":8,"href":"https:\/\/www.ultimobaile.com\/index.php?rest_route=\/wp\/v2\/posts\/3528\/revisions"}],"predecessor-version":[{"id":3537,"href":"https:\/\/www.ultimobaile.com\/index.php?rest_route=\/wp\/v2\/posts\/3528\/revisions\/3537"}],"wp:attachment":[{"href":"https:\/\/www.ultimobaile.com\/index.php?rest_route=%2Fwp%2Fv2%2Fmedia&parent=3528"}],"wp:term":[{"taxonomy":"category","embeddable":true,"href":"https:\/\/www.ultimobaile.com\/index.php?rest_route=%2Fwp%2Fv2%2Fcategories&post=3528"},{"taxonomy":"post_tag","embeddable":true,"href":"https:\/\/www.ultimobaile.com\/index.php?rest_route=%2Fwp%2Fv2%2Ftags&post=3528"}],"curies":[{"name":"wp","href":"https:\/\/api.w.org\/{rel}","templated":true}]}}