{"id":352,"date":"2008-10-06T20:48:53","date_gmt":"2008-10-06T23:48:53","guid":{"rendered":"http:\/\/www.ultimobaile.com\/?p=352"},"modified":"2025-12-24T13:03:56","modified_gmt":"2025-12-24T16:03:56","slug":"mozart-nas-igrejas","status":"publish","type":"post","link":"https:\/\/www.ultimobaile.com\/?p=352","title":{"rendered":"Mozart nas Igrejas"},"content":{"rendered":"<p style=\"text-align: justify;\">Fui na segunda exibi\u00e7\u00e3o deste novo e brilhante programa da Secretaria de Cultura do Estado da Bahia. Foi na Igreja do Carmo, em 24 de julho \u00faltimo, e n\u00e3o imaginava estar t\u00e3o bom. Chega me arrependo de n\u00e3o ter ido m\u00eas passado, que foi na Casa Pia dos Orf\u00e3os de S\u00e3o Joaquim (na Jequitaia, Cidade Baixa).<\/p>\n<p style=\"text-align: justify;\">O projeto \u00e9 basicamente uma s\u00e9rie de apresenta\u00e7\u00f5es de obras de Mozart, pela Orquestra Sinf\u00f4nica da Bahia (OSBA), de dois em dois meses, em diversas igrejas hist\u00f3ricas desta que \u00e9 a mais antiga cidade do continente americano: S\u00e3o Salvador da Bahia de Todos os Santos. O projeto \u00e9 muito semelhante a outro, realizado final do ano passado, pelo <a href=\"http:\/\/www.barroconabahia.com.br\/\" target=\"_blank\">Coral Barroco na Bahia<\/a> (que sempre monta ao menos uma \u00f3pera por ano, com solistas internacionais, no <a href=\"http:\/\/gremioimortal1903.files.wordpress.com\/2008\/03\/teatro_castro_alves.jpg\" target=\"_blank\">Teatro Castro Alves<\/a>, essa obra-prima da arquitetura modernista brasileira na Bahia por Bina Fenyat e Di\u00f3genes Rebou\u00e7as): o <em>I Festival de M\u00fasica Sacra da Bahia<\/em>, no qual a cada m\u00eas se apresentava um cl\u00e1ssico da m\u00fasica erudita religiosa na Catedral Bas\u00edlica de Salvador (Igreja dos Jesuitas). O repert\u00f3rio abriu com uma extasiante vers\u00e3o para <em>Gl\u00f3ria<\/em>, de Vivaldi, cujas fugas musicais encaixavam com perfei\u00e7\u00e3o ao maneirismo mastod\u00f4ntico (o p\u00e9-direito tem f\u00e1cil mais de 7m de altura) da Catedral. Depois seguiu com Bach, Scarlatti, e terminou com o <em>R\u00e9quiem<\/em> de Mozart.<\/p>\n<p style=\"text-align: justify;\">O <em>Mozart nas Igrejas<\/em> est\u00e1 musicalmente melhor. Primeiro que <a href=\"http:\/\/www.ricardocastro.com\/\" target=\"_blank\">Ricardo Castro<\/a> a frente da OSBA n\u00e3o \u00e9 apenas <a href=\"http:\/\/neojiba.blogspot.com\/\" target=\"_blank\">Neojib\u00e1<\/a>, Arthur Moreira Lima rodando o sert\u00e3oz\u00e3o de Irec\u00ea, etc. \u00c9 tamb\u00e9m novas sele\u00e7\u00f5es p\u00fablicas para m\u00fasicos da OSBA, o que n\u00e3o ocorria h\u00e1 quase d\u00e9cada; \u00e9 permitir que estes m\u00fasicos tenham dois vinculos p\u00fablicos, j\u00e1 que muitos estavam na Sinf\u00f4nica da UFBA (federal, portanto) como t\u00e9cnicos ou como professores.<\/p>\n<p style=\"text-align: justify;\">O resultado \u00e9 que as madeiras e os metais da OSBA n\u00e3o est\u00e3o mais problem\u00e1ticas; os sopros em geral est\u00e3o potentes; os t\u00edmpanos mais alinhados e discretos. Ela caminha para deixar de ser aquela banda de chupa-catarro de cidade de interior grande como parecia nos \u00faltimos anos, e vai se tornando uma orquesta de envergadura continental (paci\u00eancia: mundial mesmo s\u00f3 a OSESP: Sinf\u00f4nicas custam muito caro!).<\/p>\n<p style=\"text-align: justify;\">\n<p style=\"text-align: justify;\"><strong>As pr\u00f3ximas exibi\u00e7\u00f5es ser\u00e3o:<\/strong><\/p>\n<p style=\"text-align: justify;\">08 de outubro &#8211; Igreja de Nossa Senhora da <a href=\"http:\/\/www.geocities.com\/carlaoliveira.geo\/19conceicao.jpg\" target=\"_blank\">Concei\u00e7\u00e3o da Praia<\/a>, que tem o mais belo interior eclesi\u00e1stico do Brasil, com teto ilusionista de <a href=\"http:\/\/pt.wikipedia.org\/wiki\/Jos\u00e9_Joaquim_da_Rocha\" target=\"_blank\">Jos\u00e9 Joaquim da Rocha<\/a><\/p>\n<p style=\"text-align: justify;\">05 de novembro &#8211; Igreja de <a href=\"http:\/\/lh3.ggpht.com\/_Jt_HzAyc--8\/Rst_9_bc8oI\/AAAAAAAABR0\/yQb9dOxZZIo\/Igreja+de+S\u00e3o+Francisco+5.jpg\" target=\"_blank\">S\u00e3o Francisco de Assis<\/a>, <a href=\"http:\/\/img.olhares.com\/data\/big\/101\/1014868.jpg\" target=\"_blank\">ordem primeira<\/a>, cujo <a href=\"http:\/\/lh4.ggpht.com\/_Nis64bz5BEU\/SGE6vJZOP4I\/AAAAAAAACUU\/1SJoLwVd6cM\/182.jpg\" target=\"_blank\">interior \u00e9 completamente forrado a ouro<\/a><\/p>\n<p>03 de dezembro &#8211; Catedral Bas\u00edlica \/ Igreja dos Jesuitas.<\/p>\n<p style=\"text-align: justify;\">A programa\u00e7\u00e3o \u00e9 diferente a cada vez, e s\u00f3 divulgada no dia. Mas, \u00e9 Mozart!, e isso basta&#8230;<\/p>\n","protected":false},"excerpt":{"rendered":"<p>Fui na segunda exibi\u00e7\u00e3o deste novo e brilhante programa da Secretaria de Cultura do Estado da Bahia. Foi na Igreja do Carmo, em 24 de julho \u00faltimo, e n\u00e3o imaginava estar t\u00e3o bom. Chega me arrependo de n\u00e3o ter ido m\u00eas passado, que foi na Casa Pia dos Orf\u00e3os de [&hellip;]<\/p>\n","protected":false},"author":2,"featured_media":0,"comment_status":"closed","ping_status":"open","sticky":false,"template":"","format":"standard","meta":{"footnotes":""},"categories":[12,9],"tags":[20,164,163,158,159,160,161,162,15],"class_list":["post-352","post","type-post","status-publish","format-standard","hentry","category-01ver","category-01viver","tag-bahia","tag-barroco","tag-igrejas","tag-mozart","tag-musica-classica","tag-musica-erudita","tag-orquestra-sinfonica-da-bahia","tag-osba","tag-salvador"],"_links":{"self":[{"href":"https:\/\/www.ultimobaile.com\/index.php?rest_route=\/wp\/v2\/posts\/352","targetHints":{"allow":["GET"]}}],"collection":[{"href":"https:\/\/www.ultimobaile.com\/index.php?rest_route=\/wp\/v2\/posts"}],"about":[{"href":"https:\/\/www.ultimobaile.com\/index.php?rest_route=\/wp\/v2\/types\/post"}],"author":[{"embeddable":true,"href":"https:\/\/www.ultimobaile.com\/index.php?rest_route=\/wp\/v2\/users\/2"}],"replies":[{"embeddable":true,"href":"https:\/\/www.ultimobaile.com\/index.php?rest_route=%2Fwp%2Fv2%2Fcomments&post=352"}],"version-history":[{"count":13,"href":"https:\/\/www.ultimobaile.com\/index.php?rest_route=\/wp\/v2\/posts\/352\/revisions"}],"predecessor-version":[{"id":4492,"href":"https:\/\/www.ultimobaile.com\/index.php?rest_route=\/wp\/v2\/posts\/352\/revisions\/4492"}],"wp:attachment":[{"href":"https:\/\/www.ultimobaile.com\/index.php?rest_route=%2Fwp%2Fv2%2Fmedia&parent=352"}],"wp:term":[{"taxonomy":"category","embeddable":true,"href":"https:\/\/www.ultimobaile.com\/index.php?rest_route=%2Fwp%2Fv2%2Fcategories&post=352"},{"taxonomy":"post_tag","embeddable":true,"href":"https:\/\/www.ultimobaile.com\/index.php?rest_route=%2Fwp%2Fv2%2Ftags&post=352"}],"curies":[{"name":"wp","href":"https:\/\/api.w.org\/{rel}","templated":true}]}}