{"id":3377,"date":"2011-10-29T19:59:47","date_gmt":"2011-10-29T22:59:47","guid":{"rendered":"http:\/\/www.ultimobaile.com\/?p=3377"},"modified":"2025-12-24T13:02:55","modified_gmt":"2025-12-24T16:02:55","slug":"sub-aninhafranco","status":"publish","type":"post","link":"https:\/\/www.ultimobaile.com\/?p=3377","title":{"rendered":"sub-AninhaFranco"},"content":{"rendered":"<p style=\"text-align: right;\"><em>&#8220;S\u00f3 haver\u00e1 liberdade quando o \u00faltimo jornalista for enforcado nas correias do \u00faltimo autom\u00f3vel&#8221;<\/em><\/p>\n<p style=\"text-align: right;\"><strong><em><a href=\"http:\/\/www.quadradodosloucos.com.br\/2019\/sobre-fim-dos-jornalistas-na-acampada\/\" target=\"_blank\">Ap\u00f3crifo atribu\u00eddo ao esp\u00edrito desencarnado de Diderot<\/a><\/em><\/strong><\/p>\n<p style=\"text-align: justify;\">&nbsp;<\/p>\n<p style=\"text-align: justify;\">O <strong>Secret\u00e1rio de Cultura do Estado da Bahia, Albino Rubim<\/strong>, deu entrevista na <strong><a href=\"http:\/\/revistamuito.atarde.com.br\/\" target=\"_blank\">Revista Muito<\/a><\/strong> (Ruim ou Pouco?), do tabl\u00f3ide em formato alma\u00e7o J\u00e1 Vai Tarde (ou Algu\u00e9m Venda a Baga\u00e7a) &#8211; entrevista que seria excelente, se o entrevistador, o Des-Jornalista Ronaldo Jacobina, n\u00e3o tivesse se portado como um meliante infra-l\u00fampen. As perguntas variavam entre o desinformado e o c\u00ednico mau-car\u00e1ter, em geral tentando provar uma fantasia masturbat\u00f3ria da direita cultural bahiana (que chamamos de carlismo-fashion): de que a gest\u00e3o de Albino Rubim seria uma ruptura com a gest\u00e3o de M\u00e1rcio Meirelles &#8211; isto \u00e9: que se faria marcha-a-r\u00e9 na Reforma Cultural em que a Bahia finalmente entrou, com 20 anos de atraso em rela\u00e7\u00e3o a Pernambuco e quase 10 em rela\u00e7\u00e3o ao resto do pa\u00eds (apesar do ministro grau-zero deste processo ter sido bahiano: Gilberto Gil). Como se Albino Rubim, ex-Presidente do Conselho Estadual de Cultura, fosse uma Ana Bruaca de Hollanda &#8211; aquela ministra que n\u00e3o sabe o que \u00e9 o IPHAN (algu\u00e9m toleraria um Ministro da Sa\u00fade que n\u00e3o soubesse o que \u00e9 FioCruz?) e que n\u00e3o cai porque sequer sabe roubar. Como se Albino n\u00e3o tivesse afirmado justo o contr\u00e1rio (isto \u00e9: que sua gest\u00e3o \u00e9 uma continuidade e um aprimoramento da gest\u00e3o de M\u00e1rcio Meirelles), desde sempre, ad nauseam, inclusive nesta mesma entrevista.<\/p>\n<p style=\"text-align: justify;\">Albino por outro lado se sai, <a href=\"https:\/\/www.ultimobaile.com\/?p=3050\" target=\"_blank\">como sempre (e tamb\u00e9m n\u00e3o \u00e9 a primeira vez que mandam um jornalista despreparado entrevist\u00e1-lo)<\/a>, eximiamente: sem confronto, torna as perguntas ris\u00edveis. Um exemplo que guardo de mem\u00f3ria desta entrevista:<\/p>\n<blockquote>\n<p style=\"text-align: justify;\"><strong>Dizem que voc\u00ea foi o verdadeiro formulador das pol\u00edticas da gest\u00e3o de M\u00e1rcio (sic!).<\/strong><\/p>\n<p style=\"text-align: justify;\">Acho isso uma grosseria com os t\u00e9cnicos e funcion\u00e1rios da Secretaria de Cultura.<\/p>\n<\/blockquote>\n<p style=\"text-align: justify;\">Tapa com luva de pelica \u00e9 isso. Mas, como todo perverso \u00e9 masoquista, parece que Ronaldo Jacobina gosta de apanhar. Em geral \u00e9 como se um moleque jogando resta-um enfrentasse um mestre do go; ou como se Ronaldo Jacobina fosse um maloqueiro crac\u00f4mano tentando assaltar algu\u00e9m com navalha enferrujada, e Albino esgrimasse uma cimitarra tal qual um mestre Soto.<\/p>\n<div id=\"attachment_3378\" style=\"width: 365px\" class=\"wp-caption alignleft\"><a rel=\"attachment wp-att-3378\" href=\"https:\/\/www.ultimobaile.com\/?attachment_id=3378\"><img loading=\"lazy\" decoding=\"async\" aria-describedby=\"caption-attachment-3378\" class=\"size-full wp-image-3378\" title=\"samuel celestino\" src=\"https:\/\/www.ultimobaile.com\/wp-content\/uploads\/2011\/10\/samuel-celestino.jpg\" alt=\"\" width=\"355\" height=\"250\" srcset=\"https:\/\/www.ultimobaile.com\/wp-content\/uploads\/2011\/10\/samuel-celestino.jpg 355w, https:\/\/www.ultimobaile.com\/wp-content\/uploads\/2011\/10\/samuel-celestino-300x211.jpg 300w\" sizes=\"auto, (max-width: 355px) 100vw, 355px\" \/><\/a><p id=\"caption-attachment-3378\" class=\"wp-caption-text\">O Goebbels do Geddelismo<\/p><\/div>\n<p style=\"text-align: justify;\">A quest\u00e3o que me leva a sair do sil\u00eancio \u00e9 outra. <a href=\"http:\/\/www.bahianoticias.com.br\/principal\/samuel-celestino\/2404-coluna-a-tarde-agonia-da-cultura-baiana.html\" target=\"_blank\">\u00c9 esta interpreta\u00e7\u00e3o da entrevista, feita pelo calhorda e canalha Samuel Celestino<\/a>. O que Celestino afirma \u00e9 t\u00e3o fora da realidade que o coloca graus abaixo de Aninha Franco. Aninha delira e distorce fatos a seu favor &#8211; estamos a\u00ed no campo da psicose, ou do ressentimento prim\u00f3rdial comum \u00e0s mulheres homossexuais; Samuel Celestino sup\u00f5e fatos que l\u00e1 n\u00e3o estiveram (quando afirma que M\u00e1rcio desestruturou a pol\u00edtica cultural anterior: n\u00e3o havia o que desestruturar porque, oh!, nunca tivemos Secretaria de Cultura antes &#8211; e se de Cultura e Turismo, isto \u00e9: de Turismo com a Cultura como ap\u00eandice e a\u00ed compreendida como Cultura para quem vem de fora, e nunca para a popula\u00e7\u00e3o bahiana de qualquer classe social que seja) &#8211; e assim est\u00e1 num grau anterior, no autismo ou no retardo mental no sentido Lacaniano do termo: aquele sujeito que, como Plat\u00e3o em A Rep\u00fablica, n\u00e3o consegue compreender os sinais que l\u00ea.<\/p>\n<p style=\"text-align: justify;\">Samuel Celestino se queixa de que o Estado n\u00e3o cuida da &#8220;Cidade da Bahia&#8221;. Cidade da Bahia n\u00e3o h\u00e1 &#8211; h\u00e1 Salvador, uma capital cuja prefeitura acha desimportante ter secretaria espec\u00edfica de cultura. Mas Samuel Celestino exime-se de atacar o prefeito criminoso (n\u00e3o recolher 500 mih\u00f5es de outorga onerosa \u00e9 crime), o que o faz c\u00famplice na patologia neurol\u00f3gica e judicial comum a ambos. Apesar da prefeitura de Jo\u00e3o Henrique, que Samuel Celestino defende, Salvador tem sim uma vida cultural rica e exaustiva &#8211; inclusive j\u00e1 tendo superado o Ax\u00e9 System.<\/p>\n<p style=\"text-align: justify;\">Queixa-se Samuel Celestino de que <a href=\"http:\/\/www.teiadenoticias.com.br\/noticia\/cultura\/bahia-em-segundo-no-ranking-em-investimentos-na-cultura\" target=\"_blank\">o or\u00e7amento estadual de cultura \u00e9 baixo. \u00c9, mas j\u00e1 foi muito menor, se configurando hoje como o maior per-capita do pa\u00eds. E isso se conseguiu na gest\u00e3o de M\u00e1rcio &#8211; que foi, e \u00e9, tamb\u00e9m a de Albino.<\/a> Ali\u00e1s, a SECULT-BA tem o m\u00e9rito de que a autoralidade das pol\u00edticas que desenvolve seja difusa e constante work-in-progress &#8211; como Albino Rubim afirma na entrevista a Revista Muito, e j\u00e1 afirmara antes. Mas Samuel Celestino sofre de dislexia seletiva.<\/p>\n<p style=\"text-align: justify;\">Ali\u00e1s, Celestino cai na mais tatibitati das contradi\u00e7\u00f5es: se ele acha que Albino ser\u00e1 uma ruptura com a de M\u00e1rcio, e que as pol\u00edticas deste foram erradas, como \u00e9 que atribui as pol\u00edticas deste \u00e0 Albino? Ou bem elas foram de Albino, e s\u00e3o ruims, e Albino tamb\u00e9m \u00e9 ruim; ou ent\u00e3o tudo ao contr\u00e1rio. \u00c9 neste ponto mesmo que Samuel Celestino parece ter se contaminado da proverbial patologia psiqui\u00e1trica do Des-Prefeito Feirense de Salvador &#8211; aquele que se auto-acusa, sem prova, de ter usado dinheiro da merenda escolar para fazer Carnaval, e depois nega.<\/p>\n<p style=\"text-align: justify;\">Outra: que o Vila Velha receber teto da verba do estado \u00e9 absurdo por ser &#8220;de M\u00e1rcio&#8221;. Ora, o Teatro Vila Velha \u00e9 das institui\u00e7\u00f5es privadas de cultura mais vivas e produtivas do pa\u00eds! J\u00e1 o Theatro XVIII, mesmo quando se manteve fechado por motivos meramente ideol\u00f3gicos, o mesmo Samuel Celestino defendia que recebesse ainda mais verba. Fico em d\u00favida: ele \u00e9 a favor da apropria\u00e7\u00e3o ind\u00e9bita de verba p\u00fablica? Fazia ent\u00e3o apologia ao desvio de dinheiro do estado para fins privados? Seria ali\u00e1s t\u00edpico do Jornalismo Tupinamb\u00e1, que acoberta a CBF e a FIFA.<\/p>\n<p style=\"text-align: justify;\">Contudo, n\u00e3o se veja apenas negatividades nessa interpreta\u00e7\u00e3o tresloucada e intrat\u00e1vel clinicamente deste Des-Jornalista senil, carlista metodol\u00f3gico embora n\u00e3o o seja epistemicamente (o que o faz um boneco infl\u00e1vel de posto de gasolina). H\u00e1 enorme positividade nesse wishful-thinking: Samuel Celestino, seu site, e o J\u00e1 Vai Tarde, dependem desesperadamente do Ax\u00e9-System para sobreviverem &#8211; isto \u00e9: da estagna\u00e7\u00e3o monopolista e latifundi\u00e1ria da Cultura que, a t\u00edtulo de combaterem, querem justamente que volte. \u00c9 o \u00faltimo suspiro do zumbi des-cerebrado.<\/p>\n<p style=\"text-align: justify;\">Agora, vale lembrar que esse Des-Jornalismo cruzou a linha do bom-senso jur\u00eddico e incorre a\u00ed em cal\u00fania e difama\u00e7\u00e3o. Caberia perfeitamente que M\u00e1rcio Meirelles o processasse por danos morais, e espero que o fa\u00e7a; e que Albino Rubim exigisse judicialmente direito de resposta, ou ao menos pedisse diplomaticamente como \u00e9 de seu feitio. Porque lembremos que <a href=\"https:\/\/www.ultimobaile.com\/?p=2944\">Jornalismo \u00e9 Crime de Paz<\/a>, e que a liberdade de imprensa n\u00e3o apenas n\u00e3o colabora com a liberdade de express\u00e3o como a impede, na medida em que sonega e deturpa o acesso a livre informa\u00e7\u00e3o &#8211; no mesmo sentido em que \u00a0o uso indiscriminado de autom\u00f3veis n\u00e3o apenas n\u00e3o melhora o direito de ir e vir, como o impede, sonega e inviabiliza.<\/p>\n<p style=\"text-align: justify;\">(E se meu tom agora \u00e9 mais r\u00edspido \u00e9 que, depois da <a href=\"http:\/\/www.flica2011.com.br\/\" target=\"_blank\">Festa Liter\u00e1ria de Cachoeira<\/a>, em que trabalhei e foi um sucesso, aderi a anti-literatura &#8211; isto \u00e9: parti pra luta armada. Porque a Literatura s\u00f3 se op\u00f5e ao jornalismo \u00e0s vezes, e n\u00e3o de todo; porque o pr\u00f3prio Proust ao preferir ter antes amigos que leitores na verdade faz Anti-Literatura. A prova de que a Literatura pode acobertar o Jornalismo como Crime de Paz \u00e9 que este p\u00fastula Samuel Celestino \u00e9 membro da Academia Bahiana de Letras&#8230;)<\/p>\n","protected":false},"excerpt":{"rendered":"<p>&#8220;S\u00f3 haver\u00e1 liberdade quando o \u00faltimo jornalista for enforcado nas correias do \u00faltimo autom\u00f3vel&#8221; Ap\u00f3crifo atribu\u00eddo ao esp\u00edrito desencarnado de Diderot &nbsp; O Secret\u00e1rio de Cultura do Estado da Bahia, Albino Rubim, deu entrevista na Revista Muito (Ruim ou Pouco?), do tabl\u00f3ide em formato alma\u00e7o J\u00e1 Vai Tarde (ou Algu\u00e9m [&hellip;]<\/p>\n","protected":false},"author":2,"featured_media":0,"comment_status":"closed","ping_status":"open","sticky":false,"template":"","format":"standard","meta":{"footnotes":""},"categories":[919,13,9],"tags":[1593,1064,1686,1401,1065,152,1584,1594,497,1687],"class_list":["post-3377","post","type-post","status-publish","format-standard","hentry","category-01flanar","category-01ler","category-01viver","tag-albino-rubim","tag-anti-jornalismo","tag-crime-de-paz","tag-des-jornalismo","tag-jornalismo","tag-marcio-meirelles","tag-reforma-cultural-bahiana","tag-samuel-celestino","tag-secretaria-da-cultura-do-estado-da-bahia","tag-secult-ba"],"_links":{"self":[{"href":"https:\/\/www.ultimobaile.com\/index.php?rest_route=\/wp\/v2\/posts\/3377","targetHints":{"allow":["GET"]}}],"collection":[{"href":"https:\/\/www.ultimobaile.com\/index.php?rest_route=\/wp\/v2\/posts"}],"about":[{"href":"https:\/\/www.ultimobaile.com\/index.php?rest_route=\/wp\/v2\/types\/post"}],"author":[{"embeddable":true,"href":"https:\/\/www.ultimobaile.com\/index.php?rest_route=\/wp\/v2\/users\/2"}],"replies":[{"embeddable":true,"href":"https:\/\/www.ultimobaile.com\/index.php?rest_route=%2Fwp%2Fv2%2Fcomments&post=3377"}],"version-history":[{"count":10,"href":"https:\/\/www.ultimobaile.com\/index.php?rest_route=\/wp\/v2\/posts\/3377\/revisions"}],"predecessor-version":[{"id":3388,"href":"https:\/\/www.ultimobaile.com\/index.php?rest_route=\/wp\/v2\/posts\/3377\/revisions\/3388"}],"wp:attachment":[{"href":"https:\/\/www.ultimobaile.com\/index.php?rest_route=%2Fwp%2Fv2%2Fmedia&parent=3377"}],"wp:term":[{"taxonomy":"category","embeddable":true,"href":"https:\/\/www.ultimobaile.com\/index.php?rest_route=%2Fwp%2Fv2%2Fcategories&post=3377"},{"taxonomy":"post_tag","embeddable":true,"href":"https:\/\/www.ultimobaile.com\/index.php?rest_route=%2Fwp%2Fv2%2Ftags&post=3377"}],"curies":[{"name":"wp","href":"https:\/\/api.w.org\/{rel}","templated":true}]}}