{"id":3356,"date":"2011-09-08T22:15:55","date_gmt":"2011-09-09T01:15:55","guid":{"rendered":"http:\/\/www.ultimobaile.com\/?p=3356"},"modified":"2025-12-24T13:02:55","modified_gmt":"2025-12-24T16:02:55","slug":"a-vera-condenacao-ao-fim-do-eden","status":"publish","type":"post","link":"https:\/\/www.ultimobaile.com\/?p=3356","title":{"rendered":"A Vera Condena\u00e7\u00e3o ao Fim do \u00c9den"},"content":{"rendered":"<p style=\"text-align: justify;\"><a rel=\"attachment wp-att-3357\" href=\"https:\/\/www.ultimobaile.com\/?attachment_id=3357\"><img loading=\"lazy\" decoding=\"async\" class=\"alignleft size-full wp-image-3357\" title=\"serpente_eden\" src=\"https:\/\/www.ultimobaile.com\/wp-content\/uploads\/2011\/09\/serpente_eden.jpg\" alt=\"\" width=\"400\" height=\"360\" srcset=\"https:\/\/www.ultimobaile.com\/wp-content\/uploads\/2011\/09\/serpente_eden.jpg 400w, https:\/\/www.ultimobaile.com\/wp-content\/uploads\/2011\/09\/serpente_eden-300x270.jpg 300w\" sizes=\"auto, (max-width: 400px) 100vw, 400px\" \/><\/a><\/p>\n<p style=\"text-align: justify;\">Poema que foi premiado em 2007, na XX <a href=\"http:\/\/www.ubems.org.br\/crbst_5.html\" target=\"_blank\">Noite Nacional de Poesia, em Campo Grande, Mato Grosso do Sul<\/a>, com o 3\u00ba lugar. De um t\u00e9cnica que quase nada tem a ver comigo: borgeana, e com um tema rom\u00e2ntico, quando sou um cabralino-cummingsiano e s\u00f3 cometo borgeices no conto. Al\u00e9m de ser declamat\u00f3rio, um poema pra voz &#8211; n\u00e3o atoa premiado neste concurso que avalia tamb\u00e9m a recita\u00e7\u00e3o e a recitabilidade dos poemas propostos. Depois levou <a href=\"http:\/\/www.santamaria.rs.gov.br\/index.php?secao=noticias&amp;id=2516&amp;arq_db=&amp;pchave=concurso%20liter%C3%A1rio\" target=\"_blank\">men\u00e7\u00e3o honrosa no Pr\u00eamio Felippe D&#8217;Oliveira esse ano<\/a>, j\u00e1 tinha levado pela <a href=\"http:\/\/www.guemanisse.com.br\/\" target=\"_blank\">Guemanisse<\/a> em 2007, e concorre em outros certames que n\u00e3o exigem ineditismo. Vale ler, portanto.<\/p>\n<h3>A Vera Condena\u00e7\u00e3o ao Fim do \u00c9den<\/h3>\n<p style=\"padding-left: 30px;\"><em> (em mem\u00f3ria de Borges, poeta<br \/>\ne de John Steinbeck)<\/em><\/p>\n<p><em> <\/em><\/p>\n<p style=\"padding-left: 30px;\"><em>para meus sobrinhos, Linus e Rita <\/em><\/p>\n<p>Homem,<br \/>\nTer\u00e1s\u00a0a\u00a0terr\u00edvel sina de nascer amado por todos<br \/>\ne todos te querer\u00e3o feliz,<br \/>\ncada um\u00a0a\u00a0seu modo<br \/>\nsempre contradit\u00f3rio com o dos outros.<\/p>\n<p>Te frustrar\u00e1s eternamente<br \/>\na\u00a0cada uma das infinitas tentativas de satisfazer\u00a0a\u00a0todos<br \/>\nsem agradar, nunca,\u00a0a\u00a0ningu\u00e9m.<\/p>\n<p>Ser\u00e1s amado sem que saibas que \u00e9s.<\/p>\n<p>Quase-sempre que te descobrirem amado,<br \/>\nperder\u00e1s o amor.<\/p>\n<p>\u00c9s condenado\u00a0a\u00a0ver passar todos os definitivos amores<br \/>\ne morrerem todos os amigos.<\/p>\n<p>S\u00f3 ser\u00e1 eterna\u00a0a\u00a0aus\u00eancia de eternidade.<\/p>\n<p>Ter\u00e1s terr\u00edveis momentos<br \/>\nem que ser\u00e1s\u00a0a\u00a0pessoa em que menos confias<br \/>\ne com quem menos contas;<\/p>\n<p>Principalmente, desejar\u00e1s que estes sofrimentos n\u00e3o cessem jamais:<br \/>\nclamar\u00e1s pela tortura<br \/>\n(aus\u00eancia da qual chamas de &#8220;morte&#8221;).<\/p>\n<p>Ao\u00a0fim, nada lhe ser\u00e1 dado<br \/>\nsalvo o peso de teus ossos<br \/>\ne acreditar\u00e1s, por isso, que \u00e9s feliz.<\/p>\n<p style=\"text-align: justify; padding-left: 30px;\">&nbsp;<\/p>\n","protected":false},"excerpt":{"rendered":"<p>Poema que foi premiado em 2007, na XX Noite Nacional de Poesia, em Campo Grande, Mato Grosso do Sul, com o 3\u00ba lugar. De um t\u00e9cnica que quase nada tem a ver comigo: borgeana, e com um tema rom\u00e2ntico, quando sou um cabralino-cummingsiano e s\u00f3 cometo borgeices no conto. Al\u00e9m [&hellip;]<\/p>\n","protected":false},"author":2,"featured_media":0,"comment_status":"closed","ping_status":"open","sticky":false,"template":"","format":"standard","meta":{"footnotes":""},"categories":[890,13],"tags":[1685,1581,268,346,831,832,1431,230,1432,1684],"class_list":["post-3356","post","type-post","status-publish","format-standard","hentry","category-concursos-premios-literarios","category-01ler","tag-1685","tag-1581","tag-campo-grande","tag-mato-grosso-do-sul","tag-poema","tag-poesia","tag-premio-felippe-doliveira","tag-rio-grande-do-sul","tag-santa-maria","tag-xx-noite-nacional"],"_links":{"self":[{"href":"https:\/\/www.ultimobaile.com\/index.php?rest_route=\/wp\/v2\/posts\/3356","targetHints":{"allow":["GET"]}}],"collection":[{"href":"https:\/\/www.ultimobaile.com\/index.php?rest_route=\/wp\/v2\/posts"}],"about":[{"href":"https:\/\/www.ultimobaile.com\/index.php?rest_route=\/wp\/v2\/types\/post"}],"author":[{"embeddable":true,"href":"https:\/\/www.ultimobaile.com\/index.php?rest_route=\/wp\/v2\/users\/2"}],"replies":[{"embeddable":true,"href":"https:\/\/www.ultimobaile.com\/index.php?rest_route=%2Fwp%2Fv2%2Fcomments&post=3356"}],"version-history":[{"count":17,"href":"https:\/\/www.ultimobaile.com\/index.php?rest_route=\/wp\/v2\/posts\/3356\/revisions"}],"predecessor-version":[{"id":3374,"href":"https:\/\/www.ultimobaile.com\/index.php?rest_route=\/wp\/v2\/posts\/3356\/revisions\/3374"}],"wp:attachment":[{"href":"https:\/\/www.ultimobaile.com\/index.php?rest_route=%2Fwp%2Fv2%2Fmedia&parent=3356"}],"wp:term":[{"taxonomy":"category","embeddable":true,"href":"https:\/\/www.ultimobaile.com\/index.php?rest_route=%2Fwp%2Fv2%2Fcategories&post=3356"},{"taxonomy":"post_tag","embeddable":true,"href":"https:\/\/www.ultimobaile.com\/index.php?rest_route=%2Fwp%2Fv2%2Ftags&post=3356"}],"curies":[{"name":"wp","href":"https:\/\/api.w.org\/{rel}","templated":true}]}}