{"id":3352,"date":"2011-08-28T22:25:33","date_gmt":"2011-08-29T01:25:33","guid":{"rendered":"http:\/\/www.ultimobaile.com\/?p=3352"},"modified":"2025-12-24T13:02:55","modified_gmt":"2025-12-24T16:02:55","slug":"da-critica-do-estado-ao-estado-da-critica","status":"publish","type":"post","link":"https:\/\/www.ultimobaile.com\/?p=3352","title":{"rendered":"Da Cr\u00edtica do Estado ao Estado da Cr\u00edtica"},"content":{"rendered":"<p style=\"text-align: justify;\">Alv\u00edssaras para o fato de que a <a href=\"http:\/\/www.cultura.ba.gov.br\/2011\/08\/24\/funceb-lanca-programa-de-incentivo-a-critica-de-artes\/\" target=\"_blank\">Funda\u00e7\u00e3o Cultural do Estado da Bahia resolve lan\u00e7ar um edital para pr\u00eamio de produ\u00e7\u00e3o em cr\u00edtica cultural nas mais diversas \u00e1reas<\/a>. Lembramos que isto \u00e9, em boa medida, apenas uma amplia\u00e7\u00e3o do <a href=\"https:\/\/www.ultimobaile.com\/?p=23\" target=\"_blank\">pr\u00eamio em cr\u00edtica cinematogr\u00e1fica Dr. Walter da Silveira<\/a>, lan\u00e7ado ainda em 2008. Mais loas ainda se levarmos em conta que, paralelamente ao lan\u00e7amento do concurso, haver\u00e1 uma semana inteira de semin\u00e1rios de cr\u00edtica, tendo como palestrantes gente da velha guarda, mas seguramente reunindo na plat\u00e9ia gente que foi o e fez o Anti-Ax\u00e9 e o P\u00f3s-Ax\u00e9.<\/p>\n<p style=\"text-align: justify;\">Sinal de que, <a href=\"https:\/\/www.ultimobaile.com\/?p=3340\" target=\"_blank\">ao contrario do que dizem os aninha-franco-atiradores<\/a>, os efeitos da Reforma Cultural s\u00e3o tantos que h\u00e1 uma massa cr\u00edtica e de cr\u00edticos formada; e que o Governo Estadual est\u00e1 t\u00e3o aberto a estas cr\u00edticas, que agora resolveu estimul\u00e1-las mais diretamente e mais meritocraticamente (uma vez que <a href=\"https:\/\/www.ultimobaile.com\/?p=2917\" target=\"_blank\">imbecis auto-elogiosos como Henrique Wagner, que escreve sobre o que n\u00e3o viu e n\u00e3o sabe<\/a>, j\u00e1 eram financiados antes pelo Fundo de Cultura).<\/p>\n<p style=\"text-align: justify;\">Fica no entanto um reprocho: servidores p\u00fablicos estaduais de outras secretarias, \u00f3rg\u00e3os, autarquias e poderes n\u00e3o podem participar do certame \u2013 o que evidentemente me exclui. Quest\u00e3o n\u00e3o \u00e9 pessoal: meu trabalho como cr\u00edtico j\u00e1 \u00e9 reconhecido o suficiente aqui e alhures \u2013 e tanto melhor se eu seguir sem receber um tusta sequer do Estado, me mantendo autonomista e independente; seria pessoal no tocante a produ\u00e7\u00e3o de literatura de fic\u00e7\u00e3o \u2013 na qual consigo ser premiado no Paran\u00e1, Rio Grande do Sul e Mato Grosso do Sul, mas na Bahia n\u00e3o posso sequer me inscrever.<\/p>\n<p style=\"text-align: justify;\">Contudo, a quest\u00e3o \u00e9 mais-al\u00e9m. Vamos supor um professor estadual que mora em Xorrox\u00f3, tem um projeto cultural massa, mas n\u00e3o consegue inscrever porque comete o crime de ser servidor p\u00fablico estadual de outra secretaria; ou uma enfermeira em Uau\u00e1 que produz cr\u00edtica e literatura \u2013 coitada, quem mandou ser concursada da Secretaria de Sa\u00fade do Estado?! Coitados mais ainda destes min\u00fasculos munic\u00edpios que podem ficar sem qualquer atividade cultural mais qualificada se os servidores estaduais de outras secretarias que l\u00e1 trabalham e residem n\u00e3o poderem ter demanda, espont\u00e2nea ou via edital, feista \u00e0 SECULT atendidas.<\/p>\n<p style=\"text-align: justify;\">O estado geograficamente mais parecido com a Bahia \u00e9 Minas Gerais (s\u00e3o os dois que faziam sentido \u00e0 extinta Regi\u00e3o Leste). Em Minas Gerais, s\u00f3 n\u00e3o podem se inscrever servidores da Secretaria de Cultura do Estado \u2013 servidores de outros \u00f3rg\u00e3os estaduais se inscrevem livremente em editais estaduais de cultura de l\u00e1. A quest\u00e3o \u00e9 mudar este item na Constitui\u00e7\u00e3o Estadual da Bahia \u2013 a que nem o mais carlista dos carlistas, quero crer, far\u00e1 for\u00e7a contra. E dois-ter\u00e7os da Assembl\u00e9ia Legislativa o Galego tem de sobra. M\u00e1rcio Meirelles era c\u00f4nscio do problema cr\u00f4nico que isso representava (e que s\u00f3 n\u00e3o aparecia antes porque, oh!, n\u00e3o havia Secretaria Estadual de Cultura nem editais costumeiros e contumazes fazendo parte do calend\u00e1rio do estado e do or\u00e7amento permanente do mesmo); Albino Ru(b)im, que foi Presidente do Conselho Estadual de Cultura na \u00e9poca, deve saber tamb\u00e9m. Resta esperar que deixe de ser boi-de-coice e pressione o Governador e deputados sobre a premente quest\u00e3o.<\/p>\n","protected":false},"excerpt":{"rendered":"<p>Alv\u00edssaras para o fato de que a Funda\u00e7\u00e3o Cultural do Estado da Bahia resolve lan\u00e7ar um edital para pr\u00eamio de produ\u00e7\u00e3o em cr\u00edtica cultural nas mais diversas \u00e1reas. Lembramos que isto \u00e9, em boa medida, apenas uma amplia\u00e7\u00e3o do pr\u00eamio em cr\u00edtica cinematogr\u00e1fica Dr. Walter da Silveira, lan\u00e7ado ainda em [&hellip;]<\/p>\n","protected":false},"author":2,"featured_media":0,"comment_status":"closed","ping_status":"open","sticky":false,"template":"","format":"standard","meta":{"footnotes":""},"categories":[890,13],"tags":[27,443,156,150,114,155,1683],"class_list":["post-3352","post","type-post","status-publish","format-standard","hentry","category-concursos-premios-literarios","category-01ler","tag-critica","tag-edital","tag-funceb","tag-fundacao-cultural-do-estado-da-bahia","tag-secretaria-de-cultura-do-estado-da-bahia","tag-secult","tag-seminario"],"_links":{"self":[{"href":"https:\/\/www.ultimobaile.com\/index.php?rest_route=\/wp\/v2\/posts\/3352","targetHints":{"allow":["GET"]}}],"collection":[{"href":"https:\/\/www.ultimobaile.com\/index.php?rest_route=\/wp\/v2\/posts"}],"about":[{"href":"https:\/\/www.ultimobaile.com\/index.php?rest_route=\/wp\/v2\/types\/post"}],"author":[{"embeddable":true,"href":"https:\/\/www.ultimobaile.com\/index.php?rest_route=\/wp\/v2\/users\/2"}],"replies":[{"embeddable":true,"href":"https:\/\/www.ultimobaile.com\/index.php?rest_route=%2Fwp%2Fv2%2Fcomments&post=3352"}],"version-history":[{"count":2,"href":"https:\/\/www.ultimobaile.com\/index.php?rest_route=\/wp\/v2\/posts\/3352\/revisions"}],"predecessor-version":[{"id":3355,"href":"https:\/\/www.ultimobaile.com\/index.php?rest_route=\/wp\/v2\/posts\/3352\/revisions\/3355"}],"wp:attachment":[{"href":"https:\/\/www.ultimobaile.com\/index.php?rest_route=%2Fwp%2Fv2%2Fmedia&parent=3352"}],"wp:term":[{"taxonomy":"category","embeddable":true,"href":"https:\/\/www.ultimobaile.com\/index.php?rest_route=%2Fwp%2Fv2%2Fcategories&post=3352"},{"taxonomy":"post_tag","embeddable":true,"href":"https:\/\/www.ultimobaile.com\/index.php?rest_route=%2Fwp%2Fv2%2Ftags&post=3352"}],"curies":[{"name":"wp","href":"https:\/\/api.w.org\/{rel}","templated":true}]}}