{"id":330,"date":"2008-10-04T15:19:31","date_gmt":"2008-10-04T18:19:31","guid":{"rendered":"http:\/\/www.ultimobaile.com\/?p=330"},"modified":"2025-12-24T13:03:56","modified_gmt":"2025-12-24T16:03:56","slug":"de-um-empate-eleitoral-triplo-e-de-uma-vitoria-politica","status":"publish","type":"post","link":"https:\/\/www.ultimobaile.com\/?p=330","title":{"rendered":"De um empate eleitoral triplo, e de uma vit\u00f3ria pol\u00edtica"},"content":{"rendered":"<p style=\"text-align: justify;\">Que as elei\u00e7\u00f5es na Capital da Di\u00e1spora est\u00e3o emboladas, todo mundo sabe. N\u00e3o s\u00f3 emboladas, como ocilam: ora Grampinho t\u00e1 na frente, ora JH, ora Walter Pinheiro. A popula\u00e7\u00e3o da Cidade da Bahia hesita em escolher entre direita, centro ou esquerda.<\/p>\n<p style=\"text-align: justify;\">Mas, nisso, j\u00e1 se pode ver uma vit\u00f3ria pol\u00edtica: a de Jaques Wagner. Nunca antes uma elei\u00e7\u00e3o foi t\u00e3o livre na Bahia. At\u00e9 agora, o grande legado de Wagner tem sido uma democracia desbragada e contagiante, que se imiscui at\u00e9 nos h\u00e1bitos mais diuturnos e comesinhos do cotidiano da Soter\u00f3polis. Se o eleitor ocila tanto, e mesmo que escolha Grampinho para prefeito, \u00e9 porque sabe que a cidade n\u00e3o ser\u00e1 mais ref\u00e9m dos desmandes pol\u00edticos do governo estadual &#8211; como foi durante a prefeitura de L\u00eddice da Mata, em que ACM, ent\u00e3o governador eleito, espalhava lixo pela Pra\u00e7a da Piedade e a imprensa (carlista) dizia que L\u00eddice n\u00e3o pagava a coleta. Isso ningu\u00e9m me contou: eu vi. <\/p>\n<p style=\"text-align: justify;\">Claro que esta maior liberdade de Salvador foi conquistada aos poucos, e j\u00e1 estava antes de Wagner, na gest\u00e3o de Paulo Souto (ele pr\u00f3prio se elegeu em 2002 impondo a ACM que o governo seria dele, Souto, e que ACM n\u00e3o teria nenhuma inger\u00eancia a respeito &#8211; diferente do ocorrido com o subserviente C\u00e9sar Borges), que j\u00e1 representava uma quebra no carlismo. Souto \u00e9 de direita, mas n\u00e3o \u00e9 feudal, \u00e9 servidor p\u00fablico de carreira, tem muito mais responsabilidade social e estatismo que a m\u00e9dia de seu partido. Uma direita moderna, competente e t\u00e9cnica, sen\u00e3o no discurso, ao menos nas pr\u00e1ticas.<\/p>\n<p style=\"text-align: justify;\">Durante a gest\u00e3o de Souto, Imbassahy no PFL enfrentou, enquanto prefeito, duras greves de estudantes contra o aumento abusivo da passagem de \u00f4nibus. ACM queria que tais estudantes fossem espancados, como foram em 2001 no campus de Direito da UFBA, na Gra\u00e7a (na Gra\u00e7a!&#8230;!); Souto disse que nada faria sem pedido oficial do prefeito, que n\u00e3o pediu. Depois, nos primeiros dois anos da gest\u00e3o originalmente anti-carlista (e por ora apenas n\u00e3o-carlista) de Jo\u00e3o Henrique, Paulo Souto n\u00e3o criou obst\u00e1culos na rela\u00e7\u00e3o entre as esferas municipal e estadual. E ali\u00e1s Souto tentava manter boas rela\u00e7\u00f5es com o Presidente da Rep\u00fablica, mesmo se ACM esperneava contra isso. <\/p>\n<p style=\"text-align: justify;\">Por\u00e9m, com Wagner h\u00e1 um ponto de ruptura clara. Com Souto, isso era uma concess\u00e3o pessoal contra e ao contr\u00e1rio da l\u00f3gica em que ele se inscrevia. Com Wagner, esta mesma l\u00f3gica j\u00e1 n\u00e3o existe mais, \u00e9 outra. Wagner sabe que ele n\u00e3o faz, nem pode fazer, um governo de esquerda &#8211; e sim um governo de franca abertura democr\u00e1tica. Algo como Andr\u00e9 di Franco-Montoro fez em S\u00e3o Paulo em 1986. <\/p>\n<p style=\"text-align: justify;\">Em qualquer resultado que saia amanh\u00e3 ou no segundo turno, mesmo com um hipot\u00e9tico retorno do carlismo, Wagner j\u00e1 \u00e9 o grande vencedor pol\u00edtico deste pleito municipal. <\/p>\n","protected":false},"excerpt":{"rendered":"<p>Que as elei\u00e7\u00f5es na Capital da Di\u00e1spora est\u00e3o emboladas, todo mundo sabe. N\u00e3o s\u00f3 emboladas, como ocilam: ora Grampinho t\u00e1 na frente, ora JH, ora Walter Pinheiro. A popula\u00e7\u00e3o da Cidade da Bahia hesita em escolher entre direita, centro ou esquerda. Mas, nisso, j\u00e1 se pode ver uma vit\u00f3ria pol\u00edtica: [&hellip;]<\/p>\n","protected":false},"author":2,"featured_media":0,"comment_status":"closed","ping_status":"open","sticky":false,"template":"","format":"standard","meta":{"footnotes":""},"categories":[9],"tags":[20,85,146,104,140,49,15],"class_list":["post-330","post","type-post","status-publish","format-standard","hentry","category-01viver","tag-bahia","tag-carlismo","tag-democracia","tag-eleicoes-municipais-2008","tag-jaques-wagner","tag-politica","tag-salvador"],"_links":{"self":[{"href":"https:\/\/www.ultimobaile.com\/index.php?rest_route=\/wp\/v2\/posts\/330","targetHints":{"allow":["GET"]}}],"collection":[{"href":"https:\/\/www.ultimobaile.com\/index.php?rest_route=\/wp\/v2\/posts"}],"about":[{"href":"https:\/\/www.ultimobaile.com\/index.php?rest_route=\/wp\/v2\/types\/post"}],"author":[{"embeddable":true,"href":"https:\/\/www.ultimobaile.com\/index.php?rest_route=\/wp\/v2\/users\/2"}],"replies":[{"embeddable":true,"href":"https:\/\/www.ultimobaile.com\/index.php?rest_route=%2Fwp%2Fv2%2Fcomments&post=330"}],"version-history":[{"count":5,"href":"https:\/\/www.ultimobaile.com\/index.php?rest_route=\/wp\/v2\/posts\/330\/revisions"}],"predecessor-version":[{"id":4495,"href":"https:\/\/www.ultimobaile.com\/index.php?rest_route=\/wp\/v2\/posts\/330\/revisions\/4495"}],"wp:attachment":[{"href":"https:\/\/www.ultimobaile.com\/index.php?rest_route=%2Fwp%2Fv2%2Fmedia&parent=330"}],"wp:term":[{"taxonomy":"category","embeddable":true,"href":"https:\/\/www.ultimobaile.com\/index.php?rest_route=%2Fwp%2Fv2%2Fcategories&post=330"},{"taxonomy":"post_tag","embeddable":true,"href":"https:\/\/www.ultimobaile.com\/index.php?rest_route=%2Fwp%2Fv2%2Ftags&post=330"}],"curies":[{"name":"wp","href":"https:\/\/api.w.org\/{rel}","templated":true}]}}