{"id":3270,"date":"2011-07-10T18:36:36","date_gmt":"2011-07-10T21:36:36","guid":{"rendered":"http:\/\/www.ultimobaile.com\/?p=3270"},"modified":"2025-12-24T13:02:55","modified_gmt":"2025-12-24T16:02:55","slug":"do-ritmo-dos-textos","status":"publish","type":"post","link":"https:\/\/www.ultimobaile.com\/?p=3270","title":{"rendered":"Do ritmo dos textos"},"content":{"rendered":"<p style=\"text-align: justify;\">Tenho escrito aqui com menos profus\u00e3o, disciplina e const\u00e2ncia do que merecem os que me l\u00eaem a quase 4 anos, ou do que eu pr\u00f3prio mere\u00e7o. Talvez seja um fastio geral das minhas formas de vida atuais: 30 anos de idade, trabalho em excesso e montando apartamento; talvez, a crise t\u00edpica que o formato-blog chega depois de um certo tempo. Adicione-se o fato de que<a href=\"http:\/\/twitcam.livestream.com\/user\/ultimobaile\" target=\"_blank\"> tenho optado em parte pela transmiss\u00e3o oral, atrav\u00e9s de <em>twittcam<\/em><\/a>.<\/p>\n<p style=\"text-align: justify;\">Proponho-me a compensar isso com outra coisa, mais al\u00e9m do que Oscar Wilde chamou de &#8220;Cr\u00edtica como Arte&#8221; (ou a cr\u00edtica como g\u00eanero liter\u00e1rio): publicando aqui parte de minha obra ficcional, anterior e mais madura. Isto a medida em que os pr\u00eamios forem saindo &#8211;<a href=\"https:\/\/www.ultimobaile.com\/?p=2631\" target=\"_blank\"> coisa que ali\u00e1s j\u00e1 fiz antes quando recebi men\u00e7\u00e3o honrsa no Felippe D&#8217;Oliveira em Santa Maria (RS)<\/a>, bem como<a href=\"https:\/\/www.ultimobaile.com\/?p=1284\" target=\"_blank\"> j\u00e1 ocorreu com textos in\u00e9ditos<\/a>.<\/p>\n<p style=\"text-align: justify;\">A id\u00e9ia vem do fato de que acabo de levar men\u00e7\u00e3o honrosa com um poema no pr\u00eamio paralelo da Feira Liter\u00e1ria Internacional de Paraty, o<a href=\"http:\/\/www.premio-offflip.net\/\" target=\"_blank\"> OFF-FLIP<\/a> &#8211; talvez o mais importante pr\u00eamio de material liter\u00e1rio in\u00e9dito da l\u00edngua portuguesa. Por outro, tem a ver com a fun\u00e7\u00e3o original deste blog. Minha designer, amiga de mais de d\u00e9cada, afilhada de casamento e agora que pariu praticamente comadre, me dizia que eu n\u00e3o podia ficar dando minhas opini\u00f5es sobre pol\u00edticas p\u00fablicas e cultura em geral apenas por email &#8211; eu n\u00e3o poderia ser um &#8220;John Donne terceiro-mundo&#8221;. Vale para o material liter\u00e1rio que, mesmo ap\u00f3s pr\u00eamio, acaba circulando s\u00f3 entre amigos e entre jurados e colegas premiados.<\/p>\n<p style=\"text-align: justify;\">Quer dizer que doravante, ao menos uma vez por m\u00eas, sai aqui algum conto, poema ou cr\u00f4nica que j\u00e1 tenha perdido seu ineditismo por premia\u00e7\u00e3o ou publica\u00e7\u00e3o como men\u00e7\u00e3o honrosa em alguma colet\u00e2nea. Sem mais delongas, o poema a respeito da estatueta do S\u00e3o Pedro Arrependido de Frei Agostinho da Piedade:<\/p>\n<div id=\"attachment_3275\" style=\"width: 228px\" class=\"wp-caption alignleft\"><a rel=\"attachment wp-att-3275\" href=\"https:\/\/www.ultimobaile.com\/?attachment_id=3275\"><img loading=\"lazy\" decoding=\"async\" aria-describedby=\"caption-attachment-3275\" class=\"size-full wp-image-3275\" title=\"s\u00e3opedro\" src=\"https:\/\/www.ultimobaile.com\/wp-content\/uploads\/2011\/07\/s\u00e3opedro.png\" alt=\"\" width=\"218\" height=\"285\" \/><\/a><p id=\"caption-attachment-3275\" class=\"wp-caption-text\">S\u00e3o Pedro Arrependido, de Frei Agostinho da Piedade<\/p><\/div>\n<p style=\"padding-left: 30px;\">&nbsp;<\/p>\n<p style=\"padding-left: 30px;\">&nbsp;<\/p>\n<p style=\"padding-left: 30px;\">&nbsp;<\/p>\n<p style=\"padding-left: 30px;\">&nbsp;<\/p>\n<p style=\"padding-left: 30px;\">&nbsp;<\/p>\n<p style=\"padding-left: 30px;\">&nbsp;<\/p>\n<p style=\"padding-left: 30px;\">&nbsp;<\/p>\n<p style=\"padding-left: 30px;\">&nbsp;<\/p>\n<p style=\"padding-left: 30px;\">&nbsp;<\/p>\n<p style=\"padding-left: 30px;\">&nbsp;<\/p>\n<p style=\"padding-left: 30px;\">&nbsp;<\/p>\n<p style=\"padding-left: 30px;\">&nbsp;<\/p>\n<p style=\"padding-left: 30px;\"><span style=\"font-family: 'Times New Roman'; font-size: small;\"><strong>Da Piedade<\/strong><\/span><\/p>\n<p style=\"padding-left: 60px;\"><span style=\"font-family: 'Times New Roman'; font-size: small;\"><em>varia\u00e7\u00f5es sobre a estatueta do S\u00e3o Pedro Arrependido,<\/em><\/span><\/p>\n<p style=\"padding-left: 60px;\"><span style=\"font-family: 'Times New Roman'; font-size: small;\"><em>no Mosteiro de S\u00e3o Bento de Salvador<\/em><\/span><\/p>\n<p style=\"padding-left: 60px;\"><span style=\"font-family: 'Times New Roman'; font-size: small;\"><em>.<\/em><\/span><\/p>\n<p style=\"padding-left: 30px;\"><span style=\"font-family: 'Times New Roman'; font-size: small;\">dormes<\/span><\/p>\n<p style=\"padding-left: 30px;\"><span style=\"font-family: 'Times New Roman'; font-size: small;\">o sono dos injustos<\/span><\/p>\n<p style=\"padding-left: 30px;\"><span style=\"font-family: 'Times New Roman'; font-size: small;\">(meditas?)<\/span><\/p>\n<p style=\"padding-left: 30px;\"><span style=\"font-family: 'Times New Roman'; font-size: small;\">.<\/span><\/p>\n<p style=\"padding-left: 30px;\"><span style=\"font-family: 'Times New Roman'; font-size: small;\">a palma ao rosto<\/span><\/p>\n<p style=\"padding-left: 30px;\"><span style=\"font-family: 'Times New Roman'; font-size: small;\">anti-pensador<\/span><\/p>\n<p style=\"padding-left: 30px;\"><span style=\"font-family: 'Times New Roman'; font-size: small;\">des-Rodiniano<\/span><\/p>\n<p style=\"padding-left: 30px;\"><span style=\"font-family: 'Times New Roman'; font-size: small;\">.<\/span><\/p>\n<p style=\"padding-left: 30px;\"><span style=\"font-family: 'Times New Roman'; font-size: small;\">e, improfeta, apenas um joelho dobrar\u00e1<\/span><\/p>\n<p style=\"padding-left: 30px;\"><span style=\"font-family: 'Times New Roman'; font-size: small;\">.<\/span><\/p>\n<p style=\"padding-left: 30px;\"><span style=\"font-family: 'Times New Roman'; font-size: small;\">mas a tua m\u00e3o<\/span><\/p>\n<p style=\"padding-left: 30px;\"><span style=\"font-family: 'Times New Roman'; font-size: small;\">crispada<\/span><\/p>\n<p style=\"padding-left: 30px;\"><span style=\"font-family: 'Times New Roman'; font-size: small;\">te delata:<\/span><\/p>\n<p style=\"padding-left: 30px;\"><span style=\"font-family: 'Times New Roman'; font-size: small;\">tra\u00ed-me!<\/span><\/p>\n<p style=\"padding-left: 30px;\"><span style=\"font-family: 'Times New Roman'; font-size: small;\">.<\/span><\/p>\n<p style=\"padding-left: 30px;\"><span style=\"font-family: 'Times New Roman'; font-size: small;\">* * *<\/span><\/p>\n<p style=\"padding-left: 30px;\"><span style=\"font-family: 'Times New Roman'; font-size: small;\">.<\/span><\/p>\n<p style=\"padding-left: 30px;\"><span style=\"font-family: 'Times New Roman'; font-size: small;\">tr\u00eas vezes antes que o galo cante<\/span><\/p>\n<p style=\"padding-left: 30px;\"><span style=\"font-family: 'Times New Roman'; font-size: small;\">acordar\u00e1s e voltar\u00e1s a dormir<\/span><\/p>\n<p style=\"padding-left: 30px;\"><span style=\"font-family: 'Times New Roman'; font-size: small;\">.<\/span><\/p>\n<p style=\"padding-left: 30px;\"><span style=\"font-family: 'Times New Roman'; font-size: small;\">tendo lascivos sonhos, terr\u00edveis pesadelos<\/span><\/p>\n<p style=\"padding-left: 30px;\"><span style=\"font-family: 'Times New Roman'; font-size: small;\">de p\u00e3o e vinho e carne<\/span><\/p>\n<p style=\"padding-left: 30px;\"><span style=\"font-family: 'Times New Roman'; font-size: small;\">e cravos e cruzes e espinhos<\/span><\/p>\n<p style=\"padding-left: 30px;\"><span style=\"font-family: 'Times New Roman'; font-size: small;\">.<\/span><\/p>\n<p style=\"padding-left: 30px;\"><span style=\"font-family: 'Times New Roman'; font-size: small;\">dos quais n\u00e3o te lembrar\u00e1s<\/span><\/p>\n<p style=\"padding-left: 30px;\"><span style=\"font-family: 'Times New Roman'; font-size: small;\">.<\/span><\/p>\n<p style=\"padding-left: 30px;\"><span style=\"font-family: 'Times New Roman'; font-size: small;\">mas tua m\u00e3o, sem chagas,<\/span><\/p>\n<p style=\"padding-left: 30px;\"><span style=\"font-family: 'Times New Roman'; font-size: small;\">dolorosa,<\/span><\/p>\n<p style=\"padding-left: 30px;\"><span style=\"font-family: 'Times New Roman'; font-size: small;\">sim.<\/span><\/p>\n","protected":false},"excerpt":{"rendered":"<p>Tenho escrito aqui com menos profus\u00e3o, disciplina e const\u00e2ncia do que merecem os que me l\u00eaem a quase 4 anos, ou do que eu pr\u00f3prio mere\u00e7o. Talvez seja um fastio geral das minhas formas de vida atuais: 30 anos de idade, trabalho em excesso e montando apartamento; talvez, a crise [&hellip;]<\/p>\n","protected":false},"author":2,"featured_media":0,"comment_status":"closed","ping_status":"open","sticky":false,"template":"","format":"standard","meta":{"footnotes":""},"categories":[890,13,9],"tags":[1368,1369,831,1672,1673],"class_list":["post-3270","post","type-post","status-publish","format-standard","hentry","category-concursos-premios-literarios","category-01ler","category-01viver","tag-feira-literaria-internacional-de-paraty","tag-off-flip","tag-poema","tag-premio-paralelo","tag-sao-pedro-arrependido"],"_links":{"self":[{"href":"https:\/\/www.ultimobaile.com\/index.php?rest_route=\/wp\/v2\/posts\/3270","targetHints":{"allow":["GET"]}}],"collection":[{"href":"https:\/\/www.ultimobaile.com\/index.php?rest_route=\/wp\/v2\/posts"}],"about":[{"href":"https:\/\/www.ultimobaile.com\/index.php?rest_route=\/wp\/v2\/types\/post"}],"author":[{"embeddable":true,"href":"https:\/\/www.ultimobaile.com\/index.php?rest_route=\/wp\/v2\/users\/2"}],"replies":[{"embeddable":true,"href":"https:\/\/www.ultimobaile.com\/index.php?rest_route=%2Fwp%2Fv2%2Fcomments&post=3270"}],"version-history":[{"count":16,"href":"https:\/\/www.ultimobaile.com\/index.php?rest_route=\/wp\/v2\/posts\/3270\/revisions"}],"predecessor-version":[{"id":3288,"href":"https:\/\/www.ultimobaile.com\/index.php?rest_route=\/wp\/v2\/posts\/3270\/revisions\/3288"}],"wp:attachment":[{"href":"https:\/\/www.ultimobaile.com\/index.php?rest_route=%2Fwp%2Fv2%2Fmedia&parent=3270"}],"wp:term":[{"taxonomy":"category","embeddable":true,"href":"https:\/\/www.ultimobaile.com\/index.php?rest_route=%2Fwp%2Fv2%2Fcategories&post=3270"},{"taxonomy":"post_tag","embeddable":true,"href":"https:\/\/www.ultimobaile.com\/index.php?rest_route=%2Fwp%2Fv2%2Ftags&post=3270"}],"curies":[{"name":"wp","href":"https:\/\/api.w.org\/{rel}","templated":true}]}}