{"id":3245,"date":"2011-07-01T11:12:23","date_gmt":"2011-07-01T14:12:23","guid":{"rendered":"http:\/\/www.ultimobaile.com\/?p=3245"},"modified":"2025-12-24T13:02:55","modified_gmt":"2025-12-24T16:02:55","slug":"o-som-das-sextas-xxxiii","status":"publish","type":"post","link":"https:\/\/www.ultimobaile.com\/?p=3245","title":{"rendered":"O Som das Sextas &#8211; XXXIII"},"content":{"rendered":"<p style=\"text-align: right;\"><em>Descendo o Vale do Paragua\u00e7\u00fa, <\/em><\/p>\n<p style=\"text-align: right;\"><em>como o Batalh\u00e3o dos Periquitos na Guerra de Independ\u00eancia<\/em><\/p>\n<p style=\"text-align: justify;\"><a rel=\"attachment wp-att-3247\" href=\"https:\/\/www.ultimobaile.com\/?attachment_id=3247\"><img loading=\"lazy\" decoding=\"async\" class=\"alignleft size-medium wp-image-3247\" title=\"sertanilia\" src=\"https:\/\/www.ultimobaile.com\/wp-content\/uploads\/2011\/07\/sertanilia-298x300.jpg\" alt=\"\" width=\"298\" height=\"300\" srcset=\"https:\/\/www.ultimobaile.com\/wp-content\/uploads\/2011\/07\/sertanilia-298x300.jpg 298w, https:\/\/www.ultimobaile.com\/wp-content\/uploads\/2011\/07\/sertanilia-150x150.jpg 150w, https:\/\/www.ultimobaile.com\/wp-content\/uploads\/2011\/07\/sertanilia-1018x1024.jpg 1018w, https:\/\/www.ultimobaile.com\/wp-content\/uploads\/2011\/07\/sertanilia.jpg 1468w\" sizes=\"auto, (max-width: 298px) 100vw, 298px\" \/><\/a>Num certo sentido, o <strong><a href=\"http:\/\/palcomp3.com\/sertanilia\/\" target=\"_blank\">Sertan\u00edlia<\/a><\/strong> vem colocar a Bahia tardiamente pari-passu com a proposta Armorial do Gr\u00e3o-Pernambuco dos anos 1970, de fazer uma m\u00fasica (e uma cultura em geral) camer\u00edstica erudita a partir de nossas bases populares rurais &#8211; uma vez que, no que toca o ambiente urbano de Salvador, a <a href=\"https:\/\/www.ultimobaile.com\/?p=2633\" target=\"_blank\">Orquestra Afro-Sinf\u00f4nica<\/a> j\u00e1 vem fazendo. H\u00e1 contudo uma diferen\u00e7a entre o Sertan\u00edlia e as orquestras nag\u00f4 urbanas fruto do &#8220;efeito Rumpilezz&#8221;: estas s\u00e3o claramente modernistas no sentido smetakiano e widmeriano do termo; j\u00e1 o Sertan\u00edlia \u00e9 claramente medievalista e, ouso dizer, quase celta.<\/p>\n<p style=\"text-align: justify;\">O que n\u00e3o quer dizer um conservadorismo reacion\u00e1rio &#8211; antes, pouca coisa pode mexer com o status quo cultural da Capital, Regi\u00e3o Metropolitana e Rec\u00f4ncavo do que uma m\u00fasica que afirme, desde o Planalto da Conquista e do M\u00e9dio Rio de Contas: &#8220;o sert\u00e3o \u00e9 outra coisa do que se v\u00ea e se imagina&#8221;. Lembremos que estas regi\u00f5es da Bahia, de forma\u00e7\u00e3o mais aut\u00f3ctone e protestante, &#8220;questionando portanto o moralismo cat\u00f3lico da capital&#8221; no dizer de seu filho Wally Salom\u00e3o, gerou o subversivo Glauber Rocha &#8211; al\u00e9m dos profund\u00edssimos conservadores (daquele conservadorismo que questiona a modernidade do capital com um historicismo quase Congresso de Viena) Xangai e Elomar.<\/p>\n<p style=\"text-align: justify;\">Esta regi\u00e3o sudoeste que \u00e9 quase Minas Gerais, at\u00e9 mesmo no sotaque e no frio constante &#8211; mas que, atrav\u00e9s do munic\u00edpio de Caetit\u00e9, aderiu rapidamente ao levante de Cachoeira contra as tropas de Madeira de Mello, e produziu com seus ferros os canh\u00f5es para libertar a Capital do julgo portugu\u00eas em 1823. Anderson Cunha, compositor do Sertan\u00edlia (e que fez <a href=\"http:\/\/www.youtube.com\/watch?v=h2xU3E6kePw\" target=\"_blank\">das poucas boas can\u00e7\u00f5es do auge do Ax\u00e9-System, A Festa, com clip gravado por Ivete Sangalo no saudoso Candeal Gueto Square<\/a>), \u00e9 justamente nativo desta cidade hist\u00f3rica.<\/p>\n<p><iframe loading=\"lazy\" width=\"640\" height=\"390\" src=\"http:\/\/www.youtube.com\/embed\/F4XDMXELGH8\" frameborder=\"0\" allowfullscreen><\/iframe><br \/>\nN\u00e3o \u00e9 que o <strong><a href=\"http:\/\/www.myspace.com\/sertanilia\" target=\"_blank\">Sertan\u00edlia<\/a><\/strong> seja mera recria\u00e7\u00e3o erudita medievalista da cultura da face sul da Chapada Diamantina; mais do que isso, h\u00e1 camadas r\u00edtmicas em suas can\u00e7\u00f5es que remetem ao mesmo tempo ao maracat\u00fa, ao c\u00f4co e ao ijex\u00e1 &#8211; ijex\u00e1 n\u00e3o de Salvador, mas do Rec\u00f4ncavo. Isto \u00e9: das margens direitas do S\u00e3o Francisco, da bela cidade neocl\u00e1ssica de Barra, e porque n\u00e3o dizer mesmo da fronteira &#8220;achinesada&#8221; (no dizer de Jo\u00e3o Guimar\u00e3es Rosa) com Goi\u00e1s, o <strong>Sertan\u00edlia<\/strong> desce\u00a0desde depois de onde nasce o Rio Paragua\u00e7\u00fa (o palco da independ\u00eancia, a linha que alinhava este estado meton\u00edmia da na\u00e7\u00e3o), at\u00e9 onde ele desagua (e forma a maior ba\u00eda do mundo).<\/p>\n<p><iframe loading=\"lazy\" width=\"640\" height=\"390\" src=\"http:\/\/www.youtube.com\/embed\/Kh-MAaiu3Vs\" frameborder=\"0\" allowfullscreen><\/iframe><\/p>\n<p style=\"text-align: justify;\">Ao mesmo tempo, o eruditismo-camer\u00edstico popular-sertanejo medievalista, n\u00e3o exclui, como no movimento recifense de Ariano Suassuna, o rock. Apresentaram-se nas pr\u00e9vias <a href=\"http:\/\/feiranoisefestival.com.br\/\" target=\"_blank\">(Fervura)\u00a0do Festival Feira Noise<\/a>, semana passada, a que fui; l\u00e1 alguns conhecidos me perguntaram se Sertan\u00edlia era rock. Eu dizia que n\u00e3o, contudo n\u00e3o me soava bem dizer isso. Ora, Sertan\u00edlia \u00e9 rock, no sentido em que <a href=\"http:\/\/www.interney.net\/blogs\/maximumcosmo\/2009\/02\/08\/scott_pilgrim_de_brian_lee_o_malley\/\" target=\"_blank\">Jim Capaldi disse: &#8220;<em>Tambores de Minas, de Milton Nascimento, \u00e9 rock <\/em>(tanto quanto Jethro Tull, acrescentaria eu). <em>E se voc\u00eas discordam, sinto muito: voc\u00eas n\u00e3o entendem nada de rock<\/em>&#8220;<\/a>. Claro, n\u00e3o h\u00e1 guitarras no Sertan\u00edlia, mas o violoncelo faz as vezes dos riffs; e eis a\u00ed mais uma prova de que <a href=\"http:\/\/palavrario.wordpress.com\/2010\/01\/26\/o-axe-morreu-longa-vida-ao-axe\/\" target=\"_blank\">o P\u00f3s-Ax\u00e9System n\u00e3o pode ser uma quest\u00e3o nem meramente de um s\u00f3 estilo, e sim de v\u00e1rios em conluiu<\/a> (samba, regional, pagod\u00e3o, erudito, rock), nem s\u00f3 da urbanidade de Salvador, sen\u00e3o de sua rela\u00e7\u00e3o, enquanto Capital, com seu profund\u00edssimo interior &#8211; sem quem, num certo 2 de Julho, ela n\u00e3o teria sido libertada e seria, at\u00e9 hoje, uma &#8220;Macau Ocidental&#8221; ou uma &#8220;Guiana Portuguesa&#8221;.<\/p>\n<p><iframe loading=\"lazy\" width=\"480\" height=\"390\" src=\"http:\/\/www.youtube.com\/embed\/pSe3TG2MQuM\" frameborder=\"0\" allowfullscreen><\/iframe><\/p>\n","protected":false},"excerpt":{"rendered":"<p>Descendo o Vale do Paragua\u00e7\u00fa, como o Batalh\u00e3o dos Periquitos na Guerra de Independ\u00eancia Num certo sentido, o Sertan\u00edlia vem colocar a Bahia tardiamente pari-passu com a proposta Armorial do Gr\u00e3o-Pernambuco dos anos 1970, de fazer uma m\u00fasica (e uma cultura em geral) camer\u00edstica erudita a partir de nossas bases [&hellip;]<\/p>\n","protected":false},"author":2,"featured_media":0,"comment_status":"closed","ping_status":"open","sticky":false,"template":"","format":"standard","meta":{"footnotes":""},"categories":[919,933,9],"tags":[1668,1671,1619,20,1669,883,511,1670,15,1667,951],"class_list":["post-3245","post","type-post","status-publish","format-standard","hentry","category-01flanar","category-o-retorno-da-cancao","category-01viver","tag-anderson-cunha","tag-armorial","tag-axe-system","tag-bahia","tag-caetite","tag-cancao","tag-pos-axe","tag-rio-de-contas","tag-salvador","tag-sertanilia","tag-vitoria-da-conquista"],"_links":{"self":[{"href":"https:\/\/www.ultimobaile.com\/index.php?rest_route=\/wp\/v2\/posts\/3245","targetHints":{"allow":["GET"]}}],"collection":[{"href":"https:\/\/www.ultimobaile.com\/index.php?rest_route=\/wp\/v2\/posts"}],"about":[{"href":"https:\/\/www.ultimobaile.com\/index.php?rest_route=\/wp\/v2\/types\/post"}],"author":[{"embeddable":true,"href":"https:\/\/www.ultimobaile.com\/index.php?rest_route=\/wp\/v2\/users\/2"}],"replies":[{"embeddable":true,"href":"https:\/\/www.ultimobaile.com\/index.php?rest_route=%2Fwp%2Fv2%2Fcomments&post=3245"}],"version-history":[{"count":10,"href":"https:\/\/www.ultimobaile.com\/index.php?rest_route=\/wp\/v2\/posts\/3245\/revisions"}],"predecessor-version":[{"id":3267,"href":"https:\/\/www.ultimobaile.com\/index.php?rest_route=\/wp\/v2\/posts\/3245\/revisions\/3267"}],"wp:attachment":[{"href":"https:\/\/www.ultimobaile.com\/index.php?rest_route=%2Fwp%2Fv2%2Fmedia&parent=3245"}],"wp:term":[{"taxonomy":"category","embeddable":true,"href":"https:\/\/www.ultimobaile.com\/index.php?rest_route=%2Fwp%2Fv2%2Fcategories&post=3245"},{"taxonomy":"post_tag","embeddable":true,"href":"https:\/\/www.ultimobaile.com\/index.php?rest_route=%2Fwp%2Fv2%2Ftags&post=3245"}],"curies":[{"name":"wp","href":"https:\/\/api.w.org\/{rel}","templated":true}]}}