{"id":316,"date":"2008-10-03T11:46:22","date_gmt":"2008-10-03T14:46:22","guid":{"rendered":"http:\/\/www.ultimobaile.com\/?p=316"},"modified":"2025-12-24T13:03:56","modified_gmt":"2025-12-24T16:03:56","slug":"sem-medo-de-parecerser-de-esquerda","status":"publish","type":"post","link":"https:\/\/www.ultimobaile.com\/?p=316","title":{"rendered":"Sem medo de parecer\/ser de esquerda."},"content":{"rendered":"<p style=\"text-align: justify;\">H\u00e1 semanas tenho dito que a disputa pelo Pal\u00e1cio Tom\u00e9 de Souza (suspenso na escarpa das Portas da Miseric\u00f3rida, com aquele desbunde de vista inteira\u00e7a para um sol que se p\u00f5e na maior ba\u00eda do hemisf\u00e9rio sul deste planetinha), este ano, \u00e9 a disputa municipal em que mais claramente os candidatos ocupam posi\u00e7\u00f5es no escopo direita-esquerda, sendo a \u00fanica em que todos os grandes partidos, e apenas os grandes partidos, t\u00eam candidatura pr\u00f3pria.<\/p>\n<p style=\"text-align: justify;\">Este cen\u00e1rio acaba funcionando como uma inflex\u00e3o temporal proustiana na pol\u00edtica da Nova Rep\u00fablica: ao mesmo tempo que reencena, a n\u00edvel municipal, a primeira presidencial de 1989, antecipa e ensaia o que pode vir a ser 2010. \u00c9 mais um dos sintomas de que a Ditadura Militar aqui durou 40, e n\u00e3o 20 anos, e acabou de acabar agora, em janeiro de 2007. (Qualquer semelhan\u00e7a entre rea\u00e7\u00f5es festivas a morte de Toninho Malvadeza e a do chileno Dom Augusto Pinocchio n\u00e3o \u00e9 mera coincid\u00eancia).<\/p>\n<p style=\"text-align: justify;\">Sen\u00e3o, vejamos. Grampinho aparece emprensado entre dois lugares que j\u00e1 n\u00e3o mais existem. Por um lado, herdeiro de uma direita feudal e escravocrata, que renega, e por outroo basti\u00e3o da modernidade &#8211; modernidade esta j\u00e1 mofada, posto que representa o neoliberalismo que, como at\u00e9 George Bush sabe, teve sua missa-de-m\u00eas na Segunda-Feira Negra desta semana. \u00c9, em ambas as hip\u00f3teses, a extrema direita privatizante.<\/p>\n<p style=\"text-align: justify;\">Na centro-direita algo democr\u00e1tica, com tentativas de polidez europ\u00e9ia e tentando responder a uma l\u00f3gica mais de Estado que de Governo, est\u00e1 Ant\u00f4nio Imbassahy, numa dupla PSDB-PPS. Os ausp\u00edcios de Roberto Santos colaboram, mas nem tanto, para isso.<\/p>\n<p style=\"text-align: justify;\">Curioso mesmo nesse escopo est\u00e3o Jo\u00e3o Henrique e Walter Pinheiro. JH vem de uma ala populista, egressa do PDS para as hostes brizolistas assim que o PDS se desfez, nos anos 1980. \u00c9 a velha direita varguista, que n\u00e3o \u00e9 privatizante e \u00e9 trabalhista ao seu modo &#8211; uma direita metida a esquerda, que no fim \u00e9 centr\u00e3o. N\u00e3o o centr\u00e3o ponderado e culto, mas o centr\u00e3o fisiol\u00f3gico. A medida do meio, na pol\u00edtica, por vezes aparece como medida da mediocridade. Migrar do PDT para o PMDB de Geddel Vieira Lima, neste caso, \u00e9 sintom\u00e1tico. Se Vargas nos evoca Charles DeGaulle, Jo\u00e3o Henrique Carneiro parece mais um Fran\u00e7ois Bauyrou, candidato a presid\u00eancia da Fran\u00e7a na \u00faltima elei\u00e7\u00e3o.<\/p>\n<p style=\"text-align: justify;\">Bayrou \u00e9 o centr\u00e3o cretino, que acaba, por falta de rumo, sendo mais reacion\u00e1rio que os facist\u00f5es (e n\u00e3o atoa Bayrou recebeu apoio do ex-Rep\u00fablica de Vichy, colaborador direto da Gestapo, Jean Marie Baptiste Le Pen). \u00c9 t\u00e3o cretino que at\u00e9 a direita raivosa, e nem um pouco (mais) brilhante, como Diogo Mainardi, dizia preferir a socialista Segol\u00e9ne Royal a essa anodinia arriscada e interesseira: achavam menos pior.<\/p>\n<p style=\"text-align: justify;\">Jo\u00e3o Henrique representa esse tipinho de alpinismo pol\u00edtico. Sua gest\u00e3o \u00e9 melhor do que a de Imbassahy, quando este estava engessado pelo PFL carlista? Sem d\u00favida &#8211; mas isso n\u00e3o \u00e9 grande m\u00e9rito. O m\u00ednimo de senso de democracia e responsabilidade social garantiriam isso &#8211; e ambos podem advir apenas de ganhos narc\u00edsicos e populares comezinhos e mesquinhos.<\/p>\n<p style=\"text-align: justify;\">Por outro lado, Walter Pinheiro chama aten\u00e7\u00e3o porque n\u00e3o tem vergonha de parecer, ou ser, de esquerda &#8211; num tempo em que o PT, ou o Governo Lula, como diz um amigo &#8220;deixou de ser de centro-esquerda, para virar Centro-Avante&#8221;. Pinheiro estampa foto de Che Guevara em panfletos enormes com suas propostas de governo dentro; diz, com orgulho, que se criou no Uruguay e no Largo de Roma (dois bairros tradicionalmente do proletariado industrial e da classe m\u00e9dia baixa do funcionalismo p\u00fablico <em>old-stile<\/em> &#8211; meus av\u00f3s paternos vieram de l\u00e1, tamb\u00e9m); e sua m\u00fasica de campanha abre com os seguintes versos: &#8220;l<em>eva Salvador no peito \/ esquerdo \/ leva no cora\u00e7\u00e3o<\/em>&#8220;. Assim mesmo: &#8220;esquerdo&#8221; fica destacado, num crescente maior, isolado num s\u00f3 verso, quase gritado. Sua origem partid\u00e1ria n\u00e3o nega: vem da Democracia Socialista (e n\u00e3o do centrista e sedento de poder Campo Majorit\u00e1rio), e chegou a amea\u00e7ar ir pro PSOL no auge da crise de 2005. Esta imagem (de que ele &#8220;trairia&#8221; o PT) \u00e9 explorada por advers\u00e1rios, especialmente por JH. A mim, particularmente, tais imagens agradam mais do que desagradam. E agradam duplamente: por ter tido a coragem e a lucidez de arriscar-se a romper com o PT; e por ter tido a coragem e a lucidez de n\u00e3o ter rompido, evitando ir para um partido que, por puro ressentimento, \u00e9 capaz de se aproximar de Jorge Bornhausen (como vimos algumas vezes a Senatriz Heloisa Hist\u00e9rica confraternizando com esta ra\u00e7azinha nazi-integralista).<\/p>\n","protected":false},"excerpt":{"rendered":"<p>H\u00e1 semanas tenho dito que a disputa pelo Pal\u00e1cio Tom\u00e9 de Souza (suspenso na escarpa das Portas da Miseric\u00f3rida, com aquele desbunde de vista inteira\u00e7a para um sol que se p\u00f5e na maior ba\u00eda do hemisf\u00e9rio sul deste planetinha), este ano, \u00e9 a disputa municipal em que mais claramente os [&hellip;]<\/p>\n","protected":false},"author":2,"featured_media":0,"comment_status":"closed","ping_status":"open","sticky":false,"template":"","format":"standard","meta":{"footnotes":""},"categories":[9],"tags":[20,144,142,104,143,141,145,123,122,111,121,15],"class_list":["post-316","post","type-post","status-publish","format-standard","hentry","category-01viver","tag-bahia","tag-centro","tag-direita","tag-eleicoes-municipais-2008","tag-esquerda","tag-partidos-politicos","tag-pdt","tag-pfl","tag-pmdb","tag-psdb","tag-pt","tag-salvador"],"_links":{"self":[{"href":"https:\/\/www.ultimobaile.com\/index.php?rest_route=\/wp\/v2\/posts\/316","targetHints":{"allow":["GET"]}}],"collection":[{"href":"https:\/\/www.ultimobaile.com\/index.php?rest_route=\/wp\/v2\/posts"}],"about":[{"href":"https:\/\/www.ultimobaile.com\/index.php?rest_route=\/wp\/v2\/types\/post"}],"author":[{"embeddable":true,"href":"https:\/\/www.ultimobaile.com\/index.php?rest_route=\/wp\/v2\/users\/2"}],"replies":[{"embeddable":true,"href":"https:\/\/www.ultimobaile.com\/index.php?rest_route=%2Fwp%2Fv2%2Fcomments&post=316"}],"version-history":[{"count":7,"href":"https:\/\/www.ultimobaile.com\/index.php?rest_route=\/wp\/v2\/posts\/316\/revisions"}],"predecessor-version":[{"id":4496,"href":"https:\/\/www.ultimobaile.com\/index.php?rest_route=\/wp\/v2\/posts\/316\/revisions\/4496"}],"wp:attachment":[{"href":"https:\/\/www.ultimobaile.com\/index.php?rest_route=%2Fwp%2Fv2%2Fmedia&parent=316"}],"wp:term":[{"taxonomy":"category","embeddable":true,"href":"https:\/\/www.ultimobaile.com\/index.php?rest_route=%2Fwp%2Fv2%2Fcategories&post=316"},{"taxonomy":"post_tag","embeddable":true,"href":"https:\/\/www.ultimobaile.com\/index.php?rest_route=%2Fwp%2Fv2%2Ftags&post=316"}],"curies":[{"name":"wp","href":"https:\/\/api.w.org\/{rel}","templated":true}]}}