{"id":3146,"date":"2011-05-11T17:17:20","date_gmt":"2011-05-11T20:17:20","guid":{"rendered":"http:\/\/www.ultimobaile.com\/?p=3146"},"modified":"2025-12-24T13:02:55","modified_gmt":"2025-12-24T16:02:55","slug":"a-maca-na-cabeceira-ii","status":"publish","type":"post","link":"https:\/\/www.ultimobaile.com\/?p=3146","title":{"rendered":"A Ma\u00e7\u00e3 na Cabeceira &#8211; II"},"content":{"rendered":"<p style=\"text-align: justify;\">No universo ciclovi\u00e1rio, ativista ou n\u00e3o, h\u00e1 basicamente dois tipos de usu\u00e1rios de bicicleta: os aficcionados por bike, e que dela entendem tudo ou quase tudo, mas que quase nada entendem de cidades e nem se interessam por estas; e os aficcionados por cidades, que pouco entendem de bicicleta enquanto tecnologia em si por tomar estas apenas como utens\u00edlios para usar as cidades (como um garfo \u00e9 um utens\u00edlio para comer &#8211; eu obviamente estou neste segundo grupo).<\/p>\n<p style=\"text-align: justify;\"><a rel=\"attachment wp-att-3149\" href=\"https:\/\/www.ultimobaile.com\/?attachment_id=3149\"><img loading=\"lazy\" decoding=\"async\" class=\"aligncenter size-full wp-image-3149\" title=\"asbicicletas\" src=\"https:\/\/www.ultimobaile.com\/wp-content\/uploads\/2011\/05\/asbicicletas.jpg\" alt=\"\" width=\"770\" height=\"140\" srcset=\"https:\/\/www.ultimobaile.com\/wp-content\/uploads\/2011\/05\/asbicicletas.jpg 770w, https:\/\/www.ultimobaile.com\/wp-content\/uploads\/2011\/05\/asbicicletas-300x54.jpg 300w\" sizes=\"auto, (max-width: 770px) 100vw, 770px\" \/><\/a><\/p>\n<p style=\"text-align: justify;\">O ainda jovem (n\u00e3o tem um ano de atividades, ainda) blog &#8220;<em><strong>as bicicletas<\/strong><\/em>&#8221; (assim mesmo, tudo em min\u00fasculo) rompe esta dicotomia. Consegue tratar, e bem, das <a href=\"http:\/\/asbicicletas.wordpress.com\/2011\/05\/02\/entre-rios\/\" target=\"_blank\">quest\u00f5es urbanas<\/a>, do direito a cidade, e ter uma <a href=\"http:\/\/asbicicletas.wordpress.com\/2010\/07\/27\/marchas-for-dummies\/\" target=\"_blank\">riqueza de detalhes t\u00e9cnicos sobre componentes de bicicletas<\/a>, tipos de <a href=\"http:\/\/asbicicletas.wordpress.com\/2011\/04\/19\/o-que-levar-num-audax-200-ou-num-desafio\/\" target=\"_blank\">alimenta\u00e7\u00e3o para competi\u00e7\u00e3o<\/a>, etc. Isto \u00e9: ser CycleChic e biker-fantasiado-de-lycra ao mesmo tempo, sem resvalar no capacetismo e <a href=\"http:\/\/asbicicletas.wordpress.com\/2011\/04\/27\/a-caloi-sk-do-iran\/\" target=\"_blank\">sem esquecer-se de s\u00e3o os pobres, prolet\u00e1rios<\/a> (principalmente <a href=\"http:\/\/asbicicletas.wordpress.com\/2011\/03\/08\/um-post-para-as-mulheres\/\" target=\"_blank\">as mulheres pobres<\/a>),\u00a0alheios a estas querelas, os maiores usu\u00e1rios (e beneficiados) da bicicleta como meio de transporte (e de lazer). O que condiz a perfei\u00e7\u00e3o com seu subt\u00edtulo: &#8220;<strong><em><a href=\"http:\/\/asbicicletas.wordpress.com\/about\/\" target=\"_blank\">bicicletas. todas. sempre. tudo sobre bicicletas.<\/a><\/em><\/strong>&#8220;<\/p>\n<p style=\"text-align: justify;\">Tudo mesmo, inclusive filosofia moral! Seu autor, Prof. Odir Zuge Jr., advogado paulista, \u00e9 capaz de num <a href=\"http:\/\/asbicicletas.wordpress.com\/2011\/01\/29\/bicicletada-festa-ou-protesto-e-mais-alem-um-novo-paradigma-de-ocupacao-das-ruas\/\" target=\"_blank\">post sobre as Massas Cr\u00edticas, e dialogando diretamente com um texto do movimento original de S\u00e3o Francisco na Calif\u00f3rnia, trazer Spinoza e Foucault para o debate<\/a>. Ou em outro, tratar da <a href=\"http:\/\/asbicicletas.wordpress.com\/2011\/02\/27\/o-diferencial-moral\/\" target=\"_blank\">legitimidade que os ciclistas t\u00eam de se sentir moralmente superiores do que os motoristas<\/a> &#8211; sem nenhum proselitismo.<\/p>\n<p style=\"text-align: justify;\">Me agrada em especial o fato de todos os textos serem grafados sempre em letras min\u00fasculas. Talvez porque isto evoque a poesia de e.e.cummings, que me \u00e9 muito cara; mais provavelmente, pelo senso de humildade e oralidade que se transmite prosodicamente nisso; esta dupla-face de ser um blog ao mesmo tempo erudito tanto em ci\u00eancia pol\u00edtica quanto em mec\u00e2nica tecnol\u00f3gica, e modest\u00edssimo em seu linguajar.<\/p>\n","protected":false},"excerpt":{"rendered":"<p>No universo ciclovi\u00e1rio, ativista ou n\u00e3o, h\u00e1 basicamente dois tipos de usu\u00e1rios de bicicleta: os aficcionados por bike, e que dela entendem tudo ou quase tudo, mas que quase nada entendem de cidades e nem se interessam por estas; e os aficcionados por cidades, que pouco entendem de bicicleta enquanto [&hellip;]<\/p>\n","protected":false},"author":2,"featured_media":0,"comment_status":"closed","ping_status":"open","sticky":false,"template":"","format":"standard","meta":{"footnotes":""},"categories":[919,9],"tags":[889,285,1629,1630,888,1628,49,314],"class_list":["post-3146","post","type-post","status-publish","format-standard","hentry","category-01flanar","category-01viver","tag-bicicleta","tag-brasil","tag-junior","tag-massa-critica","tag-mobilidade-urbana","tag-odir-zuge-jr","tag-politica","tag-sao-paulo"],"_links":{"self":[{"href":"https:\/\/www.ultimobaile.com\/index.php?rest_route=\/wp\/v2\/posts\/3146","targetHints":{"allow":["GET"]}}],"collection":[{"href":"https:\/\/www.ultimobaile.com\/index.php?rest_route=\/wp\/v2\/posts"}],"about":[{"href":"https:\/\/www.ultimobaile.com\/index.php?rest_route=\/wp\/v2\/types\/post"}],"author":[{"embeddable":true,"href":"https:\/\/www.ultimobaile.com\/index.php?rest_route=\/wp\/v2\/users\/2"}],"replies":[{"embeddable":true,"href":"https:\/\/www.ultimobaile.com\/index.php?rest_route=%2Fwp%2Fv2%2Fcomments&post=3146"}],"version-history":[{"count":8,"href":"https:\/\/www.ultimobaile.com\/index.php?rest_route=\/wp\/v2\/posts\/3146\/revisions"}],"predecessor-version":[{"id":3157,"href":"https:\/\/www.ultimobaile.com\/index.php?rest_route=\/wp\/v2\/posts\/3146\/revisions\/3157"}],"wp:attachment":[{"href":"https:\/\/www.ultimobaile.com\/index.php?rest_route=%2Fwp%2Fv2%2Fmedia&parent=3146"}],"wp:term":[{"taxonomy":"category","embeddable":true,"href":"https:\/\/www.ultimobaile.com\/index.php?rest_route=%2Fwp%2Fv2%2Fcategories&post=3146"},{"taxonomy":"post_tag","embeddable":true,"href":"https:\/\/www.ultimobaile.com\/index.php?rest_route=%2Fwp%2Fv2%2Ftags&post=3146"}],"curies":[{"name":"wp","href":"https:\/\/api.w.org\/{rel}","templated":true}]}}