{"id":3137,"date":"2011-05-24T11:27:58","date_gmt":"2011-05-24T14:27:58","guid":{"rendered":"http:\/\/www.ultimobaile.com\/?p=3137"},"modified":"2025-12-24T13:02:55","modified_gmt":"2025-12-24T16:02:55","slug":"homenagem-de-grego","status":"publish","type":"post","link":"https:\/\/www.ultimobaile.com\/?p=3137","title":{"rendered":"Homenagem de Grego"},"content":{"rendered":"<p style=\"text-align: justify;\">Um dos sintomas do recuo, timidez, que t\u00eam como consequ\u00eancia certo mediocrismo cartorial, da gest\u00e3o atual da Secretaria de Cultura do Estado da Bahia (SECULT-BA), \u00e9 esta primeira temporada de exposi\u00e7\u00f5es sob a batuta de Albino Rubim e sem Daniel Rangel na Diretoria de Museus do Instituto do Patrim\u00f4nio Art\u00edstico e Cultural (DIMUS-IPAC; embora ele continue na SECULT em outro setor).<\/p>\n<p style=\"text-align: justify;\">Chamar as exposi\u00e7\u00f5es atuais do Museu de Arte da Bahia, Palacete das Artes Rodin, Museu de Arte Moderna e Solar Ferr\u00e3o de &#8220;temporada&#8221; j\u00e1 \u00e9 de si um equ\u00edvoco: elas n\u00e3o dialogam entre si. Por mais que e<a href=\"https:\/\/www.ultimobaile.com\/?p=2134\" target=\"_blank\">u discordasse da pol\u00edtica de museus da gest\u00e3o de Marcio Meirelles<\/a>, havia ali unicidade, coer\u00eancia, qualidade, esmero e resultados. <a href=\"https:\/\/www.ultimobaile.com\/?p=2166\" target=\"_blank\">As exposi\u00e7\u00f5es dialogavam uma com as outras e levavam o visitante a querer ver mais museus<\/a>.<\/p>\n<p style=\"text-align: justify;\">O que se v\u00ea hoje \u00e9 no MAB a exposi\u00e7\u00e3o de um artista judeu pouco conhecido, pseudo-modernista contempor\u00e2neo (bem ao gosto de certa arte-decorativa mais apropriada a alcovas de mot\u00e9is), e que por isso nada tem a ver com as fun\u00e7\u00f5es do MAB (ampliadas, \u00e9 verdade, na gest\u00e3o de Marcio para fora do s\u00e9culo XIX, e incluido o Modernismo). No MAM, um drops da p\u00e9ssima Bienal Internacional de S\u00e3o Paulo &#8211; nada poderia ser mais colonialista quando temos a 200km de Salvador acontecendo a talvez melhor <a href=\"https:\/\/www.ultimobaile.com\/?p=2356\" target=\"_blank\">Bienal de Artes Visuais do pa\u00eds: a de S\u00e3o F\u00e9lix<\/a>.<\/p>\n<p style=\"text-align: justify;\">Pior de todas \u00e9 a suposta homenagem a 100 anos de Caryb\u00e9, no Solar Ferr\u00e3o. Temia que fosse uma reprise da <a href=\"https:\/\/www.ultimobaile.com\/?p=1117\" target=\"_blank\">excelente exposi\u00e7\u00e3o de lan\u00e7amento do Instituto Caryb\u00e9, em 2009, no MAM<\/a>. Qual nada, \u00e9 peior! 14 telas inconclusas e sem legenda, e uma r\u00e9plica de seu est\u00fadio do Engenho Velho da Boa Vista de Brotas. E s\u00f3. Em 15 minutos tudo j\u00e1 se viu e a decep\u00e7\u00e3o foi consumada. E, ah, no cronograma biogr\u00e1fico de Caryb\u00e9 n\u00e3o \u00e9 sequer citada a exposi\u00e7\u00e3o explendorosa do MAM-BA de dois anos atr\u00e1s&#8230;<\/p>\n<p style=\"text-align: justify;\"><a rel=\"attachment wp-att-3141\" href=\"https:\/\/www.ultimobaile.com\/?attachment_id=3141\"><img loading=\"lazy\" decoding=\"async\" class=\"alignleft size-full wp-image-3141\" title=\"frans-krajcberg1\" src=\"https:\/\/www.ultimobaile.com\/wp-content\/uploads\/2011\/05\/frans-krajcberg1.jpg\" alt=\"\" width=\"265\" height=\"400\" srcset=\"https:\/\/www.ultimobaile.com\/wp-content\/uploads\/2011\/05\/frans-krajcberg1.jpg 265w, https:\/\/www.ultimobaile.com\/wp-content\/uploads\/2011\/05\/frans-krajcberg1-198x300.jpg 198w\" sizes=\"auto, (max-width: 265px) 100vw, 265px\" \/><\/a>Pra n\u00e3o dizer que tudo est\u00e1 perdido, a exposi\u00e7\u00e3o de Franz Krajcberg no Museu Rodin \u00e9 digna, e mesmo majestosa com suas propor\u00e7\u00f5es monumentais, e sua teoria oncol\u00f3gica (e n\u00e3o ecol\u00f3gica) da natureza: vegetais que parecem se transmutar em plantas carn\u00edvoras e quinid\u00e1rios, corais, caravelas, \u00e1guas-vivas, por efeito da polui\u00e7\u00e3o e da radioatividade &#8211; formas a um s\u00f3 tempo antediluvianas e de um futuro p\u00f3s-apocal\u00edptico.<\/p>\n<p style=\"text-align: justify;\">Ali\u00e1s, talvez seja esta a grande met\u00e1fora da obra do polaco baiano: o quanto de animal predat\u00f3rio h\u00e1 nas esp\u00e9cies de outros reinos biol\u00f3gicos: os fungos, cogumelos e l\u00edquens, verdadeiros carniceiros da celulose umedecida; as \u00e1rvores parasit\u00e1rias, como as figueiras, que podem matar sua hospedeira mesmo tendo como consequ\u00eancia sua pr\u00f3pria morte posterior, tal qual uma foto mostrada na cole\u00e7\u00e3o l\u00e1 exposta. Krajcberg, como um Proust kafkianamente deformado, reduz o homem a sua condi\u00e7\u00e3o bot\u00e2nica, mas patol\u00f3gica em que as \u00fanicas flores s\u00e3o carcinomas e cancros. At\u00e9 nisso o espa\u00e7o foi acertado: a agonia muscular que Augustin Rodin, no pr\u00e9dio ao lado, imp\u00f5e a pedra, ao gesso e ao bronze, Krajcberg imp\u00f5e \u00e0 madeira e aos vegetais.<\/p>\n<p style=\"text-align: justify;\">Fora este acerto, que mais sublinha os equ\u00edvocos que s\u00e3o as outras exposi\u00e7\u00f5es da temporada, o que fica? Fica a impress\u00e3o de eventos organizados \u00e0s pressas, sem maior reflex\u00e3o, e para cumprir tabela. Dispens\u00e1vel. Curiosamente, vieram do setor privado as \u00fanicas duas exposi\u00e7\u00f5es-homenagem dignas: uma s\u00e9rie de 12 croquis de Caryb\u00e9 acerca dos ensaios de Rudolf Nureyev em Nova York, expostos\u00a0no foyer do Teatro Vila Velha durante o Viva Dan\u00e7a ao longo do\u00a0m\u00eas de abril, e os \u00faltimos trabalhos do \u00faltimo sobrevivente do alto-modernismo bahiano: M\u00e1rio Cravo Jr., na Galeria Paulo Darz\u00e9.<\/p>\n<p style=\"text-align: justify;\">\u00a0<\/p>\n","protected":false},"excerpt":{"rendered":"<p>Um dos sintomas do recuo, timidez, que t\u00eam como consequ\u00eancia certo mediocrismo cartorial, da gest\u00e3o atual da Secretaria de Cultura do Estado da Bahia (SECULT-BA), \u00e9 esta primeira temporada de exposi\u00e7\u00f5es sob a batuta de Albino Rubim e sem Daniel Rangel na Diretoria de Museus do Instituto do Patrim\u00f4nio Art\u00edstico [&hellip;]<\/p>\n","protected":false},"author":2,"featured_media":0,"comment_status":"closed","ping_status":"open","sticky":false,"template":"","format":"standard","meta":{"footnotes":""},"categories":[938,919,12,9],"tags":[1593,330,1626,20,662,1624,472,1627,1285,475,1652,1284,1130,825,1438,1651,473,15,114,476,632,165,1625],"class_list":["post-3137","post","type-post","status-publish","format-standard","hentry","category-bailes","category-01flanar","category-01ver","category-01viver","tag-albino-rubim","tag-artes-plasticas","tag-artes-visuais","tag-bahia","tag-carybe","tag-daniel-rangel","tag-escultura","tag-franz-krajcberg","tag-mab","tag-mam","tag-mario-cravo-jr","tag-museu-de-arte-da-bahia","tag-museu-de-arte-moderna-da-bahia","tag-museu-rodin","tag-palacete-das-artes","tag-paulo-darze-galeria-de-arte","tag-pintura","tag-salvador","tag-secretaria-de-cultura-do-estado-da-bahia","tag-solar-do-unhao","tag-solar-ferrao","tag-teatro-vila-velha","tag-temporada-de-exposicoes"],"_links":{"self":[{"href":"https:\/\/www.ultimobaile.com\/index.php?rest_route=\/wp\/v2\/posts\/3137","targetHints":{"allow":["GET"]}}],"collection":[{"href":"https:\/\/www.ultimobaile.com\/index.php?rest_route=\/wp\/v2\/posts"}],"about":[{"href":"https:\/\/www.ultimobaile.com\/index.php?rest_route=\/wp\/v2\/types\/post"}],"author":[{"embeddable":true,"href":"https:\/\/www.ultimobaile.com\/index.php?rest_route=\/wp\/v2\/users\/2"}],"replies":[{"embeddable":true,"href":"https:\/\/www.ultimobaile.com\/index.php?rest_route=%2Fwp%2Fv2%2Fcomments&post=3137"}],"version-history":[{"count":14,"href":"https:\/\/www.ultimobaile.com\/index.php?rest_route=\/wp\/v2\/posts\/3137\/revisions"}],"predecessor-version":[{"id":3197,"href":"https:\/\/www.ultimobaile.com\/index.php?rest_route=\/wp\/v2\/posts\/3137\/revisions\/3197"}],"wp:attachment":[{"href":"https:\/\/www.ultimobaile.com\/index.php?rest_route=%2Fwp%2Fv2%2Fmedia&parent=3137"}],"wp:term":[{"taxonomy":"category","embeddable":true,"href":"https:\/\/www.ultimobaile.com\/index.php?rest_route=%2Fwp%2Fv2%2Fcategories&post=3137"},{"taxonomy":"post_tag","embeddable":true,"href":"https:\/\/www.ultimobaile.com\/index.php?rest_route=%2Fwp%2Fv2%2Ftags&post=3137"}],"curies":[{"name":"wp","href":"https:\/\/api.w.org\/{rel}","templated":true}]}}