{"id":3124,"date":"2011-05-06T13:02:29","date_gmt":"2011-05-06T16:02:29","guid":{"rendered":"http:\/\/www.ultimobaile.com\/?p=3124"},"modified":"2025-12-24T13:02:55","modified_gmt":"2025-12-24T16:02:55","slug":"greve-terapeutica-contra-paralisacao-neurotica","status":"publish","type":"post","link":"https:\/\/www.ultimobaile.com\/?p=3124","title":{"rendered":"Greve terap\u00eautica contra paralisia neur\u00f3tica"},"content":{"rendered":"<p style=\"text-align: justify;\">A greve dos servidores estaduais de sa\u00fade da Bahia, hora em vigor, \u00e9 ao mesmo tempo uma retifica\u00e7\u00e3o psicanal\u00edtica no campo da esquerda, talvez sem precedentes no pa\u00eds; e um sintoma da paralisia cartorial que se instaurou na Secretaria Estadual de Sa\u00fade (SESAB) desde, pelo menos, final de 2007.<\/p>\n<p style=\"text-align: justify;\">Digo retifica\u00e7\u00e3o porque, em todo o seu discurso (finalmente amadurecido) o SindSa\u00fade deixa claro que a greve n\u00e3o \u00e9 por ser contra o governo atual &#8211; ao contr\u00e1rio, faz-se greve justamente porque se o apoia. Como os sindicatos no Brasil v\u00eam de quase 30 anos apenas fazendo movimentos de massa contra governos de direita, desde a elei\u00e7\u00e3o de Lula em 2002 ficaram sem saber exatamente como\u00a0ocagir concretamente, desde o lado de fora, um governo que n\u00e3o obstante apoiam. De quebra, nesta \u00faltima d\u00e9cada boa parte dos corpos sindicais migraram para a administra\u00e7\u00e3o p\u00fablica, de modo que movimentos grevistas soavam nos sindicatos como &#8220;luta de si contra si mesmo&#8221;.<\/p>\n<p style=\"text-align: justify;\">Arqueologicamente anterior h\u00e1, ainda, um trauma fundamental: a mem\u00f3ria sindical brasileira sabe que foi a oposi\u00e7\u00e3o nas ruas \u00e0 esquerda, a um governo de esquerda (o de Jango), que levou ao Golpe Militar de 1964. Sempre h\u00e1 uma fantasia f\u00f3bica, inconsciente, de que opor-se a um governo que se apoia \u00e9 &#8220;dar f\u00f4lego \u00e0 direita, que o quer ver vencido&#8221;.<\/p>\n<p style=\"text-align: justify;\">Na Bahia, agora, parece que as coisas est\u00e3o sendo diferentes: uma greve que consegue deixar claro n\u00e3o se contra o governo (ao contr\u00e1rio: visa retific\u00e1-lo para que cumpra o que o elegeu) sem soar pelego. Isto foi poss\u00edvel por dadas condi\u00e7\u00f5es materiais: a reelei\u00e7\u00e3o de Jaques Wagner para governador do estado garante que n\u00e3o h\u00e1 &#8220;direita&#8221; (nem mesmo a de Geddel) que se poderia aproveitar (e cooptar) de um movimento grevista para &#8220;enfraquecer&#8221; o governo. Por outro lado, os sindicatos n\u00e3o se v\u00eam na prem\u00eancia de vencer uma reelei\u00e7\u00e3o que julgavam dif\u00edcil (a de Wagner) e ou de evitar uma reelei\u00e7\u00e3o que seria (como foi) tenebrosa (a de Jo\u00e3o Henrique Carneiro, na capital) &#8211; cen\u00e1rio bem diferente do da \u00faltima tentativa de greve, frustrada, em 2008.<\/p>\n<p style=\"text-align: justify;\">H\u00e1 ainda o &#8220;<a href=\"https:\/\/www.ultimobaile.com\/?p=2275\" target=\"_blank\">fator Otto Alencar<\/a>&#8220;: escolhendo um carlista para vice, Jaques Wagner se coloca mais a direita do que estava, dando o aval a movimentos opositores de car\u00e1ter retificadores.<\/p>\n<p style=\"text-align: justify;\">Dito de outra forma, o SindSa\u00fade realizou assim o que se poderia chamar de &#8220;ato anal\u00edtico&#8221;: deu-se conta das condi\u00e7\u00f5es de sua paralisia e subservi\u00eancia, mudou de posi\u00e7\u00e3o e ficou mais senhor de suas a\u00e7\u00f5es, que se tornam assim mais eficazes; e com isso pode ocupar o lugar de analista, isto \u00e9, de colocar o sintoma enfim em quest\u00e3o: o sintoma da SESAB sob Jorge Solla.<\/p>\n<p style=\"text-align: center;\"><strong>* * *<\/strong><\/p>\n<div id=\"attachment_3128\" style=\"width: 230px\" class=\"wp-caption alignleft\"><a rel=\"attachment wp-att-3128\" href=\"https:\/\/www.ultimobaile.com\/?attachment_id=3128\"><img loading=\"lazy\" decoding=\"async\" aria-describedby=\"caption-attachment-3128\" class=\"size-full wp-image-3128\" title=\"Jorge-Solla\" src=\"https:\/\/www.ultimobaile.com\/wp-content\/uploads\/2011\/05\/Jorge-Solla.jpg\" alt=\"\" width=\"220\" height=\"231\" \/><\/a><p id=\"caption-attachment-3128\" class=\"wp-caption-text\">Ele terceirizou o cargo de Secret\u00e1rio <\/p><\/div>\n<p style=\"text-align: justify;\">Jorge Solla assumiu a SESAB em situa\u00e7\u00e3o peculiar, de resto similar a todo o Governo Wagner com alguns graus a mais de avan\u00e7o: j\u00e1 n\u00e3o havia carlismo, e se come\u00e7ava uma institucionaliza\u00e7\u00e3o republicana de estado desde o governo de Paulo Souto. Na gest\u00e3o de Jos\u00e9 Ant\u00f4nio (Secret\u00e1rio de Sa\u00fade de Paulo Souto) se realizou grandes concursos, e se fundou a Escola Estadual de Sa\u00fade P\u00fablica (EESP), atrav\u00e9s da qual a SESAB passava a dar qualifica\u00e7\u00e3o, capacita\u00e7\u00e3o e p\u00f3s-gradua\u00e7\u00e3o aos servidores do Sistema \u00danico de Sa\u00fade da Bahia &#8211; fossem estaduais, federais, municipais, terceirizados, n\u00e3o importa. Isto \u00e9: cumprir o que a Constitui\u00e7\u00e3o e as leis org\u00e2nicas do SUS atribuem como responsabilidade dos estados.<\/p>\n<p style=\"text-align: justify;\">Foi no concurso de Paulo Souto que ingressei na carreira; foi pouco antes, pela EESP que me\u00a0especializei em Sa\u00fade Mental. Solla at\u00e9 certo ponto acirra estes desenvolvimentos (de novo, como ocorre no restante do Governo Wagner): num primeiro momento elimina a terceiriza\u00e7\u00e3o de m\u00e9dicos por uma cooperativa obscura (por mandato judicial, \u00e9 verdade, mas creio que ele faria de qualquer forma) realiza contrata\u00e7\u00e3o emergencial pelo Regime Especial de Direito Administrativo (REDA) mediante sele\u00e7\u00e3o p\u00fablica transparente por provas e t\u00edtulos, e come\u00e7a a preparar um concurso p\u00fablico.<\/p>\n<p style=\"text-align: justify;\">\u00c9 a\u00ed, na virada de 2007 para 2008 que a coisa degringola. O que parece \u00e9 que Jorge Solla, genial ex-Secret\u00e1rio de Sa\u00fade de Vit\u00f3ria da Conquista, come\u00e7ou um passo de valsa sem saber bem pra onde ia. <a href=\"https:\/\/www.ultimobaile.com\/?p=2548\" target=\"_blank\">Queria ampliar a rede, mas a\u00ed faz um question\u00e1vel hospital privatizado<\/a>. Formula um necess\u00e1rio, e at\u00e9 certo ponto correto, Plano de Cargos e Sal\u00e1rios &#8211; mas at\u00e9 hoje n\u00e3o publicou o modelo de progress\u00e3o de carreira (e \u00e9 esta a \u00fanica reivindica\u00e7\u00e3o da greve que une todos os trabalhadores do setor &#8211; isto \u00e9: a principal causa). O concurso em quest\u00e3o entra numa barafunda de contagem de pontos que se n\u00e3o foi uma tentativa de fazer &#8220;quem-indicou&#8221;, pareceu, foi parar na justi\u00e7a, e levou mais de ano para come\u00e7ar a dar posse.<\/p>\n<p style=\"text-align: justify;\">Note-se: s\u00e3o quest\u00f5es gerenciais, e n\u00e3o de escolha pol\u00edtica. A SESAB sempre foi mangueada,as sabia-se que uma vez que ela come\u00e7asse a cumprir seus des\u00edgnios constitucionais, teria de melhorar tecnicamente sua gest\u00e3o. Solla n\u00e3o fez qualquer tipo de sele\u00e7\u00e3o de corpo t\u00e9cnico, ao contr\u00e1rio: esquartejou a SESAB entre sindicalistas sem nenhum preparo para a administra\u00e7\u00e3o p\u00fablica, e pol\u00edticos de partido (quase todos PCdoB e PT) que impediam que certas informa\u00e7\u00f5es chegassem ao secret\u00e1rio. A SESAB passou a ser uma secretaria &#8220;governada a partir do segundo escal\u00e3o&#8221; &#8211; Jorge Solla comparecia apenas como pr\u00edncipe-regente, uma figura simb\u00f3lica sem capacidade decis\u00f3ria.<\/p>\n<p style=\"text-align: justify;\">N\u00e3o se pense que, com isso, a radicaliza\u00e7\u00e3o da republicaniza\u00e7\u00e3o iniciada por Paulo Souto se vergou a esquerda. Esta foi a regra no Governo Wagner at\u00e9 agora, mas n\u00e3o na Sa\u00fade. Em verdade, vergou para diversos lados, zanzando em zigzag, sem saber pra onde rumar. Uma ala partid\u00e1ria puxava para um lado, outra sabotava; uma terceira, dava pra tr\u00e1s. A posi\u00e7\u00e3o do Secret\u00e1rio ficou t\u00e3o subalterna a seus subalternos que nas \u00faltimas elei\u00e7\u00f5es ele fez campanha para seu ex-Chefe de Gabinete, o hoje Deputado Federal Amaury Teixeira. Que um chefe de gabinete ajude a eleger um ex-secret\u00e1rio, \u00e9 do jogo; o contr\u00e1rio, como ocorreu, \u00e9 uma patologia pol\u00edtica.<\/p>\n<p style=\"text-align: justify;\">A crise que Solla hoje enfrenta \u00e9, como tudo mais na vida, consequ\u00eancia de suas pr\u00f3prias contradi\u00e7\u00f5es: cedeu demais a apetites eleitorais (que, sejamos justos, sequer s\u00e3o dele e talvez nem fossem do governador), e n\u00e3o consegue realizar cartorialmente na sua Secretaria uma mera progress\u00e3o de carreira.<\/p>\n<p style=\"text-align: justify;\">\n","protected":false},"excerpt":{"rendered":"<p>A greve dos servidores estaduais de sa\u00fade da Bahia, hora em vigor, \u00e9 ao mesmo tempo uma retifica\u00e7\u00e3o psicanal\u00edtica no campo da esquerda, talvez sem precedentes no pa\u00eds; e um sintoma da paralisia cartorial que se instaurou na Secretaria Estadual de Sa\u00fade (SESAB) desde, pelo menos, final de 2007. Digo [&hellip;]<\/p>\n","protected":false},"author":2,"featured_media":0,"comment_status":"closed","ping_status":"open","sticky":false,"template":"","format":"standard","meta":{"footnotes":""},"categories":[9],"tags":[924,1452,856,855,1622,1621,1620],"class_list":["post-3124","post","type-post","status-publish","format-standard","hentry","category-01viver","tag-greve","tag-jorge-solla","tag-secretaria-de-saude-do-estado-da-bahia","tag-sesab","tag-sindicato","tag-sindmed","tag-sindsaude"],"_links":{"self":[{"href":"https:\/\/www.ultimobaile.com\/index.php?rest_route=\/wp\/v2\/posts\/3124","targetHints":{"allow":["GET"]}}],"collection":[{"href":"https:\/\/www.ultimobaile.com\/index.php?rest_route=\/wp\/v2\/posts"}],"about":[{"href":"https:\/\/www.ultimobaile.com\/index.php?rest_route=\/wp\/v2\/types\/post"}],"author":[{"embeddable":true,"href":"https:\/\/www.ultimobaile.com\/index.php?rest_route=\/wp\/v2\/users\/2"}],"replies":[{"embeddable":true,"href":"https:\/\/www.ultimobaile.com\/index.php?rest_route=%2Fwp%2Fv2%2Fcomments&post=3124"}],"version-history":[{"count":7,"href":"https:\/\/www.ultimobaile.com\/index.php?rest_route=\/wp\/v2\/posts\/3124\/revisions"}],"predecessor-version":[{"id":3133,"href":"https:\/\/www.ultimobaile.com\/index.php?rest_route=\/wp\/v2\/posts\/3124\/revisions\/3133"}],"wp:attachment":[{"href":"https:\/\/www.ultimobaile.com\/index.php?rest_route=%2Fwp%2Fv2%2Fmedia&parent=3124"}],"wp:term":[{"taxonomy":"category","embeddable":true,"href":"https:\/\/www.ultimobaile.com\/index.php?rest_route=%2Fwp%2Fv2%2Fcategories&post=3124"},{"taxonomy":"post_tag","embeddable":true,"href":"https:\/\/www.ultimobaile.com\/index.php?rest_route=%2Fwp%2Fv2%2Ftags&post=3124"}],"curies":[{"name":"wp","href":"https:\/\/api.w.org\/{rel}","templated":true}]}}