{"id":3096,"date":"2011-04-03T20:29:49","date_gmt":"2011-04-03T23:29:49","guid":{"rendered":"http:\/\/www.ultimobaile.com\/?p=3096"},"modified":"2025-12-24T13:02:55","modified_gmt":"2025-12-24T16:02:55","slug":"secult-partida-ao-meio","status":"publish","type":"post","link":"https:\/\/www.ultimobaile.com\/?p=3096","title":{"rendered":"SECULT partida ao meio"},"content":{"rendered":"<p style=\"text-align: justify;\"><span style=\"font-size: small;\"><span style=\"color: #000000;\">Passado o frisson da troca-da-guarda de M\u00e1rcio Meirelles para Albino Rubim (que nem foi t\u00e3o troca-da-guarda assim&#8230;), j\u00e1\u00a0\u00e9\u00a0poss\u00edvel sentir algumas diferen\u00e7as no clima institucional da nova gest\u00e3o. Se as diferen\u00e7as materiais, quer em pol\u00edticas p\u00fablicas quer em quadros t\u00e9cnicos, \u00e9 quase nenhuma, h\u00e1 distin\u00e7\u00f5es sutis, e nem sempre positivas, numa vis\u00e3oda rela\u00e7\u00e3o deste \u00f3rg\u00e3o de estado com a sociedade. <\/span><\/span><\/p>\n<p style=\"text-align: justify;\"><span style=\"font-size: small;\"><span style=\"color: #000000;\">Muito se diz que a gest\u00e3o de Albino Rubim seria melhor que a de Marcio porque mais institucionalizante, quer tecnicamente (ele \u00e9 doutor rigoroso numa \u00e1rea em que Marcio \u00e9 apenas um intuitivo brilhante) quer politicamente (o fato de ser um homem de partido, e ter sido escolhido como Secret\u00e1rio de Cultura justamente por isso). Pode ser, mas h\u00e1 a\u00ed uma fal\u00e1cia: \u00e9 f\u00e1cil ser melhor do que Marcio, depois de Marcio \u2013 como \u00e9 f\u00e1cil ser pior do que M\u00e1rcio, depois dele, uma vez que foi ele que levou adiante, com destemor e inventividade, a tarefa de dar a Bahia finalmente uma Secretaria espec\u00edfica de Cultura com um or\u00e7amento condigno ao estado cuja capital \u00e9 a mais antiga, e culturalmente efervecente, talvez das Am\u00e9ricas. <\/span><\/span><\/p>\n<p style=\"text-align: justify;\"><span style=\"font-size: small;\"><span style=\"color: #000000;\">H\u00e1\u00a0ainda neste tipo de afirma\u00e7\u00e3o uma arapuca midi\u00e1tica: aqueles que falavam mal da gest\u00e3o de Meirelles hoje j\u00e1\u00a0come\u00e7am a elogi\u00e1-la \u2013 a exemplo da <a href=\"http:\/\/www.radiometropole.com.br\/noticias\/index_noticias.php?id=VGxSUk1rNXFWVDA9\" target=\"_blank\">R\u00e1dio Metr\u00f3pole que agora se rasga em elogios ao Carnaval Ouro Negro e ao Neojib\u00e1<\/a>. Mas, quando convier, usar\u00e1 isso contra Albino; e quando convier, usar\u00e1 Albino contra a heran\u00e7a de Marcio \u2013 num tipo de jogo de \u201ccara eu ganho, coroa voc\u00ea perde\u201d similar ao que \u00e9 feito nacionalmente na compara\u00e7\u00e3o Dilma X Lula. Claro que os dois s\u00e3o macacos velhos, e pr\u00f3ximos o suficiente, para na \u00faltima hora n\u00e3o cairem na armadilha \u2013 mas v\u00e3o permitindo (especialmente o atual Secret\u00e1rio) que ela v\u00e1 sendo montada. <\/span><\/span><\/p>\n<p style=\"text-align: justify;\"><span style=\"font-size: small;\"><span style=\"color: #000000;\">Esta armadilha \u00e9\u00a0coonestada pela SECULT a partir do momento que, tendo a frente da pasta agora um jornalista, resolve se aproximar amigavelmente de \u00f3rg\u00e3os de imprensa que todos sabemos serem\u00a0 comprados pelo Ax\u00e9-System, al\u00e9m de falidos e por isto mesmo praticantes de chantagem institucional contra o governo estadual de plant\u00e3o. Claro que a gest\u00e3o anterior da SECULT se afastou demais, e muito abruptamente, da m\u00eddia tradicional em dire\u00e7\u00e3o a m\u00eddia dita alternativa, da internet \u2013 e isto eu mesmo j\u00e1 critiquei &#8211; o que lhe rendeu transtornos al\u00e9m dos que espontaneamente j\u00e1 teria. Mas fazer o caminho inverso agora n\u00e3o \u00e9 apenas indesej\u00e1vel, como imposs\u00edvel ao seu modo. E n\u00e3o se trata apenas de a SECULT estar por demais pr\u00f3xima da m\u00eddia gorda, mas de ter se distanciado, encastelado mesmo em gravatas-e-palet\u00f3s, em rela\u00e7\u00e3o a sociedade \u2013 com quem o antigo Secret\u00e1rio mantinha rela\u00e7\u00f5es fisicamente diretas, al\u00e9m de ler sistematicamente o que n\u00f3s blogs dizemos e de levar isto em considera\u00e7\u00e3o. O que, convenhamos, Albino Rubim (algu\u00e9m de quem se diz que n\u00e3o tinha nem conta de e-mail nem celular at\u00e9 poucos meses atr\u00e1s) est\u00e1 longe de fazer. <\/span><\/span><\/p>\n<p style=\"text-align: justify;\"><span style=\"font-size: small;\"><span style=\"color: #000000;\">Em tempo: n\u00e3o digo, com isso, que Albino Rubim foi uma m\u00e1\u00a0op\u00e7\u00e3o. Foi excelente, e ademais n\u00e3o haveria outro nome poss\u00edvel. S\u00f3\u00a0que se trata do que Jo\u00e3o Cabral de Melo Neto chamaria de boi-de-coice: aquela parelha que no carro-de-boi vai atr\u00e1s, freiando-o para que n\u00e3o capote. Albino n\u00e3o \u00e9 um retrocesso, mas ser\u00e1 uma gest\u00e3o burocr\u00e1tica e cartorial, excessivamente prudente talvez, onde Marcio foi inventivo e audacioso \u2013 por vezes, \u00e9 verdade, no limite da temeridade (sem o qu\u00ea, convenhamos, n\u00e3o seria poss\u00edvel salvar o Ax\u00e9-System de sua pr\u00f3pria ruina, que j\u00e1 nos estava tragando a todos). <\/span><\/span><\/p>\n<p style=\"text-align: justify;\"><span style=\"font-size: small;\"><span style=\"color: #000000;\">E claro que \u00e9\u00a0importante que a Secretaria de Cultura do Estado da Bahia tenha ganhado tanta relev\u00e2ncia (e or\u00e7amento!) que passou a ser disputada por partidos pol\u00edticos \u2013 \u00e9, ali\u00e1s, mais uma prova da excel\u00eancia da gest\u00e3o de Meirelles, como Rubim mesmo n\u00e3o se cansa de lembrar publicamente. Contudo, da\u00ed para cair no embevecimento do \u201csomos finalmente uma institui\u00e7\u00e3o de partido!\u201d \u00e9 um issozinho, com todas as consequ\u00eancias nefastas que traz: aparelhamento da m\u00e1quina p\u00fablica, subsequente lentifica\u00e7\u00e3o dos processos por disputas internas, afastamento da esquerda n\u00e3o-partidaria e da intelectualidade n\u00e3o-acad\u00eamica (que, no futuro, quando o enlace atual com a imprensa empresarial fizer \u00e1gua, pode n\u00e3o estar nem um pouco disposta a defender uma Secretaria que antes apoiava, e que lhes virou as costas), etc. <\/span><\/span><\/p>\n<p style=\"text-align: justify;\"><span style=\"font-size: small;\"><span style=\"color: #000000;\">Para n\u00e3o ficarmos s\u00f3\u00a0em constata\u00e7\u00f5es abstratas, vamos aos fatos. Sobre o encastelamento da SECULT atual, observe-se o <a href=\"http:\/\/www.facebook.com\/note.php?note_id=198389566862597\" target=\"_blank\">uso recorrente do t\u00edtulo \u201cDoutor Albino Rubim\u201d em diversos press-releases<\/a>. \u201cMas ele \u00e9 m\u00e9dico, pode usar o t\u00edtulo\u201d &#8211; bem, ele n\u00e3o ocupa cargo privativo ou preferencial da medicina, agora; \u201cMas ele se doutorou na \u00e1rea!\u201d &#8211; certo, s\u00f3 que o tom em que \u201cDr.\u201d aparece a\u00ed \u00e9 quase como uma nobiliarquia do 2\u00ba Imp\u00e9rio, e menos como uma defer\u00eancia por m\u00e9rito. Outra, sobre o aparelhamento da m\u00e1quina, <a href=\"http:\/\/twitter.com\/SecultBA\/status\/52357412866371585\" target=\"_blank\">que tal a Secretaria da Cultura anunciar por seu twitter o lan\u00e7amento de um livro de Dr. Albino Rubim<\/a> enquanto militante partid\u00e1rio, <a href=\"http:\/\/www.flickr.com\/photos\/secultba\/5559335188\/\" target=\"_blank\">publicado pela editora de seu partido, com direito a estrelinha e n\u00famero 13 e tudo mais na imagem veiculada<\/a> por essa Secretaria de Estado?! Ou a SECULT virou um \u00f3rg\u00e3o do PT, e n\u00e3o do Governo Estadual, ou teve trope\u00e7o a\u00ed. <\/span><\/span><\/p>\n<p style=\"text-align: justify;\"><span style=\"font-size: small;\"><span style=\"color: #000000;\">Tudo isso podem ser impress\u00f5es falsas de minha parte, e mal-entendidos t\u00edpicos de freios de arruma\u00e7\u00e3o internos de institui\u00e7\u00f5es p\u00fablicas. Oxal\u00e1\u00a0seja mesmo apenas isso! Caso n\u00e3o for, est\u00e1\u00a0dado aqui meu alerta, com anteced\u00eancia suficiente para contar como vacina e preven\u00e7\u00e3o de um futuro poss\u00edvel endireitamente involunt\u00e1rio, e ao meu ver muito precoce, desta sens\u00edvel \u00e1rea.<\/span><\/span><\/p>\n","protected":false},"excerpt":{"rendered":"<p>Passado o frisson da troca-da-guarda de M\u00e1rcio Meirelles para Albino Rubim (que nem foi t\u00e3o troca-da-guarda assim&#8230;), j\u00e1\u00a0\u00e9\u00a0poss\u00edvel sentir algumas diferen\u00e7as no clima institucional da nova gest\u00e3o. Se as diferen\u00e7as materiais, quer em pol\u00edticas p\u00fablicas quer em quadros t\u00e9cnicos, \u00e9 quase nenhuma, h\u00e1 distin\u00e7\u00f5es sutis, e nem sempre positivas, numa [&hellip;]<\/p>\n","protected":false},"author":2,"featured_media":0,"comment_status":"closed","ping_status":"open","sticky":false,"template":"","format":"standard","meta":{"footnotes":""},"categories":[919,13,9],"tags":[1593,20,152,1537,1612,15,497],"class_list":["post-3096","post","type-post","status-publish","format-standard","hentry","category-01flanar","category-01ler","category-01viver","tag-albino-rubim","tag-bahia","tag-marcio-meirelles","tag-pos-axe-axe-sistem","tag-reforma-cultural-baiana","tag-salvador","tag-secretaria-da-cultura-do-estado-da-bahia"],"_links":{"self":[{"href":"https:\/\/www.ultimobaile.com\/index.php?rest_route=\/wp\/v2\/posts\/3096","targetHints":{"allow":["GET"]}}],"collection":[{"href":"https:\/\/www.ultimobaile.com\/index.php?rest_route=\/wp\/v2\/posts"}],"about":[{"href":"https:\/\/www.ultimobaile.com\/index.php?rest_route=\/wp\/v2\/types\/post"}],"author":[{"embeddable":true,"href":"https:\/\/www.ultimobaile.com\/index.php?rest_route=\/wp\/v2\/users\/2"}],"replies":[{"embeddable":true,"href":"https:\/\/www.ultimobaile.com\/index.php?rest_route=%2Fwp%2Fv2%2Fcomments&post=3096"}],"version-history":[{"count":5,"href":"https:\/\/www.ultimobaile.com\/index.php?rest_route=\/wp\/v2\/posts\/3096\/revisions"}],"predecessor-version":[{"id":3100,"href":"https:\/\/www.ultimobaile.com\/index.php?rest_route=\/wp\/v2\/posts\/3096\/revisions\/3100"}],"wp:attachment":[{"href":"https:\/\/www.ultimobaile.com\/index.php?rest_route=%2Fwp%2Fv2%2Fmedia&parent=3096"}],"wp:term":[{"taxonomy":"category","embeddable":true,"href":"https:\/\/www.ultimobaile.com\/index.php?rest_route=%2Fwp%2Fv2%2Fcategories&post=3096"},{"taxonomy":"post_tag","embeddable":true,"href":"https:\/\/www.ultimobaile.com\/index.php?rest_route=%2Fwp%2Fv2%2Ftags&post=3096"}],"curies":[{"name":"wp","href":"https:\/\/api.w.org\/{rel}","templated":true}]}}