{"id":3090,"date":"2011-03-25T08:36:27","date_gmt":"2011-03-25T11:36:27","guid":{"rendered":"http:\/\/www.ultimobaile.com\/?p=3090"},"modified":"2025-12-24T13:02:55","modified_gmt":"2025-12-24T16:02:55","slug":"o-som-das-sextas-xxx","status":"publish","type":"post","link":"https:\/\/www.ultimobaile.com\/?p=3090","title":{"rendered":"O Som das Sextas &#8211; XXX"},"content":{"rendered":"<p style=\"text-align: justify;\"><a rel=\"attachment wp-att-3091\" href=\"https:\/\/www.ultimobaile.com\/?attachment_id=3091\"><img loading=\"lazy\" decoding=\"async\" class=\"alignleft size-full wp-image-3091\" title=\"cabruera\" src=\"https:\/\/www.ultimobaile.com\/wp-content\/uploads\/2011\/03\/cabruera.png\" alt=\"\" width=\"229\" height=\"187\" \/><\/a>Este Carnaval tardio deste ano causou uma estranheza temporo-clim\u00e1tica na vida c\u00e1 na Diasp\u00f3rica: na semana seguinte a Quarta-Feira de Cinzas, come\u00e7a a chover &#8211; o ver\u00e3o acabou junto com o Momo. E na semana seguinte, a segunda-feira \u00e9 Dia de S\u00e3o Jos\u00e9.<\/p>\n<p style=\"text-align: justify;\">Dia de S\u00e3o Jos\u00e9, com chuva pr\u00e9via, quem \u00e9 ao menos semi-nordestino (isto \u00e9: o Rec\u00f4ncavo Bahiano e no Jequitinhona de Minas) sabe o que significa: festa de S\u00e3o Jo\u00e3o farta e aproximando, bagas de amendoin cozido na casca (esta iguaria que s\u00f3 se encontra ao norte da Serra da Canastra &#8211; o resto do mundo s\u00f3 o come torrado) do tamanho de azeitonas, milho, e genipapo a dar com pau. E com raz\u00e3o: Corpus Christie desse ano cai em v\u00e9spera do dia do santo do carneirinho, ent\u00e3o a paulistada pode vir ralar buxo no xiado da chinela, se quiser &#8211; ser\u00e1 feriado l\u00e1 no sul desta vez, como toda vez o \u00e9 aqui.<\/p>\n<p style=\"text-align: justify;\">Como pedalar por Salvador na chuvinha fina do 19-do-3 (dezenove de mar\u00e7o, dia de S\u00e3o Jos\u00e9) sem lembrar de Patativa do Assar\u00e9? &#8220;<em><a href=\"http:\/\/www.youtube.com\/watch?v=0s4BbHxpUKY\" target=\"_blank\">a 13 do m\u00eas \/ ele fez experi\u00eancia \/ perdeu sua f\u00e9 e suas pedras de sal \/ (&#8230;) Apela pra mar\u00e7o \/ que \u00e9 o m\u00eas preferido\/ do santo querido \/ Senhor S\u00e3o Jos\u00e9<\/a><\/em>&#8220;.<\/p>\n<p style=\"text-align: justify;\">E mais do que Patativa, de um de seus herdeiros: <strong><a href=\"http:\/\/www.cabruera.com.br\/\" target=\"_blank\">Cabru\u00eara<\/a><\/strong> (que me foi apresentado h\u00e1 muito tempo pelo alagoano radicado na capital da Para\u00edba, isto \u00e9: Recife &#8211; o jovem cineasta <a href=\"http:\/\/depoisdaquelefilme.blogspot.com\/\" target=\"_blank\">Roberto Wagner<\/a>) &#8211; e em espec\u00edfico o belo lamento, quase cante a palo seco, <a href=\"http:\/\/www.we7.com\/song\/Cabruera\/Ciencia-Nordestina?m=0\" target=\"_blank\"><em>Ci\u00eancia Nordestina<\/em><\/a> (que infelizmente n\u00e3o tem em v\u00eddeo e \u00e9 preciso clicar no link ao lado para ouvir.:<\/p>\n<blockquote>\n<p style=\"text-align: justify;\">Choveu<\/p>\n<p style=\"text-align: justify;\">no dia de S\u00e3o Jos\u00e9<\/p>\n<p style=\"text-align: justify;\">pedra de sal derreteu<\/p>\n<p style=\"text-align: justify;\">vou fazer minha fogueira.<\/p>\n<p style=\"text-align: justify;\">Na ci\u00eancia<\/p>\n<p style=\"text-align: justify;\">do meu povo nordestino<\/p>\n<p style=\"text-align: justify;\">desde que eu era menino<\/p>\n<p style=\"text-align: justify;\">aprendi com a Natureza.<\/p>\n<p style=\"text-align: justify;\">Na experi\u00eancia<\/p>\n<p style=\"text-align: justify;\">que s\u00f3 se faz nesse m\u00eas<\/p>\n<p style=\"text-align: justify;\">no dezenove do tr\u00eas<\/p>\n<p style=\"text-align: justify;\">eu j\u00e1 sei se tem colheita&#8221;<\/p>\n<\/blockquote>\n<p style=\"text-align: justify;\">A <strong>Cabru\u00eara<\/strong> talvez seja o mais dileto herdeiro rural do p\u00f3s-Mangue (no mundo urbano, \u00e9 o Momboj\u00f3). Levou o forr\u00f3 muderno para a Para\u00edba &#8211; isto \u00e9: para a cosmopolita e industrial cidade interiorana de Campina Grande, onde nasceu o grande artista de rua internacional Jackson do Pandeiro. C0mpreendeu o<a href=\"http:\/\/letras.terra.com.br\/cabruera\/490630\/\" target=\"_blank\"> Nordeste Franco como M\u00edtico, e o extendeu poeticamente ao Par\u00e1 dos imigrantes cearenses, Eldorado, terra da bala, Marab\u00e1, e mesmo para o Paran\u00e1 e S\u00e3o Paulo, ou o que acontece com os sem-terra do Pontal do Paran\u00e1-Panema n\u00e3o \u00e9 nordestino o bastante?<\/a>. N\u00e3o satisfeitos, cruzaram, no instrumental, Mestre Salustiano da rabeca com Jimmy Page e uma caneta BIC, no seu fabuloso <em>Forr\u00f3 Esferogr\u00e1fico<\/em>.<\/p>\n<p><iframe loading=\"lazy\" title=\"YouTube video player\" width=\"640\" height=\"390\" src=\"http:\/\/www.youtube.com\/embed\/2yJuqOIyl7c\" frameborder=\"0\" allowfullscreen><\/iframe><\/p>\n","protected":false},"excerpt":{"rendered":"<p>Este Carnaval tardio deste ano causou uma estranheza temporo-clim\u00e1tica na vida c\u00e1 na Diasp\u00f3rica: na semana seguinte a Quarta-Feira de Cinzas, come\u00e7a a chover &#8211; o ver\u00e3o acabou junto com o Momo. E na semana seguinte, a segunda-feira \u00e9 Dia de S\u00e3o Jos\u00e9. Dia de S\u00e3o Jos\u00e9, com chuva pr\u00e9via, [&hellip;]<\/p>\n","protected":false},"author":2,"featured_media":0,"comment_status":"closed","ping_status":"open","sticky":false,"template":"","format":"standard","meta":{"footnotes":""},"categories":[938,933],"tags":[222,285,1605,1609,615,1606,1610,186,905,1607,65,1608,1611,223,224],"class_list":["post-3090","post","type-post","status-publish","format-standard","hentry","category-bailes","category-o-retorno-da-cancao","tag-baiao","tag-brasil","tag-cabruera","tag-festa-junina","tag-forro-muderno","tag-mangue-beat","tag-mestre-salustiano","tag-nordeste","tag-paraiba","tag-pos-mangue","tag-sao-joao","tag-sao-jose","tag-sertao","tag-xaxado","tag-xote"],"_links":{"self":[{"href":"https:\/\/www.ultimobaile.com\/index.php?rest_route=\/wp\/v2\/posts\/3090","targetHints":{"allow":["GET"]}}],"collection":[{"href":"https:\/\/www.ultimobaile.com\/index.php?rest_route=\/wp\/v2\/posts"}],"about":[{"href":"https:\/\/www.ultimobaile.com\/index.php?rest_route=\/wp\/v2\/types\/post"}],"author":[{"embeddable":true,"href":"https:\/\/www.ultimobaile.com\/index.php?rest_route=\/wp\/v2\/users\/2"}],"replies":[{"embeddable":true,"href":"https:\/\/www.ultimobaile.com\/index.php?rest_route=%2Fwp%2Fv2%2Fcomments&post=3090"}],"version-history":[{"count":4,"href":"https:\/\/www.ultimobaile.com\/index.php?rest_route=\/wp\/v2\/posts\/3090\/revisions"}],"predecessor-version":[{"id":3095,"href":"https:\/\/www.ultimobaile.com\/index.php?rest_route=\/wp\/v2\/posts\/3090\/revisions\/3095"}],"wp:attachment":[{"href":"https:\/\/www.ultimobaile.com\/index.php?rest_route=%2Fwp%2Fv2%2Fmedia&parent=3090"}],"wp:term":[{"taxonomy":"category","embeddable":true,"href":"https:\/\/www.ultimobaile.com\/index.php?rest_route=%2Fwp%2Fv2%2Fcategories&post=3090"},{"taxonomy":"post_tag","embeddable":true,"href":"https:\/\/www.ultimobaile.com\/index.php?rest_route=%2Fwp%2Fv2%2Ftags&post=3090"}],"curies":[{"name":"wp","href":"https:\/\/api.w.org\/{rel}","templated":true}]}}