{"id":3050,"date":"2011-02-18T17:29:36","date_gmt":"2011-02-18T20:29:36","guid":{"rendered":"http:\/\/www.ultimobaile.com\/?p=3050"},"modified":"2025-12-24T13:02:55","modified_gmt":"2025-12-24T16:02:55","slug":"a-ignorancia-celestina","status":"publish","type":"post","link":"https:\/\/www.ultimobaile.com\/?p=3050","title":{"rendered":"A ignor\u00e2ncia Celestina"},"content":{"rendered":"<p style=\"text-align: justify;\"><a href=\"http:\/\/www.bahianoticias.com.br\/noticias\/entrevistas\/2011\/01\/23\/182,albino-rubim.html#\" target=\"_blank\">Antes mesmo de Albino Rubim tomar posse como Secret\u00e1rio de Cultura, mas quando j\u00e1 havia aceitado o convite e sido nomeado para o cargo, o decano do des-jornalismo nag\u00f4 Samuel Celestino realizou entrevista grosseira com ele.<\/a> Realizou n\u00e3o: pela qualidade das perguntas, quer sint\u00e1tica quer semanticamente, deve ter mandado um estagi\u00e1rio, um foca. Isso mesmo: um inexperiente foi mandado pelo auto-intitulado &#8220;maior site de not\u00edcias da Bahia&#8221; para entrevistar um dos mais importantes dirigentes culturais do pa\u00eds.<\/p>\n<p style=\"text-align: justify;\">As respostas de Albino Rubim s\u00e3o uma aula &#8211; n\u00e3o apenas de pensamento pol\u00edtico e de pol\u00edticas p\u00fablicas, como de como \u00e9 que um pol\u00edtico de verdade (o que M\u00e1rcio Meirelles n\u00e3o era) enfrenta esse <a href=\"https:\/\/www.ultimobaile.com\/?p=1946\" target=\"_blank\">des-jornalismozinho de muri\u00e7oca<\/a> que grassa &amp; abunda em S\u00e3o Salvador.<\/p>\n<p style=\"text-align: justify;\">Focarei assim meus coment\u00e1rios nas perguntas do dito-cujo entrevistador &#8211; s\u00e3o esclarecedoras no que t\u00eam de estap\u00fardias. J\u00e1 na terceira pergunta (que n\u00e3o \u00e9 sen\u00e3o uma repeti\u00e7\u00e3o das duas primeiras que o Secret\u00e1rio j\u00e1 havia respondido a contento) ele lasca:<\/p>\n<blockquote>\n<p style=\"text-align: justify;\"><strong><strong><strong><strong>BN &#8211; Porque M\u00e1rcio era um diretor de teatro. O\u00a0senhor \u00e9 um pesquisador de Cultura&#8230;<\/strong><\/strong><\/strong><\/strong><\/p>\n<\/blockquote>\n<p style=\"text-align: justify;\">Como assim &#8220;M\u00e1rcio&#8221;? Ele se refere ao ex-Secret\u00e1rio de Cultura do Estado da Bahia? Ele priva da intimidade da casa da fam\u00edlia Meirelles? Sim, porque eu, que at\u00e9 presencialmente e no contato individual chamo o ex-Secret\u00e1rio de &#8220;Marcio&#8221; (e aqui, a t\u00edtulo de blague chamo de &#8220;<a href=\"https:\/\/www.ultimobaile.com\/?p=1041\" target=\"_blank\">S\u00eao Marcio<\/a>&#8221; ou &#8220;<a href=\"https:\/\/www.ultimobaile.com\/?p=1032\" target=\"_blank\">O Velho do Vila<\/a>&#8220;), n\u00e3o me dirijo a ele publicamente, ou dele falo publicamente, sen\u00e3o com nome e sobrenome.<\/p>\n<p style=\"text-align: justify;\">Quest\u00e3o de educa\u00e7\u00e3o dom\u00e9stica. De etiqueta. Mas sabemos que<a href=\"https:\/\/www.ultimobaile.com\/?p=2581\" target=\"_blank\"> o jornalismo bahiano tira meleca na frente da sogra, e peida (alto!) no cinema<\/a>.<\/p>\n<blockquote>\n<p style=\"text-align: justify;\"><strong>BN &#8211; Mas alguns defendem que quanto menos pol\u00edtica na cultura melhor. O que o senhor acha disso?<\/strong><\/p>\n<\/blockquote>\n<p style=\"text-align: justify;\">Os &#8220;alguns&#8221; que dizem n\u00e3o politizar a cultura (isto \u00e9: terceirizam e privatiza\u00e7\u00e3o a fun\u00e7\u00e3o de politiz\u00e1-la, \u00e0 direita), perderam as elei\u00e7\u00f5es, Pedro-B\u00f3&#8230;<\/p>\n<p style=\"text-align: justify;\">(Algu\u00e9m mande esse menino conhecer Jairnilson Paim, pra ele entender que at\u00e9 na Sa\u00fade n\u00e3o tem pol\u00edtica p\u00fablica que n\u00e3o seja tamb\u00e9m ideologicamente pol\u00edtica &#8211; e n\u00e3o h\u00e1 nada de errado ou ruim nisso. Nas democracias \u00e9 assim &#8211; nas ditaduras tamb\u00e9m, s\u00f3 que ningu\u00e9m pode dizer que \u00e9 assim).<\/p>\n<blockquote>\n<p style=\"text-align: justify;\"><strong>BN &#8211; Ent\u00e3o o senhor vai fazer uma gest\u00e3o de continuidade&#8230; <\/strong><\/p>\n<\/blockquote>\n<p style=\"text-align: justify;\">N\u00e3o, Pedro-B\u00f3, Jacques Wagner nem se reelegeu, e a pol\u00edtica cultural \u00e9 t\u00e3o ruim que n\u00e3o aumento em 400% (quatrocentos mesmo) a frequenta\u00e7\u00e3o museol\u00f3gica, nem o Concerto de Natal do Neojib\u00e1 teve mais de 4mil pessoas assistindo na Concha Ac\u00fastica do Teatro Castro Alves, com pico de audi\u00eancia na transmiss\u00e3o simult\u00e2nea da TVE para todo o estado.<\/p>\n<blockquote>\n<p style=\"text-align: justify;\"><strong>BN &#8211; Falando em limites do Estado, o senhor reclamou, assim que tomou posse, do or\u00e7amento para a Cultura, que \u00e9 baixo, pequeno. O que pretende fazer para aument\u00e1-lo?<\/strong><\/p>\n<\/blockquote>\n<p style=\"text-align: justify;\"><a href=\"http:\/\/www.teiadenoticias.com.br\/noticia\/cultura\/bahia-em-segundo-no-ranking-em-investimentos-na-cultura\" target=\"_blank\">A Bahia tem o maior or\u00e7amento per-capita de Cultura do pa\u00eds<\/a> &#8211; sendo que a 4 anos atr\u00e1s, nem Secretaria espec\u00edfica pra \u00e1rea tinha.<\/p>\n<p style=\"text-align: justify;\">Pr\u00f3xima &#8211; como disse o pr\u00f3prio Secret\u00e1rio Albino ao foquinha &#8211; asneira?<\/p>\n<blockquote>\n<p style=\"text-align: justify;\"><strong>BN &#8211; Muitos m\u00fasicos consagrados, estabelecidos no mercado, recebem apoio governamental para tocar seus projetos. E os artistas do pagode baiano, manifesta\u00e7\u00e3o bastante popular no cen\u00e1rio local, tamb\u00e9m ter\u00e1 vez na nova gest\u00e3o da Secult?<\/strong><\/p>\n<\/blockquote>\n<p style=\"text-align: justify;\">Com essa, o foquinha se superou! Uma coisa \u00e9 entender que o pagod\u00e3o n\u00e3o compactuou integralmente com o Ax\u00e9-System, ou s\u00f3 compactuou porque se viu sozinho e o Anti-Ax\u00e9 (mormente o rock) demorou para entender que era melhor acolh\u00ea-lo do que empurr\u00e1-lo para longe &#8211; e para os bra\u00e7os do baronato empresarial.<\/p>\n<p style=\"text-align: justify;\">Uma coisa \u00e9 entender isso, entender com isso que o pagod\u00e3o \u00e9 um faixo de criatividade e autenticidade no metier corrompido, mediocrizado e pra-paulista-ver que \u00e9 o Ax\u00e9-Music.<\/p>\n<p style=\"text-align: justify;\">Outra, bem outra, \u00e9 esquecer que apesar disso tudo o pagod\u00e3o tem um lastro empresarial potente por tr\u00e1s, inclusive com jab\u00e1 a rodo, e que n\u00e3o precisa que o Estado lhe financie &#8211; ali\u00e1s: um estado que fizesse isso estaria prevaricando tanto quanto se desse dinheiro para Bel do Chiclete.<\/p>\n<p style=\"text-align: center;\"><strong>* * *<\/strong><\/p>\n<p style=\"text-align: justify;\">\u00c9 triste, muito triste, que o <a href=\"http:\/\/www.bahianoticias.com.br\/entretenimento\/noticias\/2011\/02\/08\/8533,folioes-ficarao-sem-trios-independentes-em-2011.html\" target=\"_blank\">primeiro ato de Albino Rubim como Secret\u00e1rio de Cultura do Estado tenha de ter sido cortar um dos tr\u00eas programas de fomento ao Carnaval no Anti-Ax\u00e9: o Carnaval Pipoca<\/a>. Especialmente se levarmos em conta o modelo de 2010, em que o Carnaval Pipoca e o Carnaval No Pel\u00f4 criaram uma interface: quem ganhava se apresentava em ensaio no Pelourinho antes do carnaval, tocava nos dois circuitos em trio el\u00e9trico e no Pelourinho em palco, e depois no Pel\u00f4 de novo como uma &#8220;ressaca p\u00f3s-carnavalesca&#8221;. Fora o fato de que dos tr\u00eas era o \u00fanico que tinha uma interface clara com a Seguran\u00e7a P\u00fablica: <a href=\"https:\/\/www.ultimobaile.com\/?p=874\" target=\"_blank\">20 trios sem corda, e sem ax\u00e9, davam um conforto na avenida que fazia despencar a viol\u00eancia<\/a>.<\/p>\n<p style=\"text-align: justify;\">Ainda assim, h\u00e1 nesta m\u00e1 not\u00edcia um acerto. Dos tr\u00eas programas (o outro \u00e9 o Ouro Negro) \u00e9 o que mais tinha como alvo a classe m\u00e9dia, e menos o proletariado (governo de esquerda que se preze n\u00e3o sofre de pobrismo e n\u00e3o tem problemas em fazer pol\u00edticas p\u00fablicas que foquem diretamente classes sociais n\u00e3o t\u00e3o necessitadas assim). Era portanto a mais cort\u00e1vel.<\/p>\n<p style=\"text-align: justify;\">Mas n\u00e3o s\u00f3: de todas, era a que precisa ser mais melhorada em sua arquitetura. Paulo Miguez, homem que promoveu um debate no Teatro Vila Velha sobre os modelos de Carnaval pa\u00eds afora, e de onde sairam as atuais pol\u00edticas para a \u00e1rea no estado, est\u00e1 em New Orleans por tr\u00eas meses estudando outros modelos de gest\u00e3o de Carnaval no mundo (quem sabe n\u00e3o me bato com ele no Mardi Gras?). E com uma Prefeitura que ignora o Edital e escala os trios sem considerar os 20 da SECULT, o programa faz \u00e1gua. O que n\u00e3o \u00e9 dem\u00e9rito: dos tr\u00eas programas, \u00e9 o que bate mais de frente no Ax\u00e9-System, mas tamb\u00e9m \u00e9 o mais dispendioso.<\/p>\n<p style=\"text-align: justify;\">Solu\u00e7\u00f5es j\u00e1 h\u00e1. Desde este ano o Conex\u00e3o Vivo elegeu a Bahia como sua menina dos olhos: n\u00e3o s\u00f3 foi a s\u00e9rie de shows mais longa do pa\u00eds (4 dias seguidos), como bancaram o at\u00e9 ent\u00e3o atravancado edital do Segundas Musicais na Sala do Coro do TCA. E agora est\u00e3o dando uma levantada no cambaleante Bloco Os Mascarados, garantindo trio e ensaio no cl\u00e1ssico clube Fantoches da Eutherpes, no Largo Dois de Julho. Nos ensaios e no trio? Baiana System, Tr\u00eas na Folia, Otto&#8230; praticamente o Carnaval Pipoca, SECULT, em menor escala, n\u00e3o?<\/p>\n<p style=\"text-align: justify;\"><a href=\"https:\/\/www.ultimobaile.com\/?p=2390\" target=\"_blank\">Em 2011 at\u00e9 o capital privado do axez\u00e3oa deriu a id\u00e9ia, com o Eva saindo sem corda na avenida ter\u00e7a-feira<\/a>.<\/p>\n<p style=\"text-align: justify;\">\u00c9 portanto poss\u00edvel que o Carnaval Pipoca vire um &#8220;edital dupla face&#8221;: licite n\u00e3o apenas que artistas v\u00e3o participar (usando crit\u00e9rios p\u00fablicos, est\u00e9ticos, e n\u00e3o mercadol\u00f3gicos) mas tamb\u00e9m as empresas que v\u00e3o banc\u00e1-los e associar suas marcas a eles. A Vivo tem topado fazer isso, n\u00e3o tem porque n\u00e3o ampliar. E isso n\u00e3o \u00e9 um &#8220;FazCultura\/Lei Rouanet&#8221; por outras vias: h\u00e1 crit\u00e9rio p\u00fablico de escolha &#8211; e n\u00e3o do departamento de marketing da empresa, meramente, havendo portanto descentra\u00e7\u00e3o de verba.<\/p>\n<p style=\"text-align: justify;\">Mas o que impressiona mesmo \u00e9 que a mesma<a href=\"https:\/\/www.ultimobaile.com\/?p=867\" target=\"_blank\"> galera jornaleira que recebe jab\u00e1 do axez\u00e3o e falava mal do Carnaval Pipoca<\/a>, hoje chora que esse ano n\u00e3o vai ter mais. Mudaram de id\u00e9ia a partir dos fatos? Talvez. S\u00f3 que mais provavelmente, aproveitaram-se da oportunidade para bater de uma s\u00f3 vez em M\u00e1rcio Meirelles e em Albino Rubim. E mentindo, claro: vai haver trios sem cordas, os independentes, e que t\u00eam acesso a financiamento pelo Fundo de Cultura do Estado &#8211; como Armandinho, Daniela Mercury, o pr\u00f3prio Eva que vai sair sem corda porque quer, etc. \u00c9 uma perda n\u00e3o ter o edital, sem d\u00favida &#8211; de 20, reduziremos de novo para uns 5 trios sem corda. Mas por que essa mesma jornalistada n\u00e3o cobra de Flora Gil que ela volte a fazer o cl\u00e1ssico Expresso2222 como trio sem corda na Barra por dois dias?<\/p>\n","protected":false},"excerpt":{"rendered":"<p>Antes mesmo de Albino Rubim tomar posse como Secret\u00e1rio de Cultura, mas quando j\u00e1 havia aceitado o convite e sido nomeado para o cargo, o decano do des-jornalismo nag\u00f4 Samuel Celestino realizou entrevista grosseira com ele. Realizou n\u00e3o: pela qualidade das perguntas, quer sint\u00e1tica quer semanticamente, deve ter mandado um [&hellip;]<\/p>\n","protected":false},"author":2,"featured_media":0,"comment_status":"closed","ping_status":"open","sticky":false,"template":"","format":"standard","meta":{"footnotes":""},"categories":[938,919,13,933,9],"tags":[1593,1595,1401,1065,152,1594,497,155],"class_list":["post-3050","post","type-post","status-publish","format-standard","hentry","category-bailes","category-01flanar","category-01ler","category-o-retorno-da-cancao","category-01viver","tag-albino-rubim","tag-carnaval-pipoca","tag-des-jornalismo","tag-jornalismo","tag-marcio-meirelles","tag-samuel-celestino","tag-secretaria-da-cultura-do-estado-da-bahia","tag-secult"],"_links":{"self":[{"href":"https:\/\/www.ultimobaile.com\/index.php?rest_route=\/wp\/v2\/posts\/3050","targetHints":{"allow":["GET"]}}],"collection":[{"href":"https:\/\/www.ultimobaile.com\/index.php?rest_route=\/wp\/v2\/posts"}],"about":[{"href":"https:\/\/www.ultimobaile.com\/index.php?rest_route=\/wp\/v2\/types\/post"}],"author":[{"embeddable":true,"href":"https:\/\/www.ultimobaile.com\/index.php?rest_route=\/wp\/v2\/users\/2"}],"replies":[{"embeddable":true,"href":"https:\/\/www.ultimobaile.com\/index.php?rest_route=%2Fwp%2Fv2%2Fcomments&post=3050"}],"version-history":[{"count":5,"href":"https:\/\/www.ultimobaile.com\/index.php?rest_route=\/wp\/v2\/posts\/3050\/revisions"}],"predecessor-version":[{"id":3056,"href":"https:\/\/www.ultimobaile.com\/index.php?rest_route=\/wp\/v2\/posts\/3050\/revisions\/3056"}],"wp:attachment":[{"href":"https:\/\/www.ultimobaile.com\/index.php?rest_route=%2Fwp%2Fv2%2Fmedia&parent=3050"}],"wp:term":[{"taxonomy":"category","embeddable":true,"href":"https:\/\/www.ultimobaile.com\/index.php?rest_route=%2Fwp%2Fv2%2Fcategories&post=3050"},{"taxonomy":"post_tag","embeddable":true,"href":"https:\/\/www.ultimobaile.com\/index.php?rest_route=%2Fwp%2Fv2%2Ftags&post=3050"}],"curies":[{"name":"wp","href":"https:\/\/api.w.org\/{rel}","templated":true}]}}