{"id":3015,"date":"2011-02-14T21:42:50","date_gmt":"2011-02-15T00:42:50","guid":{"rendered":"http:\/\/www.ultimobaile.com\/?p=3015"},"modified":"2025-12-24T13:02:55","modified_gmt":"2025-12-24T16:02:55","slug":"concursos-nacionais-da-cidade-de-ponta-grossa-parana","status":"publish","type":"post","link":"https:\/\/www.ultimobaile.com\/?p=3015","title":{"rendered":"Concursos Nacionais da cidade de Ponta Grossa &#8211; Paran\u00e1"},"content":{"rendered":"<p style=\"text-align: justify;\"><strong>Porqu\u00ea participar: <\/strong>H\u00e1, <a href=\"https:\/\/www.ultimobaile.com\/?p=2249\" target=\"_blank\">desde o ano passado<\/a>, pr\u00eamios nas categ\u00f3rias\u00a0<a href=\"http:\/\/www.meiotom.art.br\/conlite11sanches.htm\" target=\"_blank\">Contos<\/a>,\u00a0<a href=\"http:\/\/www.meiotom.art.br\/conlite11pinheiro.htm\" target=\"_blank\">Poesia<\/a> e\u00a0<a href=\"http:\/\/www.meiotom.art.br\/conlite11fernando.htm\" target=\"_blank\">Cr\u00f4nicas<\/a>, separadamente &#8211; e a partir deste ano, uma <a href=\"http:\/\/www.meiotom.art.br\/conlite11infantoju.htm\" target=\"_blank\">categoria Infanto-Juvenil para autores de 5 a 18 anos de idade<\/a>. Premia at\u00e9 seis coloca\u00e7\u00f5es por categoria, sendo tr\u00eas locais e tr\u00eas nacionais, e o valor pecuni\u00e1rio n\u00e3o \u00e9 ruim, al\u00e9m de atribuir men\u00e7\u00f5es honrosas. Ali\u00e1s, os concursos liter\u00e1rios do Paran\u00e1 s\u00e3o os que melhor pagam, costumeiramente.<\/p>\n<p><strong>Defeito:<\/strong> Edital confuso, com exig\u00eancias que n\u00e3o s\u00e3o aceitas pelos correios, como enviar carta com Aviso de Rebimento (A.R.) sem constar do remetente escrito no envelope. Excesso de rigor em algumas regras, como tamanho de margem e aus\u00eancia de pseud\u00f4nimo. Al\u00e9m do que, convenhamos, duas p\u00e1ginas por obra, espa\u00e7o um-e-meio, \u00e9 muit\u00edssimo pouco.<\/p>\n<p><strong>Inscri\u00e7\u00f5es:<\/strong> at\u00e9 31 de mar\u00e7o de 2011.<\/p>\n","protected":false},"excerpt":{"rendered":"<p>Porqu\u00ea participar: H\u00e1, desde o ano passado, pr\u00eamios nas categ\u00f3rias\u00a0Contos,\u00a0Poesia e\u00a0Cr\u00f4nicas, separadamente &#8211; e a partir deste ano, uma categoria Infanto-Juvenil para autores de 5 a 18 anos de idade. Premia at\u00e9 seis coloca\u00e7\u00f5es por categoria, sendo tr\u00eas locais e tr\u00eas nacionais, e o valor pecuni\u00e1rio n\u00e3o \u00e9 ruim, al\u00e9m [&hellip;]<\/p>\n","protected":false},"author":2,"featured_media":0,"comment_status":"closed","ping_status":"open","sticky":false,"template":"","format":"standard","meta":{"footnotes":""},"categories":[890,13],"tags":[25,1363,228,1591,896,831,832,1333,233],"class_list":["post-3015","post","type-post","status-publish","format-standard","hentry","category-concursos-premios-literarios","category-01ler","tag-concurso","tag-conto","tag-cronica","tag-literatura-infanto-juvenil","tag-parana","tag-poema","tag-poesia","tag-ponta-grossa","tag-premio-literario"],"_links":{"self":[{"href":"https:\/\/www.ultimobaile.com\/index.php?rest_route=\/wp\/v2\/posts\/3015","targetHints":{"allow":["GET"]}}],"collection":[{"href":"https:\/\/www.ultimobaile.com\/index.php?rest_route=\/wp\/v2\/posts"}],"about":[{"href":"https:\/\/www.ultimobaile.com\/index.php?rest_route=\/wp\/v2\/types\/post"}],"author":[{"embeddable":true,"href":"https:\/\/www.ultimobaile.com\/index.php?rest_route=\/wp\/v2\/users\/2"}],"replies":[{"embeddable":true,"href":"https:\/\/www.ultimobaile.com\/index.php?rest_route=%2Fwp%2Fv2%2Fcomments&post=3015"}],"version-history":[{"count":6,"href":"https:\/\/www.ultimobaile.com\/index.php?rest_route=\/wp\/v2\/posts\/3015\/revisions"}],"predecessor-version":[{"id":3046,"href":"https:\/\/www.ultimobaile.com\/index.php?rest_route=\/wp\/v2\/posts\/3015\/revisions\/3046"}],"wp:attachment":[{"href":"https:\/\/www.ultimobaile.com\/index.php?rest_route=%2Fwp%2Fv2%2Fmedia&parent=3015"}],"wp:term":[{"taxonomy":"category","embeddable":true,"href":"https:\/\/www.ultimobaile.com\/index.php?rest_route=%2Fwp%2Fv2%2Fcategories&post=3015"},{"taxonomy":"post_tag","embeddable":true,"href":"https:\/\/www.ultimobaile.com\/index.php?rest_route=%2Fwp%2Fv2%2Ftags&post=3015"}],"curies":[{"name":"wp","href":"https:\/\/api.w.org\/{rel}","templated":true}]}}