{"id":300,"date":"2008-10-02T17:34:59","date_gmt":"2008-10-02T20:34:59","guid":{"rendered":"http:\/\/www.ultimobaile.com\/?p=300"},"modified":"2025-12-24T13:03:56","modified_gmt":"2025-12-24T16:03:56","slug":"joao-henrique-barradas-carneiro-o-confuso","status":"publish","type":"post","link":"https:\/\/www.ultimobaile.com\/?p=300","title":{"rendered":"Jo\u00e3o Henrique Barradas Carneiro, &#8220;O Confuso&#8221;"},"content":{"rendered":"<p style=\"text-align: justify;\">Entrevista do Governador da Bahia, Jaques Wagner, ao jornal <em>Valor Econ\u00f4mico<\/em> de anteontem:<\/p>\n<blockquote>\n<p style=\"text-align: justify;\">&#8220;<strong>Valor:<\/strong> O senhor e o ministro Geddel saem como entraram nessa elei\u00e7\u00e3o?<\/p>\n<p style=\"text-align: justify;\"><strong>Wagner:<\/strong> Temos um ponto de conflito que foi produzido por algu\u00e9m que n\u00e3o era meu nem dele, que \u00e9 o prefeito atual, que foi eleito pelo PDT, com vice do PSDB, e baix\u00edssima participa\u00e7\u00e3o do PMDB, que n\u00e3o tinha nem interesse em ficar no governo. Tinha l\u00e1 uma secretaria marginal. De repente, quando o cidad\u00e3o viu que estava com problemas de sobreviv\u00eancia pol\u00edtica, ele teve de sair de um partido pequeno e procurar um partido maior para se abrigar. Ele \u00e9 muito midi\u00e1tico. Eu at\u00e9 gosto dele, n\u00e3o \u00e9 um mau car\u00e1ter, n\u00e3o \u00e9 um lar\u00e1pio, mas \u00e9 um cara confuso. Confuso na pol\u00edtica e confuso na gest\u00e3o. Ele precisava de tempo de televis\u00e3o. Quis vir para o meu partido, coisa que eu recomendei.<\/p>\n<p style=\"text-align: justify;\"><strong>Valor:<\/strong> Mas o PT n\u00e3o quis?<\/p>\n<p style=\"text-align: justify;\"><strong>Wagner:<\/strong> O v\u00edcio do cachimbo deixa a boca torta. A gente vai amadurecendo mas alguns v\u00edcios vez por outra aparecem. Ent\u00e3o apesar de o governador dizer: \u2018rapaz, p\u00f5e o cara pra dentro. A gente j\u00e1 est\u00e1 no governo, p\u00f5e logo o cara no PT\u2019, o meu partido n\u00e3o acolheu a minha sugest\u00e3o, o pedido de seu governador. E ele acabou indo para o PMDB. Ao ir para o PMDB gerou ent\u00e3o um p\u00f3lo de tens\u00e3o. N\u00e3o por culpa dele, por culpa da conjuntura. Geddel e o PMDB receberam esse presente &#8211; tinham pouqu\u00edssima coisa em Salvador e ganharam um prefeito e uma prefeitura, como m\u00e1quina pol\u00edtica para fazer a opera\u00e7\u00e3o da pol\u00edtica, no bom sentido. \u00c9 \u00f3bvio que gostariam de ter todo mundo em torno deles. Ent\u00e3o lutaram por isso. Eu defendi a tese da minha base de sustenta\u00e7\u00e3o (um candidato s\u00f3), pelo menos na capital. As pessoas n\u00e3o se convenceram. At\u00e9 porque diziam que ele \u00e9 ruim de compromisso. O pessoal de pesquisa dizia que ele tinha dificuldade de ir at\u00e9 para o segundo turno. O argumento \u00e9 que era melhor n\u00e3o jogarmos com uma hip\u00f3tese s\u00f3 e perdermos para o PFL. A outra hip\u00f3tese era o Imbassahy, com quem eu tenho rela\u00e7\u00e3o. Mas isso n\u00e3o animava muita gente exatamente porque era um alinhamento com o PSDB nacional e as pessoas aqui n\u00e3o tinham interesse \u00f3bvio nessa aproxima\u00e7\u00e3o. Quando acabar a elei\u00e7\u00e3o tem um rescaldo a ser tratado. E eu tenho que ficar administrando esse conjunto todo.\u201d<\/p>\n<\/blockquote>\n<p style=\"text-align: justify;\">\n<p style=\"text-align: justify;\"><span style=\"text-decoration: underline;\">Coment\u00e1rio:<\/span><\/p>\n<p style=\"text-align: justify;\">Pra mim, de confuso ele n\u00e3o tem nada: Jo\u00e3o Henrique Barradas Carneiro se revelou um grandess\u00edssimo populista do centr\u00e3o fisiol\u00f3gico (e a\u00ed faz todo sentido ele ter ido do PDT pro PMDB). Mas, claro: mil vezes um centr\u00e3o fisiologicamente aliado a esquerda, do que o neoCarlismo tampa-de-binga.<\/p>\n<p style=\"text-align: justify;\">Ainda continuo recomendando voto, e votando em, Walter Pinheiro (PT). Ou, se voc\u00ea n\u00e3o quer nenhum dos tr\u00eas, vale o voto de protesto no que resta de civismo europeu (em Imbassahy no PSDB) ou na esquerda que-n\u00e3o-toma-banho (PSOL-PSTU-PCO, de Hiiiiiiiilton 50 e da ex-Senatriz Heloisa Hist\u00e9rica, A Louca).<\/p>\n","protected":false},"excerpt":{"rendered":"<p>Entrevista do Governador da Bahia, Jaques Wagner, ao jornal Valor Econ\u00f4mico de anteontem: &#8220;Valor: O senhor e o ministro Geddel saem como entraram nessa elei\u00e7\u00e3o? Wagner: Temos um ponto de conflito que foi produzido por algu\u00e9m que n\u00e3o era meu nem dele, que \u00e9 o prefeito atual, que foi eleito [&hellip;]<\/p>\n","protected":false},"author":2,"featured_media":0,"comment_status":"closed","ping_status":"open","sticky":false,"template":"","format":"standard","meta":{"footnotes":""},"categories":[13,9],"tags":[20,104,140,98,122,121,15],"class_list":["post-300","post","type-post","status-publish","format-standard","hentry","category-01ler","category-01viver","tag-bahia","tag-eleicoes-municipais-2008","tag-jaques-wagner","tag-joao-henrique","tag-pmdb","tag-pt","tag-salvador"],"_links":{"self":[{"href":"https:\/\/www.ultimobaile.com\/index.php?rest_route=\/wp\/v2\/posts\/300","targetHints":{"allow":["GET"]}}],"collection":[{"href":"https:\/\/www.ultimobaile.com\/index.php?rest_route=\/wp\/v2\/posts"}],"about":[{"href":"https:\/\/www.ultimobaile.com\/index.php?rest_route=\/wp\/v2\/types\/post"}],"author":[{"embeddable":true,"href":"https:\/\/www.ultimobaile.com\/index.php?rest_route=\/wp\/v2\/users\/2"}],"replies":[{"embeddable":true,"href":"https:\/\/www.ultimobaile.com\/index.php?rest_route=%2Fwp%2Fv2%2Fcomments&post=300"}],"version-history":[{"count":2,"href":"https:\/\/www.ultimobaile.com\/index.php?rest_route=\/wp\/v2\/posts\/300\/revisions"}],"predecessor-version":[{"id":4497,"href":"https:\/\/www.ultimobaile.com\/index.php?rest_route=\/wp\/v2\/posts\/300\/revisions\/4497"}],"wp:attachment":[{"href":"https:\/\/www.ultimobaile.com\/index.php?rest_route=%2Fwp%2Fv2%2Fmedia&parent=300"}],"wp:term":[{"taxonomy":"category","embeddable":true,"href":"https:\/\/www.ultimobaile.com\/index.php?rest_route=%2Fwp%2Fv2%2Fcategories&post=300"},{"taxonomy":"post_tag","embeddable":true,"href":"https:\/\/www.ultimobaile.com\/index.php?rest_route=%2Fwp%2Fv2%2Ftags&post=300"}],"curies":[{"name":"wp","href":"https:\/\/api.w.org\/{rel}","templated":true}]}}