{"id":2951,"date":"2011-01-11T20:16:36","date_gmt":"2011-01-11T23:16:36","guid":{"rendered":"http:\/\/www.ultimobaile.com\/?p=2951"},"modified":"2025-12-24T13:02:55","modified_gmt":"2025-12-24T16:02:55","slug":"teoretica-praxis-do-anti-jornalismo-0","status":"publish","type":"post","link":"https:\/\/www.ultimobaile.com\/?p=2951","title":{"rendered":"Teor\u00e9tica &#038; Pr\u00e1xis do Anti-Jornalismo &#8211; n\u00ba0"},"content":{"rendered":"<p style=\"text-align: right;\"><strong><em><a href=\"https:\/\/www.ultimobaile.com\/wp-content\/uploads\/2011\/01\/vejamente.jpg\"><img loading=\"lazy\" decoding=\"async\" class=\"alignleft size-full wp-image-2962\" title=\"OLYMPUS DIGITAL CAMERA\" src=\"https:\/\/www.ultimobaile.com\/wp-content\/uploads\/2011\/01\/vejamente.jpg\" alt=\"\" width=\"258\" height=\"111\" \/><\/a>M\u00e9todos, Princ\u00edpios, Causas<\/em><\/strong><\/p>\n<p style=\"text-align: justify;\">Desde ano passado venho sendo instado, por mim e por leitores e amigos, a sistematizar o que venho chamando de &#8220;<strong>Anti-Jornalismo no sentido em que se diz Anti-Psiquiatria<\/strong>&#8221; &#8211; inclusive <a href=\"http:\/\/www.advivo.com.br\/blog\/luisnassif\/o-antijornalismo-de-veja\" target=\"_blank\">porque diversos praticantes positivos de Anti-Jornalismo, como Lu\u00eds Nassif, v\u00eam chamando de <strong>Anti-Jornalismo<\/strong> o que a m\u00eddia gorda, corrupta e de baixa qualidade vem fazendo no Brasil &#8211; quando na verdade isso \u00e9 Des-Jornalismo<\/a>.<\/p>\n<p style=\"text-align: justify;\">Com a elei\u00e7\u00e3o e posse de Dilma Roussef como presidente (no g\u00eanero neutro masculino, pelo mesmo motivo que levava Cec\u00edlia Meirelles a chamar-se de &#8220;poeta&#8221; e n\u00e3o &#8220;poetisa&#8221; &#8211; e algu\u00e9m nega o car\u00e1ter feminino de sua literatura?), sinto-me ainda mais compelido. Por um lado, porque agora a Reforma Midi\u00e1tica ou vai ou racha, inclusive porque Sua Excel\u00eancia \u00e9 brizolista desde a puberdade; por outro, porque seu novo Ministro das Comunica\u00e7\u00f5es, Paulo Bernardo (que vez por outro perambula por aqui pelo Rio Vermelho em certos pr\u00e9dios de Jo\u00e3o da Gama Filgueiras Lima, Lel\u00e9) teve uma crise aguda de &#8220;UDNismo de tamancas&#8221; e voltou a ter medo da Globo. Isso num tempo em que, mais dia menos dia, a Globo implorar\u00e1 por um novo marco regulat\u00f3rio da imprensa, sob pena de falir sem ele uma vez esgotado como j\u00e1 est\u00e1 seu monop\u00f3lio.<\/p>\n<p style=\"text-align: justify;\">Primeiro, \u00e9 preciso dar um valor positivo ao termo aparentemente negativo <strong>Anti-Jornalismo<\/strong> (<a href=\"http:\/\/diariogauche.blogspot.com\/2010\/09\/na-europa-ao-contrario-da-america.html\" target=\"_blank\">no mesmo sentido que nos lembra Crist\u00f3v\u00e3o Feil em rela\u00e7\u00e3o ao termo populismo<\/a>). \u00c9 <a href=\"http:\/\/biciclotheka.wordpress.com\/sobre\/\" target=\"_blank\">Denir Miranda<\/a> quem costuma ter uma cr\u00edtica ao ativismo urbano de modo geral: ele \u00e9 apenas anti-carro, e com isso n\u00e3o conseguiria ser pr\u00f3-alguma-coisa. Discordo: definir-se primeiro como contr\u00e1rio a algo n\u00e3o \u00e9 necessariamente nem niilismo nem iconoclastia, desde que a aus\u00eancia deste objeto de \u00f3dio venha proporcionar a reconfigura\u00e7\u00e3o prol\u00edfica do campo em quest\u00e3o. Cito o exemplo fundamental: Freud escolhe o termo negativo inconsciente como seu operativo (mas n\u00e3o como objeto de sua ci\u00eancia), porque \u00e9 somente repelindo a pretensa soberania da consci\u00eancia e questionando sua existencia real mesma que todo (ou qualquer) tratamento psicanal\u00edtico (e conjectura sobre os imposs\u00edveis do processo civilizat\u00f3rio) poder\u00e1 se dar e vir a acontecer.<\/p>\n<p style=\"text-align: justify;\">Neste sentido, n\u00e3o h\u00e1 nada de defensivo, frouxo ou pouco propositivo em ser contra o Jornalismo enquanto institui\u00e7\u00e3o discursivo-pr\u00e1tica &#8211; desde que entendemos que num mundo sem Jornalismo a informa\u00e7\u00e3o flui com mais rapidez, qualidade e facilidade de acesso do que com ele. Isto \u00e9: entendemos que um mundo sem Jornalismo n\u00e3o \u00e9 um mundo em que no lugar de Jornalismo n\u00e3o h\u00e1 nada &#8211; e sim um em que al\u00ed surgiria uma institui\u00e7\u00e3o suplementar e mais eficiente, um mundo por assim dizer &#8220;sem rodinhas&#8221;; no mesmo sentido em que a nega\u00e7\u00e3o da consci\u00eancia pela psican\u00e1lise n\u00e3o deixa no lugar dela um v\u00e1cuo, e sim o inconsciente, as puls\u00f5es, o desejo e o gozo &#8211; o sujeito enfim em quest\u00e3o, e n\u00e3o o eu falsamente soberano de si.<\/p>\n<p style=\"text-align: justify;\">(<a href=\"https:\/\/www.ultimobaile.com\/?p=734\" target=\"_blank\">Ou, como dissemos h\u00e1 anos atr\u00e1s, ser contra as formas rom\u00e2nticas da experi\u00eancia amorosa &#8211; especialmente o namoro, menos um pouco o casamento &#8211; n\u00e3o \u00e9 ser contra a monogamia, a exclusividade do desejo e a parceria amorosa; antes, \u00e9 fazer advir todas as outras formas de erotismo que a exist\u00eancia do namoro, naturalizado pela ordem burguesa, impede de existir<\/a>).<\/p>\n<p style=\"text-align: justify;\">Esta talvez venha a ser a s\u00e9rie mais rigorosamente marxista, ou marxiana como gostava Florestan Fernandes, ou marxizante como dizia Milton Santos. N\u00e3o apenas em princ\u00edpio e m\u00e9todo de an\u00e1lise, mas de constru\u00e7\u00e3o e publica\u00e7\u00e3o: tratar\u00e1 a cada vez de alguns verbetes e conceitos interligados, e propor\u00e1 a partir do aclaramento materialista e dial\u00e9tico destes conceitos linhas de a\u00e7\u00e3o, bem como cr\u00edticas \u00e0s a\u00e7\u00f5es que j\u00e1 tomamos &#8211; uma arqueologia, no sentido de Michel Foucault, do notici\u00e1rio di\u00e1rio (que como tudo que parece natural, n\u00e3o existiu desde sempre, e nada garante que continuar\u00e1 a existir).<\/p>\n<p style=\"text-align: justify;\">Nos pr\u00f3ximos n\u00fameros da s\u00e9rie trataremos de aclarar as defini\u00e7\u00f5es, de um ponto de vista de economia-pol\u00edtica e materialismo-hist\u00f3rico, de Jornalismo, Anti-Jornalismo e Des-Jornalismo; num subsequente, uma interpola\u00e7\u00e3o sobre o lugar que ocupam no jogo da m\u00eddia as categorias de Fato, Not\u00edcia, Interpreta\u00e7\u00e3o e Verdade. A partir da\u00ed, conforme os fatos (e os leitores) nos apresentarem artefatos, aqui e alhures, \u00a0a serem microfisicamente politizados.<\/p>\n","protected":false},"excerpt":{"rendered":"<p>M\u00e9todos, Princ\u00edpios, Causas Desde ano passado venho sendo instado, por mim e por leitores e amigos, a sistematizar o que venho chamando de &#8220;Anti-Jornalismo no sentido em que se diz Anti-Psiquiatria&#8221; &#8211; inclusive porque diversos praticantes positivos de Anti-Jornalismo, como Lu\u00eds Nassif, v\u00eam chamando de Anti-Jornalismo o que a m\u00eddia [&hellip;]<\/p>\n","protected":false},"author":2,"featured_media":0,"comment_status":"closed","ping_status":"open","sticky":false,"template":"","format":"standard","meta":{"footnotes":""},"categories":[13,9],"tags":[1064,1575,1401,1576,1065,1574,1573],"class_list":["post-2951","post","type-post","status-publish","format-standard","hentry","category-01ler","category-01viver","tag-anti-jornalismo","tag-antijornalismo","tag-des-jornalismo","tag-desjornalismo","tag-jornalismo","tag-partido-da-imprensa-golpista","tag-reforma-midiatica"],"_links":{"self":[{"href":"https:\/\/www.ultimobaile.com\/index.php?rest_route=\/wp\/v2\/posts\/2951","targetHints":{"allow":["GET"]}}],"collection":[{"href":"https:\/\/www.ultimobaile.com\/index.php?rest_route=\/wp\/v2\/posts"}],"about":[{"href":"https:\/\/www.ultimobaile.com\/index.php?rest_route=\/wp\/v2\/types\/post"}],"author":[{"embeddable":true,"href":"https:\/\/www.ultimobaile.com\/index.php?rest_route=\/wp\/v2\/users\/2"}],"replies":[{"embeddable":true,"href":"https:\/\/www.ultimobaile.com\/index.php?rest_route=%2Fwp%2Fv2%2Fcomments&post=2951"}],"version-history":[{"count":8,"href":"https:\/\/www.ultimobaile.com\/index.php?rest_route=\/wp\/v2\/posts\/2951\/revisions"}],"predecessor-version":[{"id":4225,"href":"https:\/\/www.ultimobaile.com\/index.php?rest_route=\/wp\/v2\/posts\/2951\/revisions\/4225"}],"wp:attachment":[{"href":"https:\/\/www.ultimobaile.com\/index.php?rest_route=%2Fwp%2Fv2%2Fmedia&parent=2951"}],"wp:term":[{"taxonomy":"category","embeddable":true,"href":"https:\/\/www.ultimobaile.com\/index.php?rest_route=%2Fwp%2Fv2%2Fcategories&post=2951"},{"taxonomy":"post_tag","embeddable":true,"href":"https:\/\/www.ultimobaile.com\/index.php?rest_route=%2Fwp%2Fv2%2Ftags&post=2951"}],"curies":[{"name":"wp","href":"https:\/\/api.w.org\/{rel}","templated":true}]}}