{"id":2944,"date":"2011-01-25T13:02:15","date_gmt":"2011-01-25T16:02:15","guid":{"rendered":"http:\/\/www.ultimobaile.com\/?p=2944"},"modified":"2025-12-24T13:02:55","modified_gmt":"2025-12-24T16:02:55","slug":"teoretica-praxis-do-anti-jornalismo-n%c2%ba1","status":"publish","type":"post","link":"https:\/\/www.ultimobaile.com\/?p=2944","title":{"rendered":"Teor\u00e9tica &#038; Pr\u00e1xis do Anti-Jornalismo &#8211; n\u00ba1"},"content":{"rendered":"<p style=\"text-align: right;\"><em><strong><a rel=\"attachment wp-att-2995\" href=\"https:\/\/www.ultimobaile.com\/?attachment_id=2995\"><img loading=\"lazy\" decoding=\"async\" class=\"alignleft size-full wp-image-2995\" title=\"folha\" src=\"https:\/\/www.ultimobaile.com\/wp-content\/uploads\/2011\/01\/folha.jpg\" alt=\"\" width=\"320\" height=\"320\" srcset=\"https:\/\/www.ultimobaile.com\/wp-content\/uploads\/2011\/01\/folha.jpg 320w, https:\/\/www.ultimobaile.com\/wp-content\/uploads\/2011\/01\/folha-150x150.jpg 150w, https:\/\/www.ultimobaile.com\/wp-content\/uploads\/2011\/01\/folha-300x300.jpg 300w\" sizes=\"auto, (max-width: 320px) 100vw, 320px\" \/><\/a>Jornalismo, Des-jornalismo, Anti-Jornalismo e Imprensa<\/strong><\/em><\/p>\n<p style=\"text-align: justify;\">Especialmente desde a crise do mensal\u00e3o, e gra\u00e7as ao esgoto em que mergulharam a Revista Veja e o jornal Folha de S\u00e3o Paulo, ataques e rejei\u00e7\u00f5es do cidad\u00e3o mais ou menos cr\u00edtico-reflexivo \u00e0 empresas de imprensa de ampla envergadura, \u00e0 m\u00eddia plutocr\u00e1tica e ao que chamam de PIG (Partido da Imprensa Golpista) t\u00eam sido comuns.<\/p>\n<p style=\"text-align: justify;\">Estes ataques s\u00e3o contudo at\u00e9 agora ing\u00eanuos, no momento em que diferem a <strong>Imprensa<\/strong>, de um lado, como vil\u00e3, e o <strong>Jornalismo<\/strong> do outro como algo bom que vem \u00a0sendo corrompido e desvirtuado por aquela. Ou ainda que o <strong>Jornalismo<\/strong> seja uma entidade ambivalente, com uma queda para o mal, mas que nele certos <strong>Jornalistas<\/strong> bravamente se salvam.<\/p>\n<p style=\"text-align: justify;\">Recorro a Franco Bas\u00e1glia, o grande teor\u00e9tico-pr\u00e1xico da Reforma Psiqui\u00e1trica Italiana e da Luta Anti-Manicomial mundial. E aqui cabe uma distin\u00e7\u00e3o: Reforma \u00e9 o que o Estado faz se e quando pressionado pela subvers\u00e3o social; <a href=\"https:\/\/www.ultimobaile.com\/?p=2239\" target=\"_blank\">a Reforma Cultural Bahiana, por exemplo, \u00e9 a resposta do Estado ao Anti-Axezismo<\/a>. Basaglia atuou nas duas frentes: como servidor do Estado atendendo a uma demanda social, e como cidad\u00e3o causador desta demanda.<\/p>\n<p style=\"text-align: justify;\">Basaglia lembrava incessantemente que o Manic\u00f4mio n\u00e3o era o real inimigo. \u00d3bvio que a reforma sanit\u00e1ria aplicada a sa\u00fade mental precisava passar pela desconstru\u00e7\u00e3o do manic\u00f4mio, a diminui\u00e7\u00e3o da frequ\u00eancia e tempo de interna\u00e7\u00f5es (e nisso n\u00e3o difere do resto da Reforma Sanit\u00e1ria, que evita hospitaliza\u00e7\u00f5es), disposi\u00e7\u00e3o de servi\u00e7os substitutivos abertos e territoriais, etc. Mas o inimigo real era o discurso que sustentava o Manic\u00f4mio &#8211; isto \u00e9, a Psiquiatria enquanto pr\u00e1tica e profiss\u00e3o (e Basaglia ele pr\u00f3prio era psiquiatra cl\u00ednico e nunca deixou de medicar&#8230;).<\/p>\n<p style=\"text-align: justify;\">O discurso de que h\u00e1 doidos de um lado, e s\u00e3os do outro, justificava e justificaria o manic\u00f4mio ainda que n\u00e3o houvesse mais segrega\u00e7\u00e3o, muros e interna\u00e7\u00f5es integrais: diversos servi\u00e7os de sa\u00fade mental territorial poderiam continuar sendo mentalmente manicomializantes, como ali\u00e1s \u00e9 a pol\u00edtica de sa\u00fade mental da Fran\u00e7a e alguns (mas n\u00e3o todos nem a maioria) dos Centros de Aten\u00e7\u00e3o Psicossocial no Brasil.<\/p>\n<p style=\"text-align: justify;\">O mesmo vale para o ataque a <strong>Imprensa<\/strong>. O fato de existir a Globo e a l\u00f3gica familiar meio mafiosa das empresas de m\u00eddia no Brasil s\u00e3o apenas a pior forma do <strong>Jornalismo<\/strong> &#8211; contudo, \u00e9 o <strong>Jornalismo<\/strong> o real inimigo: o discurso-pr\u00e1tica que justifica e se usa da id\u00e9ia de que h\u00e1 informa\u00e7\u00e3o de um lado, e gente a ser informada de outro, e que n\u00e3o pode o cidad\u00e3o cuidar de sua pr\u00f3pria informa\u00e7\u00e3o sozinho ou comunitariamente.<\/p>\n<p style=\"text-align: justify;\">Dito de modo gramsciano: o <strong>Jornalismo<\/strong>, enquanto institui\u00e7\u00e3o, e n\u00e3o a mera <strong>Imprensa<\/strong>, \u00e9 a instrumentaliza\u00e7\u00e3o da aliena\u00e7\u00e3o do sujeito em rela\u00e7\u00e3o a produ\u00e7\u00e3o dos bens de que necessita &#8211; neste caso, as not\u00edcias.<\/p>\n<p style=\"text-align: center;\"><strong>* * *<\/strong><\/p>\n<p style=\"text-align: justify;\">Roberto Tikanori, baluarte &amp; arcabuz da her\u00f3ica Reforma Psiqui\u00e1trica de Santos (SP &#8211; anterior, diga-se, ao advento institucional do SUS e a Constituinte de 1988: isto \u00e9, realizada ainda sob os coturnos da Ditadura Militar), costumava dizer a reporteres que o interpelavam sobre esta Reforma se o que ele estava fazendo era Anti-Psiquiatria. Respondia ele:<\/p>\n<blockquote>\n<p style=\"text-align: justify;\">&#8220;N\u00e3o, estamos finalmente fazendo Psiquiatria; Anti-Psiquiatria era o que se fazia antes, no manic\u00f4mio, trancafiando gente e cronificando patologias&#8221;.<\/p>\n<\/blockquote>\n<p style=\"text-align: justify;\">\u00c9 corriqueiro que haja entre os Anti-Manicomiais certo elogio da Psiquiatria Cl\u00e1ssica &#8211; &#8220;al\u00ed sim havia uma compreens\u00e3o do homem para al\u00e9m de sua loucura&#8221;. Jaques Lacan e Jean Delay (criador dos neurol\u00e9pticos, sem o que seria imposs\u00edvel acabar com o manic\u00f4mio) rasgam seda para Henry Ey e at\u00e9 mesmo para o criador do Asilo Mental, Pinel; Basaglia era clinicamente um kraepliniano; Laing &amp; Cooper, na Inglaterra, s\u00e3o herdeiros diletos da escola sui\u00e7a de Biswanger e Eugene Bleuler; no Brasil, Nise da Silveira \u00e9 uma ex-aluna do g\u00eanio mulato bahiano Juliano Moreira.<\/p>\n<p style=\"text-align: justify;\">H\u00e1 nisso similaridade com o que fazem hoje alguns Jornalistas que militam em prol da Reforma Midi\u00e1tica hoje: &#8220;Precisamos voltar a fazer jornalismo de verdade!, investigativo!, a moda antiga!&#8221;. O que Psiquiatras Anti-Manicomiais e Jornalistas Anti-Imprensa n\u00e3o percebem \u00e9 que eles s\u00e3o v\u00edtimas do horizonte de classe (para usarmos um termo caro a Lenin, e engeliano de origem) de sua pr\u00f3pria forma\u00e7\u00e3o. Com isso, n\u00e3o consegue perceber que aquilo que lhes causa horror na Psiquiatria de Manic\u00f4mio (&#8220;aquilo \u00e9 que era porca anti-psiquiatria&#8221;) e o <strong>Jornalismo<\/strong> de Jornal atual n\u00e3o \u00e9 nem Anti-Psiquiatria nem <strong>Anti-Jornalismo<\/strong> &#8211; mas <strong>Des-Jornalismo<\/strong> e Des-Psiquiatria. N\u00e3o percebem que a Psiquiatria cl\u00e1ssica, de fato admir\u00e1vel, levaria ao manic\u00f4mio, e o Jornalismo velho de guerra levaria ao seu pr\u00f3prio empobrecimento subserviente a ind\u00fastria da not\u00edcia &#8211; da mesma forma que as manufaturas t\u00eaxteis, admir\u00e1veis em sua divis\u00e3o social do trabalho n\u00e3o-alienante, levariam a ind\u00fastria taylor-fordista 50 anos depois.<\/p>\n<p style=\"text-align: justify;\">H\u00e1, contudo, uma positividade nesta admira\u00e7\u00e3o do passado de suas pr\u00e1ticas discursivas: a Reforma Psiqui\u00e1trica n\u00e3o teria acontecido sem um retorno aos mestres do in\u00edcio do s\u00e9culo XX, pelo que eles t\u00eam de saber n\u00e3o-alienado, diferente do psiquiatra biologicista atual que se resumiu a um alienado passador sintomatol\u00f3gico de rem\u00e9dios; a Reforma Midi\u00e1tica n\u00e3o ocorrer\u00e1 sem o retorno aos m\u00e9todos investigativos e a devo\u00e7\u00e3o sacerdotal dos grandes jornalistas dos anos 1950.<\/p>\n<p style=\"text-align: justify;\">Contudo, se restringir a isso seria uma mera quest\u00e3o de m\u00e9todos &#8211; e temos visto at\u00e9 aqui que a diferen\u00e7a \u00e9 de princ\u00edpios: <strong>Jornalismo<\/strong> \u00e9 apenas <strong>Des-Jornalismo<\/strong> feito com rigor e \u00e9tica, mas <strong>Des-Jornalismo<\/strong> ainda: ambos fetichizam a not\u00edcia, transformando-a em mercadoria. O <strong>Anti-Jornalismo<\/strong> consiste em usar o rigor metodol\u00f3gico do Jornalismo, dando um passo adiante.<\/p>\n<p style=\"text-align: justify;\">At\u00e9 porque n\u00e3o existe machar-a-r\u00e9 da Hist\u00f3ria: a economia solid\u00e1ria e o cooperativismo, t\u00e3o em voga hoje, seguem o modelo das antigas guildas e manufaturas pr\u00e9-industriais, mas de um outro lugar e modo &#8211; sem o que cairiam num passadismo igualmente rom\u00e2ntico: superar o Capitalismo n\u00e3o \u00e9 retornar ao Feudalismo, sen\u00e3o usar alguns recursos feudais (e tamb\u00e9ma alguns do pr\u00f3prio capital)\u00a0para irmos al\u00e9m de ambos.<\/p>\n<p style=\"text-align: justify;\">\n","protected":false},"excerpt":{"rendered":"<p>Jornalismo, Des-jornalismo, Anti-Jornalismo e Imprensa Especialmente desde a crise do mensal\u00e3o, e gra\u00e7as ao esgoto em que mergulharam a Revista Veja e o jornal Folha de S\u00e3o Paulo, ataques e rejei\u00e7\u00f5es do cidad\u00e3o mais ou menos cr\u00edtico-reflexivo \u00e0 empresas de imprensa de ampla envergadura, \u00e0 m\u00eddia plutocr\u00e1tica e ao que [&hellip;]<\/p>\n","protected":false},"author":2,"featured_media":0,"comment_status":"closed","ping_status":"open","sticky":false,"template":"","format":"standard","meta":{"footnotes":""},"categories":[13,9],"tags":[1064,1575,1401,1576,1065,1574,979,1573],"class_list":["post-2944","post","type-post","status-publish","format-standard","hentry","category-01ler","category-01viver","tag-anti-jornalismo","tag-antijornalismo","tag-des-jornalismo","tag-desjornalismo","tag-jornalismo","tag-partido-da-imprensa-golpista","tag-pig","tag-reforma-midiatica"],"_links":{"self":[{"href":"https:\/\/www.ultimobaile.com\/index.php?rest_route=\/wp\/v2\/posts\/2944","targetHints":{"allow":["GET"]}}],"collection":[{"href":"https:\/\/www.ultimobaile.com\/index.php?rest_route=\/wp\/v2\/posts"}],"about":[{"href":"https:\/\/www.ultimobaile.com\/index.php?rest_route=\/wp\/v2\/types\/post"}],"author":[{"embeddable":true,"href":"https:\/\/www.ultimobaile.com\/index.php?rest_route=\/wp\/v2\/users\/2"}],"replies":[{"embeddable":true,"href":"https:\/\/www.ultimobaile.com\/index.php?rest_route=%2Fwp%2Fv2%2Fcomments&post=2944"}],"version-history":[{"count":14,"href":"https:\/\/www.ultimobaile.com\/index.php?rest_route=\/wp\/v2\/posts\/2944\/revisions"}],"predecessor-version":[{"id":2998,"href":"https:\/\/www.ultimobaile.com\/index.php?rest_route=\/wp\/v2\/posts\/2944\/revisions\/2998"}],"wp:attachment":[{"href":"https:\/\/www.ultimobaile.com\/index.php?rest_route=%2Fwp%2Fv2%2Fmedia&parent=2944"}],"wp:term":[{"taxonomy":"category","embeddable":true,"href":"https:\/\/www.ultimobaile.com\/index.php?rest_route=%2Fwp%2Fv2%2Fcategories&post=2944"},{"taxonomy":"post_tag","embeddable":true,"href":"https:\/\/www.ultimobaile.com\/index.php?rest_route=%2Fwp%2Fv2%2Ftags&post=2944"}],"curies":[{"name":"wp","href":"https:\/\/api.w.org\/{rel}","templated":true}]}}