{"id":290,"date":"2008-10-02T14:11:58","date_gmt":"2008-10-02T17:11:58","guid":{"rendered":"http:\/\/www.ultimobaile.com\/?p=290"},"modified":"2025-12-24T13:03:56","modified_gmt":"2025-12-24T16:03:56","slug":"samba-das-mocas-fazem-manicoba-neste-sabado","status":"publish","type":"post","link":"https:\/\/www.ultimobaile.com\/?p=290","title":{"rendered":"Samba das Mo\u00e7as fazem mani\u00e7oba neste s\u00e1bado!"},"content":{"rendered":"<p style=\"text-align: justify;\"><a href=\"https:\/\/www.ultimobaile.com\/wp-content\/uploads\/2008\/10\/manic3a7obacell.jpg\"><img loading=\"lazy\" decoding=\"async\" class=\"aligncenter size-full wp-image-304\" title=\"manic3a7obacell\" src=\"https:\/\/www.ultimobaile.com\/wp-content\/uploads\/2008\/10\/manic3a7obacell.jpg\" alt=\"\" width=\"310\" height=\"400\" srcset=\"https:\/\/www.ultimobaile.com\/wp-content\/uploads\/2008\/10\/manic3a7obacell.jpg 310w, https:\/\/www.ultimobaile.com\/wp-content\/uploads\/2008\/10\/manic3a7obacell-232x300.jpg 232w\" sizes=\"auto, (max-width: 310px) 100vw, 310px\" \/><\/a><\/p>\n<p style=\"text-align: justify;\">\n<p style=\"text-align: justify;\"><a href=\"http:\/\/sambadasmocas.blogspot.com\/\" target=\"_blank\">Samba das Mo\u00e7as<\/a> fazem <a href=\"http:\/\/pt.wikipedia.org\/wiki\/Mani\u00e7oba\" target=\"_blank\">mani\u00e7oba<\/a> este s\u00e1bado, dia 04 de outubro, \u00e0s 2h da tarde, no Sobrado da Pra\u00e7a &#8211; Largo de Santana (Dinha), Rio Vermelho.<\/p>\n<p style=\"text-align: justify;\"><img loading=\"lazy\" decoding=\"async\" class=\"aligncenter size-full wp-image-303\" title=\"atyaaab32wf_gl0-lupgcjpmby04ckw7vp_-_zqkcq0b5jvbxevzqmdij-nk0omifwnlznvm20gqhatzodfjk7vdtqpsajtu9vaaxrhuic9ffsrft3jf9vaklcgcmw1\" src=\"https:\/\/www.ultimobaile.com\/wp-content\/uploads\/2008\/10\/atyaaab32wf_gl0-lupgcjpmby04ckw7vp_-_zqkcq0b5jvbxevzqmdij-nk0omifwnlznvm20gqhatzodfjk7vdtqpsajtu9vaaxrhuic9ffsrft3jf9vaklcgcmw1.jpg\" alt=\"\" width=\"500\" height=\"375\" srcset=\"https:\/\/www.ultimobaile.com\/wp-content\/uploads\/2008\/10\/atyaaab32wf_gl0-lupgcjpmby04ckw7vp_-_zqkcq0b5jvbxevzqmdij-nk0omifwnlznvm20gqhatzodfjk7vdtqpsajtu9vaaxrhuic9ffsrft3jf9vaklcgcmw1.jpg 640w, https:\/\/www.ultimobaile.com\/wp-content\/uploads\/2008\/10\/atyaaab32wf_gl0-lupgcjpmby04ckw7vp_-_zqkcq0b5jvbxevzqmdij-nk0omifwnlznvm20gqhatzodfjk7vdtqpsajtu9vaaxrhuic9ffsrft3jf9vaklcgcmw1-300x225.jpg 300w\" sizes=\"auto, (max-width: 500px) 100vw, 500px\" \/><\/p>\n<p>R$25,00 a entrada, incluindo bufet. Pra quem n\u00e3o conhece as meninas ainda, recomendo que v\u00e1!<\/p>\n<p><object classid=\"clsid:d27cdb6e-ae6d-11cf-96b8-444553540000\" width=\"425\" height=\"344\" codebase=\"http:\/\/download.macromedia.com\/pub\/shockwave\/cabs\/flash\/swflash.cab#version=6,0,40,0\"><param name=\"allowFullScreen\" value=\"true\" \/><param name=\"src\" value=\"http:\/\/www.youtube.com\/v\/P9m8_77FNV4&amp;hl=pt-br&amp;fs=1\" \/><embed type=\"application\/x-shockwave-flash\" width=\"425\" height=\"344\" src=\"http:\/\/www.youtube.com\/v\/P9m8_77FNV4&amp;hl=pt-br&amp;fs=1\" allowfullscreen=\"true\"><\/embed><\/object><\/p>\n<p style=\"text-align: justify;\"><a href=\"https:\/\/www.ultimobaile.com\/wp-content\/uploads\/2008\/10\/atyaaab32wf_gl0-lupgcjpmby04ckw7vp_-_zqkcq0b5jvbxevzqmdij-nk0omifwnlznvm20gqhatzodfjk7vdtqpsajtu9vaaxrhuic9ffsrft3jf9vaklcgcmw1.jpg\"><\/a><\/p>\n","protected":false},"excerpt":{"rendered":"<p>Samba das Mo\u00e7as fazem mani\u00e7oba este s\u00e1bado, dia 04 de outubro, \u00e0s 2h da tarde, no Sobrado da Pra\u00e7a &#8211; Largo de Santana (Dinha), Rio Vermelho. R$25,00 a entrada, incluindo bufet. Pra quem n\u00e3o conhece as meninas ainda, recomendo que v\u00e1!<\/p>\n","protected":false},"author":2,"featured_media":0,"comment_status":"closed","ping_status":"open","sticky":false,"template":"","format":"standard","meta":{"footnotes":""},"categories":[11,10],"tags":[20,139,48,15,138],"class_list":["post-290","post","type-post","status-publish","format-standard","hentry","category-01beber","category-01comer","tag-bahia","tag-manicoba","tag-rio-vermelho","tag-salvador","tag-samba-das-mocas"],"_links":{"self":[{"href":"https:\/\/www.ultimobaile.com\/index.php?rest_route=\/wp\/v2\/posts\/290","targetHints":{"allow":["GET"]}}],"collection":[{"href":"https:\/\/www.ultimobaile.com\/index.php?rest_route=\/wp\/v2\/posts"}],"about":[{"href":"https:\/\/www.ultimobaile.com\/index.php?rest_route=\/wp\/v2\/types\/post"}],"author":[{"embeddable":true,"href":"https:\/\/www.ultimobaile.com\/index.php?rest_route=\/wp\/v2\/users\/2"}],"replies":[{"embeddable":true,"href":"https:\/\/www.ultimobaile.com\/index.php?rest_route=%2Fwp%2Fv2%2Fcomments&post=290"}],"version-history":[{"count":27,"href":"https:\/\/www.ultimobaile.com\/index.php?rest_route=\/wp\/v2\/posts\/290\/revisions"}],"predecessor-version":[{"id":4498,"href":"https:\/\/www.ultimobaile.com\/index.php?rest_route=\/wp\/v2\/posts\/290\/revisions\/4498"}],"wp:attachment":[{"href":"https:\/\/www.ultimobaile.com\/index.php?rest_route=%2Fwp%2Fv2%2Fmedia&parent=290"}],"wp:term":[{"taxonomy":"category","embeddable":true,"href":"https:\/\/www.ultimobaile.com\/index.php?rest_route=%2Fwp%2Fv2%2Fcategories&post=290"},{"taxonomy":"post_tag","embeddable":true,"href":"https:\/\/www.ultimobaile.com\/index.php?rest_route=%2Fwp%2Fv2%2Ftags&post=290"}],"curies":[{"name":"wp","href":"https:\/\/api.w.org\/{rel}","templated":true}]}}