{"id":2837,"date":"2010-10-27T23:53:12","date_gmt":"2010-10-28T02:53:12","guid":{"rendered":"http:\/\/www.ultimobaile.com\/?p=2837"},"modified":"2025-12-24T13:02:56","modified_gmt":"2025-12-24T16:02:56","slug":"orquestras-metonimia-de-governos","status":"publish","type":"post","link":"https:\/\/www.ultimobaile.com\/?p=2837","title":{"rendered":"Orquestras, meton\u00edmia de Governos"},"content":{"rendered":"<p style=\"text-align: justify;\">\n<div class=\"mceTemp\" style=\"text-align: justify;\">\n<div class=\"mceTemp\" style=\"text-align: justify;\">\n<div class=\"mceTemp\">\n<div id=\"attachment_2840\" style=\"width: 259px\" class=\"wp-caption alignleft\"><a href=\"https:\/\/www.ultimobaile.com\/wp-content\/uploads\/2010\/10\/mechetti1.jpg\"><img loading=\"lazy\" decoding=\"async\" aria-describedby=\"caption-attachment-2840\" class=\"size-full wp-image-2840\" title=\"mechetti\" src=\"https:\/\/www.ultimobaile.com\/wp-content\/uploads\/2010\/10\/mechetti1.jpg\" alt=\"\" width=\"249\" height=\"335\" srcset=\"https:\/\/www.ultimobaile.com\/wp-content\/uploads\/2010\/10\/mechetti1.jpg 249w, https:\/\/www.ultimobaile.com\/wp-content\/uploads\/2010\/10\/mechetti1-222x300.jpg 222w\" sizes=\"auto, (max-width: 249px) 100vw, 249px\" \/><\/a><p id=\"caption-attachment-2840\" class=\"wp-caption-text\">O A\u00e9cio Neves da batuta orquestral erudita.<\/p><\/div>\n<p>\u00c9 sabido o quanto <a href=\"https:\/\/www.ultimobaile.com\/?p=2693\" target=\"_blank\">critico a tempos tanto o que a Orquestra Sinf\u00f4nica do Estado de S\u00e3o Paulo (OSESP) se tornou sem John\u00a0Neschling (mediocre e colonialista)<\/a>, quanto os defeitos que tinha sob sua gest\u00e3o (orquestra tensa, sem interpreta\u00e7\u00e3o pr\u00f3pria sen\u00e3o a imposta por ele, autocraticamente) apesar das in\u00fameras qualidades (rigor orquestral primeiro-mundista sem subalternidade, formando e resgatando um repert\u00f3rio propriamente brasileiro, vinculado a outras orquestras do pa\u00eds &#8211; Bahia, Mato Grosso do Sul &#8211; e da Am\u00e9rica Latina &#8211; Simon Bol\u00edvar).<\/p>\n<\/div>\n<\/div>\n<\/div>\n<p style=\"text-align: justify;\">Estas observa\u00e7\u00f5es se acirraram desde que em setembro \u00faltimo assisti as duas orquestras nacionais que hoje fazem frente ao que a OSESP era e \u00e9: a <a href=\"http:\/\/www.filarmonica.art.br\/\" target=\"_blank\">Filarm\u00f4nica de Minas Gerais<\/a>, sob a batuta do magistral e discreto F\u00e1bio Mechetti, e a <a href=\"https:\/\/www.ultimobaile.com\/?p=2263\" target=\"_blank\">Orquestra Nacional de \u00d3peras, excelente pr\u00eamio-de-consola\u00e7\u00e3o que Neschling ganhou do Governo Federal<\/a> ao ser chutado da Sala S\u00e3o Paulo pela dupla de proto-talib\u00e3s Fernando Henrique Cardoso e Jos\u00e9 Serra.<\/p>\n<p style=\"text-align: justify;\">\u00c9 sabido tamb\u00e9m que a OSESP, nascendo estatal pelas m\u00e3os do Governador\u00a0Andr\u00e9 DiFranco Montoro h\u00e1 30 anos, sob encargo de ningu\u00e9m menos que o maestro Eliezer de Carvalho, fortaleceu-se no Governo M\u00e1rio Covas com a ascens\u00e3o de John Neschling e a constru\u00e7\u00e3o da Sala S\u00e3o Paulo Esta\u00e7\u00e3o J\u00falio Prestes (numa das \u00e1reas urbanas, reconhe\u00e7a-se, mais belas das Am\u00e9ricas: o Parque da Luz, na capital paulista). Covas tomou a medida de &#8220;publicizar&#8221; a OSESP: deixaria de ser estatal, continuando a ser p\u00fablica dirigida por Organiza\u00e7\u00e3o Civil de Interesse P\u00fablico (OCIP).<\/p>\n<p style=\"text-align: justify;\">Para al\u00e9m da discuss\u00e3o de se isso foi ou n\u00e3o uma &#8220;privataria tucana&#8221;, o modelo \u00e9 bem-sucedido. Hugo Chavez fez isso com o El Sistema, e na Bahia o <a href=\"www.neojiba.org\" target=\"_blank\">N\u00facleo de Orquestras Juvenis e Infantis (Neojib\u00e1)<\/a> \u00e9 assim e a Sinf\u00f4nica do Estado (OSBA) caminha para a mesma dire\u00e7\u00e3o.<\/p>\n<p style=\"text-align: justify;\">Este tipo de decis\u00e3o coloca a pergunta: devem as Sinf\u00f4nicas serem estatais? Assim elas o s\u00e3o desde o advento do Estado Moderno Burgu\u00eas, h\u00e1 quase 200 anos; e o eram antes, na Idade Cl\u00e1ssica, ligada a pal\u00e1cios (Mozart serviu na corte de Leopoldo II; Bach era capel\u00e3o imperial da Sax\u00f4nia). A resposta talvez seja: &#8220;N\u00e3o&#8221; ou &#8220;N\u00e3o mais&#8221; ou &#8220;N\u00e3o apenas&#8221;. Mas nisso, a OSESP que poderia ter sido o melhor exemplo, \u00e9 o pior!<\/p>\n<p style=\"text-align: justify;\">Sua publiciza\u00e7\u00e3o (ou privatiza\u00e7\u00e3o, se assim quiserem) abre brecha para a arbitrariedade de Jos\u00e9 Serra &#8211; isto \u00e9: para o reinado dos med\u00edocres, como Ian Pascale Tortelier. Tem como ser diferente? Sim, e tanto A\u00e9cio Neves quanto o Ministro Juca Ferreira o provam.<\/p>\n<p style=\"text-align: justify;\">Minas Gerais abdicou de ter uma Sinf\u00f4nica do Estado, num governo relativamente estatizante (fortaleceu a CEMIG&#8230;) como o de A\u00e9cio. Estatizante, mas que soube ser indutor e fomentar o capital privado inclusive em sua atua\u00e7\u00e3o social. \u00c9 assim que a Filarm\u00f4nica de Minas tem todas as qualidades da OSESP de Neschling, sem ter seus defeitos: um maestro genial, mas que investe em forma\u00e7\u00e3o de novos m\u00fasicos e em programas sociais (Neschling nunca deu muita bola para a excelente <a href=\"http:\/\/www.institutobaccarelli.org.br\/sinfonica\/\" target=\"_blank\">Sinf\u00f4nica de Heli\u00f3polis &#8211; Orquestra Baccareli<\/a>); com m\u00fasicos do mundo inteiro, bem pagos, mas sem a tens\u00e3o do emprego privado da &#8220;demiss\u00e3o a qualquer tempo&#8221;. \u00c9 claro que h\u00e1 programas de ren\u00fancia fiscal do Estado de Minas para garantir isso &#8211; mas o investimento e a gest\u00e3o s\u00e3o largamente privados, sem no entanto visar o lucro.<\/p>\n<p style=\"text-align: justify;\">Da parte do Governo Federal, antes de tratarmos do <em>Barbeiro de Sevilha<\/em> de Neschling, h\u00e1 a <a href=\"http:\/\/www.petrobrasinfonica.com.br\/\" target=\"_blank\">Petrobr\u00e1s Sinf\u00f4nica<\/a>. \u00c9 estatal? Sim, se se pensar que \u00e9 ligada a uma empresa estatal; n\u00e3o se se pensar que \u00e9 ligada a uma empresa &#8211; e de capital misto. P\u00fablica, sem d\u00favida. Cujo objetivo \u00e9 a forma\u00e7\u00e3o de plat\u00e9ia e m\u00fasicos, em seus ensaios na boate Fundi\u00e7\u00e3o Progresso da Lapa carioca, ou nos concertos em Igrejas do Rio de Janeiro onde incentivam que o p\u00fablico filme, pirateie e distribua no <em>Youtube<\/em>. Na batuta, outro mestre: Isaac Karabitchevisky.<\/p>\n<p style=\"text-align: justify;\">Na Orquestra Nacional de \u00d3peras, Neschling nem parece o severo impositor da OSESP: a sinf\u00f4nica tocava leve, brincante como os bis do Neojib\u00e1. O pr\u00f3prio formato escolhido para a \u00f3pera, em desenho animado, deselitizava totalmente o acesso. Como algu\u00e9m muda tanto de estilo, e para melhor, em t\u00e3o pouco tempo?!<\/p>\n<p style=\"text-align: justify;\">A resposta, leitor, est\u00e1 no t\u00edtulo deste post. Orquestras s\u00e3o meton\u00edmias de seus governos, mesmo quando s\u00e3o orquestras privadas (e a\u00ed, Jaques Wagner deita e rola: de um estado que tinha duas sinf\u00f4nicas mequetrefes, OSBA e OSUFBA, tem hoje quase uma d\u00fazia de orquestras, premiadas e reconhecidas e interagindo entre si: da Rumpilezz a <a href=\"https:\/\/www.ultimobaile.com\/?p=2633\" target=\"_blank\">Afro-Sinf\u00f4nica<\/a> e a <a href=\"http:\/\/www.youtube.com\/watch?v=z8387UgeEoo\" target=\"_blank\">Pagode Sambone Orquestra<\/a>. Liberdade e republicanismo gera essas coisas, n\u00e9?). O Neschling tenso e tir\u00e2nico da OSESP talvez fosse espelho de seu chefe &#8211; n\u00e3o de Covas, bonach\u00e3o e j\u00e1 moribundo, nem de Alckmin, que n\u00e3o difere uma flauta de um violino, mas de Jos\u00e9 Serra, que n\u00e3o fez outra coisa que destruir diversos bons programas do Covismo (isto \u00e9: do melhor tucanato de S\u00e3o Paulo, seu pr\u00f3prio partido) desde que passou a deambular notivagamente pelos corredores do Mausol\u00e9u do Morumbi, o Pal\u00e1cio dos Bandeirantes.<\/p>\n<p style=\"text-align: justify;\">Quando for a urna no domingo, lembre disso &#8211; e escolha que estilo orquestral voc\u00ea prefere para o maestro (ou maestrina &#8211; e eu prefiro, dada a qualidade que tem mostrado quando sobe ao p\u00falpito central a j\u00f3vem flautista Ana J\u00falia Bittencourt, do Neojib\u00e1. Te cuida, Yuri Azevedo!) que vai reger a Rep\u00fablica pelos pr\u00f3ximos quatro, talvez oito anos. De minha parte, n\u00e3o quero nem desafina\u00e7\u00e3o nem importacionismo evang\u00e9lico.<\/p>\n","protected":false},"excerpt":{"rendered":"<p>\u00c9 sabido o quanto critico a tempos tanto o que a Orquestra Sinf\u00f4nica do Estado de S\u00e3o Paulo (OSESP) se tornou sem John\u00a0Neschling (mediocre e colonialista), quanto os defeitos que tinha sob sua gest\u00e3o (orquestra tensa, sem interpreta\u00e7\u00e3o pr\u00f3pria sen\u00e3o a imposta por ele, autocraticamente) apesar das in\u00fameras qualidades (rigor [&hellip;]<\/p>\n","protected":false},"author":2,"featured_media":0,"comment_status":"closed","ping_status":"open","sticky":false,"template":"","format":"standard","meta":{"footnotes":""},"categories":[933,12,9],"tags":[1321,20,1430,140,502,385,618,805,1547,314,620],"class_list":["post-2837","post","type-post","status-publish","format-standard","hentry","category-o-retorno-da-cancao","category-01ver","category-01viver","tag-aecio-neves","tag-bahia","tag-filarmonica","tag-jaques-wagner","tag-jose-serra","tag-minas-gerais","tag-neojiba","tag-orquestra","tag-petrobras","tag-sao-paulo","tag-sinfonica"],"_links":{"self":[{"href":"https:\/\/www.ultimobaile.com\/index.php?rest_route=\/wp\/v2\/posts\/2837","targetHints":{"allow":["GET"]}}],"collection":[{"href":"https:\/\/www.ultimobaile.com\/index.php?rest_route=\/wp\/v2\/posts"}],"about":[{"href":"https:\/\/www.ultimobaile.com\/index.php?rest_route=\/wp\/v2\/types\/post"}],"author":[{"embeddable":true,"href":"https:\/\/www.ultimobaile.com\/index.php?rest_route=\/wp\/v2\/users\/2"}],"replies":[{"embeddable":true,"href":"https:\/\/www.ultimobaile.com\/index.php?rest_route=%2Fwp%2Fv2%2Fcomments&post=2837"}],"version-history":[{"count":5,"href":"https:\/\/www.ultimobaile.com\/index.php?rest_route=\/wp\/v2\/posts\/2837\/revisions"}],"predecessor-version":[{"id":4235,"href":"https:\/\/www.ultimobaile.com\/index.php?rest_route=\/wp\/v2\/posts\/2837\/revisions\/4235"}],"wp:attachment":[{"href":"https:\/\/www.ultimobaile.com\/index.php?rest_route=%2Fwp%2Fv2%2Fmedia&parent=2837"}],"wp:term":[{"taxonomy":"category","embeddable":true,"href":"https:\/\/www.ultimobaile.com\/index.php?rest_route=%2Fwp%2Fv2%2Fcategories&post=2837"},{"taxonomy":"post_tag","embeddable":true,"href":"https:\/\/www.ultimobaile.com\/index.php?rest_route=%2Fwp%2Fv2%2Ftags&post=2837"}],"curies":[{"name":"wp","href":"https:\/\/api.w.org\/{rel}","templated":true}]}}