{"id":2811,"date":"2010-09-26T15:26:19","date_gmt":"2010-09-26T18:26:19","guid":{"rendered":"http:\/\/www.ultimobaile.com\/?p=2811"},"modified":"2025-12-24T13:02:56","modified_gmt":"2025-12-24T16:02:56","slug":"dialetica-da-decepcao","status":"publish","type":"post","link":"https:\/\/www.ultimobaile.com\/?p=2811","title":{"rendered":"Dial\u00e9tica da Decep\u00e7\u00e3o"},"content":{"rendered":"<p style=\"text-align: justify;\">\n<div id=\"attachment_2815\" style=\"width: 213px\" class=\"wp-caption alignleft\"><a href=\"https:\/\/www.ultimobaile.com\/wp-content\/uploads\/2010\/09\/wagner.jpg\"><img loading=\"lazy\" decoding=\"async\" aria-describedby=\"caption-attachment-2815\" class=\"size-full wp-image-2815\" title=\"wagner\" src=\"https:\/\/www.ultimobaile.com\/wp-content\/uploads\/2010\/09\/wagner.jpg\" alt=\"\" width=\"203\" height=\"248\" \/><\/a><p id=\"caption-attachment-2815\" class=\"wp-caption-text\">Derrotar o carlismo em vida n\u00e3o o transforma em mito?<\/p><\/div>\n<p style=\"text-align: justify;\">\u00c9 recorrente um discurso atual de quem supostamente ajudou a eleger Jaques Wagner governador da Bahia em 2006, e que hoje se diz &#8220;decepcionado&#8221;. &#8220;Ele n\u00e3o cumpriu o que prometeu&#8221;, alegam &#8211; motivo para votarem num Paulo Souto potencialmente modernizante (n\u00e3o fossem as circunst\u00e2ncias medievais que o rodeiam &#8211; a.k.a.: Jos\u00e9 Carlos Aleluia, um caso de parafrenia), ou para apostarem temerariamente na <a href=\"https:\/\/www.ultimobaile.com\/?p=2754\" target=\"_blank\">pressa-sem-dire\u00e7\u00e3o (cujo destino certo \u00e9 o acidente, com v\u00edtimas fatais) de Geddel Vieira Lima<\/a>.<\/p>\n<p style=\"text-align: justify;\">Este significante da &#8220;decep\u00e7\u00e3o&#8221; \u00e9 bastante curioso, e merece nos determos nele um pouco. Ele n\u00e3o comparece como a decep\u00e7\u00e3o com Lula em 2005\/2006, por causa do epis\u00f3dio do mensal\u00e3o (<a href=\"http:\/\/www.redetv.com.br\/portal\/getVideo.aspx?cdVideo=5853&amp;autostart=1\" target=\"_blank\">a que Wagner ali\u00e1s se op\u00f4s, ajudou a resolver, e fala abertamente a respeito<\/a>); nem com o Lula de 2003,\u00a0 que teria aderido inopinadamente a um modelo macroecon\u00f4mico conservador de direita (embora na microeconomia seu governo seja francamente socializante).<\/p>\n<p style=\"text-align: justify;\">A decep\u00e7\u00e3o aqui \u00e9 de uma outra ordem, e passa por uma id\u00e9ia abstrata: n\u00e3o se sabe dizer exatamente o que Jaques Wagner fez, ou deixou de fazer, que tenha decepcionado &#8211; e diante de argumentos como o Neojib\u00e1 e o TOPA, o decepcionado silencia sem no entanto recuar ou mudar de posi\u00e7\u00e3o (o que n\u00e3o ocorria em rela\u00e7\u00e3o a Lula em 2006, quando aos poucos recuperou seu eleitorado apesar do mensal\u00e3o).<\/p>\n<p style=\"text-align: center;\"><strong>* * *<br \/>\n<\/strong><\/p>\n<p style=\"text-align: justify;\">Para se decepcionar, \u00e9 preciso que haja promessas n\u00e3o cumpridas &#8211; e olhe l\u00e1! Como bem diz <a href=\"http:\/\/www.blogdoalon.com.br\/\" target=\"_blank\">Alon Feuerwerker<\/a>, ningu\u00e9m espera que um candidato eleito cumpra <strong><em>o que<\/em><\/strong> prometeu, mas sim <strong><em>na dire\u00e7\u00e3o que<\/em><\/strong> prometeu. Lula prometeu Fome Zero, que deu errado; entregou Bolsa Fam\u00edlia, que deu certo. Ficamos satisfeitos: o princ\u00edpio cumprido \u00e9 o mesmo princ\u00edpio prometido &#8211; acabar com a fome e a mis\u00e9ria extrema.<\/p>\n<p style=\"text-align: justify;\">A campanha de Jaques Wagner em 2006 n\u00e3o foi quase calcada em promessas materiais (a n\u00e3o ser talvez os Hospitais do Sub\u00farbio de Salvador e da Crian\u00e7a em Feira de Santana &#8211; ambos entregues prontos e funcionando este ano), sen\u00e3o em principios: mudar os m\u00e9todos de fazer pol\u00edtica; amplia\u00e7\u00e3o de todos os vetores democr\u00e1ticos no estado (independ\u00eancia de poderes com interlocu\u00e7\u00e3o entre eles; transpar\u00eancia; amplo debate e participa\u00e7\u00e3o popular na formula\u00e7\u00e3o e aplica\u00e7\u00e3o de pol\u00edticas p\u00fablicas).<\/p>\n<p style=\"text-align: justify;\">Neste sentido, Wagner cumpriu a risca estas promessas: o que se ouve nas ruas \u00e9 que Paulo Souto foi bom governador, mas representa uma imagem antiquada e cansada; e que Wagner, apesar dos erros, tem acertos e \u00e9 francamente democr\u00e1tico (e como quase tudo \u00e9 constru\u00eddo junto com a sociedade, a popula\u00e7\u00e3o tem a sensa\u00e7\u00e3o de que, como diz um meu ex-amante, &#8220;antes de serem erros, s\u00e3o meus &#8211; e por isso tenho orgulho deles&#8221;).<\/p>\n<p style=\"text-align: justify;\">Nunca antes se pensou a reocupa\u00e7\u00e3o do Centro Antigo, de cabo a rabo, atrav\u00e9s dos que l\u00e1 moram e frequentam (antes era a partir de bir\u00f4s tur\u00edsticos). E fez mais: n\u00e3o estava no seu programa por em marcha a tardia Reforma Cultural Bahiana (com duas d\u00e9cadas de atraso, se comparada a Pernambuco), e que em 3 anos e poucos meses se torna refer\u00eancia nacional no processo.<\/p>\n<p style=\"text-align: justify;\">A Reforma Cultural Bahiana entra tamb\u00e9m, mas n\u00e3o s\u00f3, na promessa de &#8220;democracia franca&#8221; e &#8220;distribui\u00e7\u00e3o de renda e trabalho&#8221;. N\u00e3o estava no programa de 2006 ter uma das melhores sinfonicas j\u00f3vens do planeta. Nem sediar 4 dos maiores festivais de teatro anuais do pa\u00eds &#8211; quando antes n\u00e3o sedi\u00e1vamos nenhum.<\/p>\n<p style=\"text-align: justify;\">Motivos h\u00e1, portanto, para surpresa positiva, e n\u00e3o negativa, como alegam alguns.<\/p>\n<p style=\"text-align: center;\"><strong>* * *<\/strong><\/p>\n<p style=\"text-align: justify;\">De alguma forma, os que alegam &#8220;decep\u00e7\u00e3o&#8221; s\u00e3o os mesmos que dizem ser um governo &#8220;lento&#8221; (e o comparam por isso, ao meu ver injustamente, ao de Waldir Pires, que foi um governo de crise, em crise, com crise, e abandonado pela metade). Junte-se aos fatos acima listados as conclus\u00f5es c\u00e9leres das obras da Via Expressa Bahia de Todos os Santos e do Complexo Vi\u00e1rio Dois de Julho, e o argumento da &#8220;lentid\u00e3o&#8221; n\u00e3o se sustenta nos fatos. Tanto assim que um amigo outro dia cometeu o lapso de achar que Wagner j\u00e1 tinha cumprido oito anos de mandato: &#8220;nem parece que foram quatro (tal \u00e9 a diferen\u00e7a de cen\u00e1rio, mental e materialmente)&#8221;, se deu conta depois de seu ato falho.<\/p>\n<p style=\"text-align: justify;\">Se sustenta, contudo, simbolicamente: \u00e9 um governo cujo processo decis\u00f3rio \u00e9 alentado, porque democr\u00e1tico ao m\u00e1ximo. <a href=\"https:\/\/www.ultimobaile.com\/?p=1812\" target=\"_blank\">Cito o exemplo da Fonte Nova: mais de ano se discutindo sua demoli\u00e7\u00e3o &#8211; a qual me \u00f4pus<\/a>. Nesse meio tempo, se decidiu pela demoli\u00e7\u00e3o, no entanto incorporando as cr\u00edticas de quem era contra: n\u00e3o se mexer\u00e1 nos seus alicerces, e se manter\u00e1 no novo est\u00e1dio o recorte original proposto por Di\u00f3genes Rebou\u00e7as.<\/p>\n<p style=\"text-align: justify;\">Por mais que a demoli\u00e7\u00e3o da Fonte Nova me desagrade, n\u00e3o posso dizer que foi processo arbitr\u00e1rio &#8211; como a demoli\u00e7\u00e3o da S\u00e9 Velha, ou a Reforma do Pelourinho por ACM.<\/p>\n<p style=\"text-align: center;\"><strong>* * *<\/strong><\/p>\n<p style=\"text-align: justify;\">Contudo, esta lentid\u00e3o democr\u00e1tica tem um motivo imagin\u00e1rio para transmitir a id\u00e9ia de &#8220;promessa n\u00e3o cumprida&#8221;: as promessas n\u00e3o se presentificam para o desejo apenas em palavras, mas em atos. E me refiro a um ato espec\u00edfico &#8211; a s\u00fabita elei\u00e7\u00e3o de Jaques Wagner no primeiro turno, contra um Paulo Souto bem-avaliado e buscando reelei\u00e7\u00e3o.<\/p>\n<p style=\"text-align: justify;\">De algu\u00e9m que consegue celeremente se eleger, se espera que resolva as demandas sociais com celeridade. \u00c9 da natureza do desejo, do inconsciente, que assim pensemos; s\u00f3 n\u00e3o \u00e9 prudente votar com o desejo sem interpret\u00e1-lo (inclusive no que ele tem de insatisfeito).<\/p>\n<p style=\"text-align: justify;\">E aqui, entra o argumento de alguns eleitores wagneristas que s\u00e3o no entanto reticentes com a pol\u00edtica por ele conduzida: &#8220;Wagner n\u00e3o conseguiu se transformar num mito pol\u00edtico&#8221;. Primeiro, a assertiva me parece falsa: tanto se transformou, por vencer o Carlismo de virada e sopet\u00e3o, com ACM vivo ainda, que \u00e9 por isso que achamos seu governo pouco m\u00edtico (neste sentido, ele se aproxima de Barack Obama, cuja elei\u00e7\u00e3o foi t\u00e3o proeminente que ofusca seu n\u00e3o obstante bom governo &#8211; em 3 anos cumpriu suas duas principais metas: Reforma Sanit\u00e1ria e Banc\u00e1ria).<\/p>\n<p style=\"text-align: justify;\">Mas n\u00e3o querer, a partir de uma vit\u00f3ria mitol\u00f3gica, se transformar em mito \u00e9 tamb\u00e9m uma diferen\u00e7a de m\u00e9todos que bem mostra o quanto o Galego cumpre o que prometeu. <a href=\"https:\/\/www.ultimobaile.com\/?p=2199\" target=\"_blank\">ACM, que s\u00f3 se elegera governador uma \u00fanica vez, mitificou-se como &#8220;inventor da Bahia&#8221;, inclusive hitlerianamente encobrindo e deturpando a hist\u00f3ria pregressa, de Oct\u00e1vio Mangabeira e de seu ex-mentor Juracy Magalh\u00e3es<\/a>. Wagner poderia ter aproveitado seu triplo-mortal-carpado-hadouken em 2006 para fazer o mesmo &#8211; teve humildade para n\u00e3o faz\u00ea-lo, honrando o discurso que o levou ao Pal\u00e1cio de Ondina.<\/p>\n<p style=\"text-align: center;\"><strong>* * *<\/strong><\/p>\n<p style=\"text-align: justify;\">Tanto esta rela\u00e7\u00e3o pessoal de Jaques Wagner com o poder (humilde, sem ser subalterna &#8211; o avesso na pr\u00e1tica do carlismo), quanto sua insist\u00eancia em manter os modos polidos e os m\u00e9todos de participa\u00e7\u00e3o popular franca, t\u00eam sobre a Bahia um efeito sobretudo terap\u00eautico.<\/p>\n<p style=\"text-align: justify;\">Num estado acostumado a, literalmente, apanhar por tudo e por nada (quer pela heran\u00e7a escravagista, quer pelo 16 de maio de 2001 no Campus da Gra\u00e7a), Wagner n\u00e3o reage sen\u00e3o com benepl\u00e1cito &#8211; embora, \u00e0s vezes, com firmeza. Num estado acostumado a pais e patriarcas, Wagner se coloca como um igual, um concidad\u00e3o. Na cl\u00ednica psicoterap\u00eautica do comportamentalismo se chama isso de &#8220;audi\u00eancia n\u00e3o-punitiva&#8221;: \u00e9 condi\u00e7\u00e3o <em>sine qua non<\/em> para qualquer tratamento ps\u00edquico, seja de que orienta\u00e7\u00e3o te\u00f3rica for.<\/p>\n<p style=\"text-align: justify;\">O pr\u00f3prio processo de n\u00e3o apenas apresentar, mas construir, popularmente pol\u00edticas p\u00fablicas por vezes d\u00e1 a sensa\u00e7\u00e3o de &#8220;caos organizado&#8221;. E angustia, muito! (j\u00e1 participei de algumas). Mas \u00e9, sobretudo, uma &#8220;pedagogia dos afetos&#8221; (quando nosso l\u00e9xico emocional s\u00f3 conhecia, por duas gera\u00e7\u00f5es, dois deles: temor e \u00f3dio, \u00e0s vezes m\u00fatuo e concomitante). E que tem efeito para fora da m\u00e1quina do estado, no dia a dia em que estamos aos poucos (e de modo homeopaticamente semelhante ao clima de 4 de outubro de 2006, quando and\u00e1vamos com a sensa\u00e7\u00e3o de flutuar, t\u00e3o leve est\u00e1vamos) reconstruindo nossa civilidade mais profunda e tamb\u00e9m a mais imediata.<\/p>\n<p style=\"text-align: justify;\">Engana-se quem acha que em 2006 a Bahia escolheu um novo governador. Escolheu um psicoterap\u00eauta para curar suas deformidades morais, fruto de 40 anos de lanho e mandonismo. Se h\u00e1 decep\u00e7\u00e3o agora, tanto melhor: em psican\u00e1lise se diz que uma an\u00e1lise se inicia de fato quando o psicanalista cai, aos olhos do paciente, de um lugar idealizado, para o de um sujeito comum capaz de escut\u00e1-lo. Reeleger Jaques Wagner talvez seja isso: entrarmos finalmente, n\u00e3o numa catarse, mas numa auto-an\u00e1lise coletiva.<\/p>\n<p style=\"text-align: center;\"><strong>* * *<\/strong><\/p>\n<p style=\"text-align: justify;\">Sobre isso, nunca \u00e9 demais recomendar que se conhe\u00e7a o que fez o Prefeito Antanas Mockus em Bogot\u00e1 (no v\u00eddeo abaixo). \u00c9 dele, e n\u00e3o de Henrique Pe\u00f1alosa, o m\u00e9rito de iniciar a recupera\u00e7\u00e3o da cidade ent\u00e3o condenada. Recupera\u00e7\u00e3o moral, c\u00edvica, afetiva, ps\u00edquica &#8211; coube a Pe\u00f1a depois recuper\u00e1-la fisicamente.<\/p>\n<p style=\"text-align: justify;\">N\u00e3o digo que Jaques Wagner tenha apenas o &#8220;efeito Mockus&#8221; (at\u00e9 porque o governo de Paulo Souto j\u00e1 foi em si um governo de abertura, e sem m\u00e9todos carlistas, conting\u00eancia fundamental para que Wagner pudesse se eleger). Talvez ele tenha um pouco de Pe\u00f1alosa, e um pouco de Mockus, simultaneamente. Tanto melhor para n\u00f3s.<\/p>\n<p><object classid=\"clsid:d27cdb6e-ae6d-11cf-96b8-444553540000\" width=\"669\" height=\"360\" codebase=\"http:\/\/download.macromedia.com\/pub\/shockwave\/cabs\/flash\/swflash.cab#version=6,0,40,0\"><param name=\"allowFullScreen\" value=\"true\" \/><param name=\"src\" value=\"http:\/\/www.megavideo.com\/v\/0MKNIESG07c0eb33773dadd967a098aee57905ec\" \/><param name=\"allowfullscreen\" value=\"true\" \/><embed type=\"application\/x-shockwave-flash\" width=\"669\" height=\"360\" src=\"http:\/\/www.megavideo.com\/v\/0MKNIESG07c0eb33773dadd967a098aee57905ec\" allowfullscreen=\"true\"><\/embed><\/object><\/p>\n","protected":false},"excerpt":{"rendered":"<p>\u00c9 recorrente um discurso atual de quem supostamente ajudou a eleger Jaques Wagner governador da Bahia em 2006, e que hoje se diz &#8220;decepcionado&#8221;. &#8220;Ele n\u00e3o cumpriu o que prometeu&#8221;, alegam &#8211; motivo para votarem num Paulo Souto potencialmente modernizante (n\u00e3o fossem as circunst\u00e2ncias medievais que o rodeiam &#8211; a.k.a.: [&hellip;]<\/p>\n","protected":false},"author":2,"featured_media":0,"comment_status":"closed","ping_status":"open","sticky":false,"template":"","format":"standard","meta":{"footnotes":""},"categories":[9],"tags":[1539,1540,1541,20,290,824,140],"class_list":["post-2811","post","type-post","status-publish","format-standard","hentry","category-01viver","tag-1539","tag-1540","tag-antanas-mockus","tag-bahia","tag-eleicoes","tag-governador","tag-jaques-wagner"],"_links":{"self":[{"href":"https:\/\/www.ultimobaile.com\/index.php?rest_route=\/wp\/v2\/posts\/2811","targetHints":{"allow":["GET"]}}],"collection":[{"href":"https:\/\/www.ultimobaile.com\/index.php?rest_route=\/wp\/v2\/posts"}],"about":[{"href":"https:\/\/www.ultimobaile.com\/index.php?rest_route=\/wp\/v2\/types\/post"}],"author":[{"embeddable":true,"href":"https:\/\/www.ultimobaile.com\/index.php?rest_route=\/wp\/v2\/users\/2"}],"replies":[{"embeddable":true,"href":"https:\/\/www.ultimobaile.com\/index.php?rest_route=%2Fwp%2Fv2%2Fcomments&post=2811"}],"version-history":[{"count":8,"href":"https:\/\/www.ultimobaile.com\/index.php?rest_route=\/wp\/v2\/posts\/2811\/revisions"}],"predecessor-version":[{"id":4238,"href":"https:\/\/www.ultimobaile.com\/index.php?rest_route=\/wp\/v2\/posts\/2811\/revisions\/4238"}],"wp:attachment":[{"href":"https:\/\/www.ultimobaile.com\/index.php?rest_route=%2Fwp%2Fv2%2Fmedia&parent=2811"}],"wp:term":[{"taxonomy":"category","embeddable":true,"href":"https:\/\/www.ultimobaile.com\/index.php?rest_route=%2Fwp%2Fv2%2Fcategories&post=2811"},{"taxonomy":"post_tag","embeddable":true,"href":"https:\/\/www.ultimobaile.com\/index.php?rest_route=%2Fwp%2Fv2%2Ftags&post=2811"}],"curies":[{"name":"wp","href":"https:\/\/api.w.org\/{rel}","templated":true}]}}