{"id":2785,"date":"2010-09-12T07:38:18","date_gmt":"2010-09-12T10:38:18","guid":{"rendered":"http:\/\/www.ultimobaile.com\/?p=2785"},"modified":"2025-12-24T13:02:56","modified_gmt":"2025-12-24T16:02:56","slug":"xii-festcampos-de-poesia-falada","status":"publish","type":"post","link":"https:\/\/www.ultimobaile.com\/?p=2785","title":{"rendered":"XII FestCampos de Poesia Falada"},"content":{"rendered":"<p style=\"text-align: justify;\"><strong>Porqu\u00ea participar: <\/strong>Irm\u00e3o mais novo do <a href=\"https:\/\/www.ultimobaile.com\/?p=2787\" target=\"_blank\">tradicional Concurso Nacional de Contos Jos\u00e9 C\u00e2ndido de Carvalho<\/a>, tamb\u00e9m \u00e9 realizado pela prefeitura da riqu\u00edssima (ainda mais agora, com o Pr\u00e9-Sal) cidade fluminense de Campos dos Goytacazes. <a href=\"http:\/\/www.campos.rj.gov.br\/portal\/newdocs\/1279215641Regulamento_e_ficha_de_inscricao_Festcampos.pdf\" target=\"_blank\">Bons pr\u00eamios em dinheiro, agraciando tanto int\u00e9rpretes quanto autores<\/a> at\u00e9 o quinto lugar no certame.<\/p>\n<p><strong>Inscri\u00e7\u00e3o:<\/strong> at\u00e9 15 de setembro de 2010.<\/p>\n","protected":false},"excerpt":{"rendered":"<p>Porqu\u00ea participar: Irm\u00e3o mais novo do tradicional Concurso Nacional de Contos Jos\u00e9 C\u00e2ndido de Carvalho, tamb\u00e9m \u00e9 realizado pela prefeitura da riqu\u00edssima (ainda mais agora, com o Pr\u00e9-Sal) cidade fluminense de Campos dos Goytacazes. Bons pr\u00eamios em dinheiro, agraciando tanto int\u00e9rpretes quanto autores at\u00e9 o quinto lugar no certame. Inscri\u00e7\u00e3o: [&hellip;]<\/p>\n","protected":false},"author":2,"featured_media":0,"comment_status":"closed","ping_status":"open","sticky":false,"template":"","format":"standard","meta":{"footnotes":""},"categories":[938,890],"tags":[1016,25,1531,1532,832,233,518],"class_list":["post-2785","post","type-post","status-publish","format-standard","hentry","category-bailes","category-concursos-premios-literarios","tag-campos-dos-goytacazes","tag-concurso","tag-falada","tag-festcampos","tag-poesia","tag-premio-literario","tag-rio-de-janeiro"],"_links":{"self":[{"href":"https:\/\/www.ultimobaile.com\/index.php?rest_route=\/wp\/v2\/posts\/2785","targetHints":{"allow":["GET"]}}],"collection":[{"href":"https:\/\/www.ultimobaile.com\/index.php?rest_route=\/wp\/v2\/posts"}],"about":[{"href":"https:\/\/www.ultimobaile.com\/index.php?rest_route=\/wp\/v2\/types\/post"}],"author":[{"embeddable":true,"href":"https:\/\/www.ultimobaile.com\/index.php?rest_route=\/wp\/v2\/users\/2"}],"replies":[{"embeddable":true,"href":"https:\/\/www.ultimobaile.com\/index.php?rest_route=%2Fwp%2Fv2%2Fcomments&post=2785"}],"version-history":[{"count":4,"href":"https:\/\/www.ultimobaile.com\/index.php?rest_route=\/wp\/v2\/posts\/2785\/revisions"}],"predecessor-version":[{"id":4240,"href":"https:\/\/www.ultimobaile.com\/index.php?rest_route=\/wp\/v2\/posts\/2785\/revisions\/4240"}],"wp:attachment":[{"href":"https:\/\/www.ultimobaile.com\/index.php?rest_route=%2Fwp%2Fv2%2Fmedia&parent=2785"}],"wp:term":[{"taxonomy":"category","embeddable":true,"href":"https:\/\/www.ultimobaile.com\/index.php?rest_route=%2Fwp%2Fv2%2Fcategories&post=2785"},{"taxonomy":"post_tag","embeddable":true,"href":"https:\/\/www.ultimobaile.com\/index.php?rest_route=%2Fwp%2Fv2%2Ftags&post=2785"}],"curies":[{"name":"wp","href":"https:\/\/api.w.org\/{rel}","templated":true}]}}