{"id":2776,"date":"2010-09-07T00:10:54","date_gmt":"2010-09-07T03:10:54","guid":{"rendered":"http:\/\/www.ultimobaile.com\/?p=2776"},"modified":"2025-12-24T13:02:56","modified_gmt":"2025-12-24T16:02:56","slug":"a-cultura-na-boca-de-cena-politica-2-a-missao","status":"publish","type":"post","link":"https:\/\/www.ultimobaile.com\/?p=2776","title":{"rendered":"A Cultura na Boca-de-Cena Pol\u00edtica 2, a miss\u00e3o!"},"content":{"rendered":"<p style=\"text-align: justify;\"><a href=\"https:\/\/www.ultimobaile.com\/?p=1266\" target=\"_blank\">H\u00e1 exatamente um ano atr\u00e1s diziamos que Marcio Meirelles, como Secret\u00e1rio Estadual de Cultura, tinha um m\u00e9rito que estava aqu\u00e9m, al\u00e9m, e afora seus \u00eaxitos como gestor: recolocar a Cultura como quest\u00e3o pol\u00edtica, e mesmo partid\u00e1ria e eleitoral, na Bahia<\/a>. \u00c9 verdade que isso ocorre a n\u00edvel nacional, e desde antes, por causa de Gilberto Gil como Ministro na mesma pasta. Exemplo disso \u00e9 o surgimento dos diversos <a href=\"https:\/\/twitter.com\/partidocultura\" target=\"_blank\">Partidos da Cultura<\/a> &#8211; n\u00e3o por acaso vetorizados por inst\u00e2ncias bahianas surgidas a sombra da Reforma Cultural de S\u00eao Marcio, como o <a href=\"https:\/\/twitter.com\/quinacultural\" target=\"_blank\">Quina Cultural<\/a> e o <a href=\"https:\/\/twitter.com\/foradoeixo\" target=\"_blank\">Fora do Eixo<\/a>.<\/p>\n<p style=\"text-align: justify;\">Isto \u00e9: ao contr\u00e1rio do que gritam o Carlismo Ideol\u00f3gico (do PFL) e Metodol\u00f3gico (de Geddel Vieira Lima), <a href=\"https:\/\/www.ultimobaile.com\/?p=1266\" target=\"_blank\">a Bahia n\u00e3o &#8220;perdeu proemin\u00eancia para Pernambuco&#8221;. Ao contr\u00e1rio: voltando a compartilhar poder com Recife, Salvador (mal-grado seu Prefeito ign\u00f3bil e neuropata) voltou a ser o elo de liga\u00e7\u00e3o entre o Nordeste-franco e o Sudeste<\/a>. A Bahia recuperou import\u00e2ncia pol\u00edtica e cultural que nunca teve sob o Carlismo, e que s\u00f3 teve sob o Mangabeirismo. Tanto assim que a tual campanha de Alo\u00edzio Mercadante para governador de S\u00e3o Paulo, mais vitoriosa at\u00e9 agora do que a m\u00eddia faz parecer, importa os m\u00e9todos de Jaques Wagner em 2006 &#8211; \u00e9 a &#8220;wagnera\u00e7\u00e3o&#8221; (que seu advers\u00e1rio ao Pal\u00e1cio dos Bandeirantes, Geraldo Alckmin, conhece bem: foi um dos principais vetores de sua derrota no segundo turno presidencial de 2006). Se com ACM a Bahia exportou m\u00e9todos pol\u00edticos, deu em M\u00e9dici, Collor e Jos\u00e9 Serra. N\u00e3o \u00e9 nada que se deva admirar, portanto.<\/p>\n<p style=\"text-align: justify;\">Tanto assim \u00e9 que <a href=\"http:\/\/www.portalibahia.com.br\/p\/redacaoibahia\/eleicoes\/14479-cultura-em-pauta-quatro-candidatos-ao-governo-falam-das-propostas-para-a-cultura\" target=\"_blank\">o Correio da Bahia fez uma sabatina com os quatro candidatos a governador s\u00f3 sobre pol\u00edtica cultural<\/a> (&#8220;nunca antes na Hist\u00f3ria deste Estado!&#8221;, poderia dizer o Galego, se quisesse&#8230;). O Correio \u00e9 jornal de extra\u00e7\u00e3o geneticamente carlista, mas que por isso mesmo foi o \u00fanico a conseguir manter lucidez e coer\u00eancia ap\u00f3s a vit\u00f3ria de Wagner em 2006 (o J\u00e1 Vai Tarde ocila entre o hosp\u00edcio que j\u00e1 era antes, e o circo que tenta ser &#8211; falta-lhe, contudo, dinheiro at\u00e9 para a lona).<\/p>\n<p style=\"text-align: justify;\">Quem quiser ler, vai l\u00e1 e acessa, que vale a pena. Muito longo, n\u00e3o colocaremos aqui a c\u00f3pia do texto. Contudo, cabe uma breve an\u00e1lise: fica claro que nem Bassuma nem Geddel prop\u00f5em nada como quem acha que vai ganhar. Bassuma diz coisa acertadas, como a necessidade de um or\u00e7amento m\u00ednimo constitucional para a Cultura &#8211; mas isso diz quem sabe que n\u00e3o ter\u00e1 de executar o embate. Geddel em geral fala com &#8220;olhar de retrovisor&#8221;: coisas como &#8220;\u00e9 preciso democratizar a cultura, e n\u00e3o deixar na m\u00e3o de uns poucos escolhidos&#8221; &#8211; isto \u00e9: fazer o que o Governo Wagner j\u00e1 faz. E o que Jo\u00e3o Henrique n\u00e3o faz.<\/p>\n<p style=\"text-align: justify;\">A Orkestra Rumpilezz ganhou dois pr\u00eamios na mesma noite no 21\u00ba Pr\u00eamio M\u00fasica Brasil, talvez o mais importante do pa\u00eds: revela\u00e7\u00e3o e melhor instrumental. A Funda\u00e7\u00e3o Cultural do Estado da Bahia cedeu, uma semana depois, o Espa\u00e7o Xisto Bahia, na Biblioteca dos Barris, para que a Rumpilezz l\u00e1 resida. Jo\u00e3o Henrique tem o Teatro Greg\u00f3rio de Mattos e o Centro Cultural da Barroquinha praticamente parados. Poderia, a t\u00edtulo de populismo, ter oferecido um destes espa\u00e7os. Seria no m\u00ednimo digno, ainda que c\u00ednico e obviamente interesseiro. Mas nem pra populista ele serve!<\/p>\n<p style=\"text-align: justify;\">Substitua no par\u00e1grafo acima &#8220;Jo\u00e3o Henrique&#8221; por &#8220;Geddel&#8221;, e se tem uma no\u00e7\u00e3o do que pensa este sub-candidato a respeito de pol\u00edtica cultural e de sua execu\u00e7\u00e3o. Numa recente discuss\u00e3o comigo no Twitter, Geddel n\u00e3o sabia diferenciar restaurante tur\u00edstico de caf\u00e9 para ocupa\u00e7\u00e3o publica de espa\u00e7o, no tocante a pol\u00edtica de museus; e nada soube dizer sobre o abandono e a baixa frequenta\u00e7\u00e3o do Museu da Cidade, municipal, que tem obras (entregues ao tempo e sem acondicionamento correto) de Genaro de Carvalho e Carlos Bastos.<\/p>\n<p style=\"text-align: justify;\">O discurso de Paulo Souto, como o de Wagner, \u00e9 de quem sabe que pode ganhar. Paulo Souto defende abertamente o Ax\u00e9-Sistem; por exemplo, chega a dizer que &#8220;O Estado deve trabalhar junto ao Mercado (sic) para que a atividade cultural seja lucrativa (sic)&#8221;. Evidente que n\u00e3o concordamos com isso &#8211; uma coisa \u00e9 insistir que a Cultura tem de ser economicamente sustent\u00e1vel e gerar renda distributiva, outra \u00e9 dizer que deve ser centrada no Mercado (e n\u00e3o no Debate Cr\u00edtico) e gerar lucro financeiro (e n\u00e3o capital cultural). Por\u00e9m, \u00e9 digno v\u00ea-lo defender id\u00e9ias que nem mesmo os empres\u00e1rios do Ax\u00e9-Sistem defenderiam hoje que at\u00e9 <a href=\"https:\/\/www.ultimobaile.com\/?p=2390\" target=\"_blank\">o Bloco Eva vai sair sem corda na ter\u00e7a-feira de carnaval<\/a>.<\/p>\n<p style=\"text-align: justify;\">Wagner defende o que deve e pode defender: o aprofundamento das c\u00e9leres e ben\u00e9ficas mudan\u00e7as perpetradas pelo seu fiel Secret\u00e1rio de Cultura. C\u00e9leres sim. Ou voc\u00ea pensava a 4 anos atr\u00e1s que a Bahia teria hoje uma das melhores sinf\u00f4nicas jovens do planeta? (para ficarmos em um \u00fanico, e un\u00e2nime, exemplo, a que at\u00e9 Paulo Souto elogiou) &#8211; S\u00f3 que n\u00e3o temos uma, n\u00e3o: s\u00e3o quatro, e se chamam, juntas, Neojib\u00e1.<\/p>\n<p style=\"text-align: justify;\"><strong>Em Tempo: <\/strong>Sobre o Neojib\u00e1, nos agrada o que disse Maestro Ricardo Castro em entrevista na Record News (canal fechado &#8211; o v\u00eddeo foi infelizmente removido do Youtube) para Paulo Henrique Amorim. &#8220;O que o Senhor Maestro pretende com CDs e DVDs do Neojib\u00e1?&#8221;, perguntou o jornalista; &#8220;Olha, eu gostaria de v\u00ea-los vendidos, em vers\u00e3o pirata, na praia de S\u00e3o Tom\u00e9 de Paripe, que nem disco de pagod\u00e3o e arrocha&#8221;. Genial! E n\u00e3o duvide: estamos andando aos pulos nesta dire\u00e7\u00e3o de democratiza\u00e7\u00e3o do acesso a m\u00fasica erudita, na Bahia. Perguntei a Paulo Souto o que ele pensava desta id\u00e9ia de Ricardo Castro; ele foi contra. Como n\u00e3o poderia deixar de ser (\u00e9 bonito ver um pol\u00edtico de direita sendo claramente de direita, sem vergonha alguma disso) &#8211; mas o que n\u00e3o me deixa muito mais a dizer, n\u00e3o \u00e9?<\/p>\n<p style=\"text-align: justify;\">\n","protected":false},"excerpt":{"rendered":"<p>H\u00e1 exatamente um ano atr\u00e1s diziamos que Marcio Meirelles, como Secret\u00e1rio Estadual de Cultura, tinha um m\u00e9rito que estava aqu\u00e9m, al\u00e9m, e afora seus \u00eaxitos como gestor: recolocar a Cultura como quest\u00e3o pol\u00edtica, e mesmo partid\u00e1ria e eleitoral, na Bahia. \u00c9 verdade que isso ocorre a n\u00edvel nacional, e desde [&hellip;]<\/p>\n","protected":false},"author":2,"featured_media":0,"comment_status":"closed","ping_status":"open","sticky":false,"template":"","format":"standard","meta":{"footnotes":""},"categories":[13,9],"tags":[20,821,128,1530,149,824,140,1529,618,278,365],"class_list":["post-2776","post","type-post","status-publish","format-standard","hentry","category-01ler","category-01viver","tag-bahia","tag-eleicoes-2010","tag-estado","tag-estaduais","tag-geddel-vieira-lima","tag-governador","tag-jaques-wagner","tag-luis-bassuma","tag-neojiba","tag-paulo-souto","tag-ricardo-castro"],"_links":{"self":[{"href":"https:\/\/www.ultimobaile.com\/index.php?rest_route=\/wp\/v2\/posts\/2776","targetHints":{"allow":["GET"]}}],"collection":[{"href":"https:\/\/www.ultimobaile.com\/index.php?rest_route=\/wp\/v2\/posts"}],"about":[{"href":"https:\/\/www.ultimobaile.com\/index.php?rest_route=\/wp\/v2\/types\/post"}],"author":[{"embeddable":true,"href":"https:\/\/www.ultimobaile.com\/index.php?rest_route=\/wp\/v2\/users\/2"}],"replies":[{"embeddable":true,"href":"https:\/\/www.ultimobaile.com\/index.php?rest_route=%2Fwp%2Fv2%2Fcomments&post=2776"}],"version-history":[{"count":3,"href":"https:\/\/www.ultimobaile.com\/index.php?rest_route=\/wp\/v2\/posts\/2776\/revisions"}],"predecessor-version":[{"id":2783,"href":"https:\/\/www.ultimobaile.com\/index.php?rest_route=\/wp\/v2\/posts\/2776\/revisions\/2783"}],"wp:attachment":[{"href":"https:\/\/www.ultimobaile.com\/index.php?rest_route=%2Fwp%2Fv2%2Fmedia&parent=2776"}],"wp:term":[{"taxonomy":"category","embeddable":true,"href":"https:\/\/www.ultimobaile.com\/index.php?rest_route=%2Fwp%2Fv2%2Fcategories&post=2776"},{"taxonomy":"post_tag","embeddable":true,"href":"https:\/\/www.ultimobaile.com\/index.php?rest_route=%2Fwp%2Fv2%2Ftags&post=2776"}],"curies":[{"name":"wp","href":"https:\/\/api.w.org\/{rel}","templated":true}]}}