{"id":276,"date":"2008-09-30T12:50:27","date_gmt":"2008-09-30T15:50:27","guid":{"rendered":"http:\/\/www.ultimobaile.com\/?p=276"},"modified":"2025-12-24T13:03:56","modified_gmt":"2025-12-24T16:03:56","slug":"comecou-tudo-a-carcume","status":"publish","type":"post","link":"https:\/\/www.ultimobaile.com\/?p=276","title":{"rendered":"Come\u00e7ou tudo a carcum\u00ea&#8230;!"},"content":{"rendered":"<p style=\"text-align: justify;\">Trilha sonora para a ressaca do dia de ontem, quando a Direita Americana adquiriu da Direita Brasileira a <strong>S\u00edndrome de <\/strong><a href=\"http:\/\/pt.wikipedia.org\/wiki\/Carlos_Lacerda\" target=\"_blank\"><strong>Carlos Lacerda<\/strong><\/a>, cuja principal caracter\u00edstica \u00e9 dar tiros no pr\u00f3prio p\u00e9.<\/p>\n<p style=\"text-align: justify;\">Eduardo Dusek, <em>Nostradamus<\/em>:<\/p>\n<p><object classid=\"clsid:d27cdb6e-ae6d-11cf-96b8-444553540000\" width=\"425\" height=\"344\" codebase=\"http:\/\/download.macromedia.com\/pub\/shockwave\/cabs\/flash\/swflash.cab#version=6,0,40,0\"><param name=\"allowFullScreen\" value=\"true\" \/><param name=\"src\" value=\"http:\/\/www.youtube.com\/v\/gtFtCL8k_j0&amp;hl=pt-br&amp;fs=1\" \/><embed type=\"application\/x-shockwave-flash\" width=\"425\" height=\"344\" src=\"http:\/\/www.youtube.com\/v\/gtFtCL8k_j0&amp;hl=pt-br&amp;fs=1\" allowfullscreen=\"true\"><\/embed><\/object><\/p>\n<p>Maysa, num cl\u00e1ssico da Fossa-Nova (ou -Velha mesmo) <em>Meu mundo caiu <\/em>(em P&amp;B, na televis\u00e3o japa):<\/p>\n<p><object classid=\"clsid:d27cdb6e-ae6d-11cf-96b8-444553540000\" width=\"425\" height=\"344\" codebase=\"http:\/\/download.macromedia.com\/pub\/shockwave\/cabs\/flash\/swflash.cab#version=6,0,40,0\"><param name=\"allowFullScreen\" value=\"true\" \/><param name=\"src\" value=\"http:\/\/www.youtube.com\/v\/BgkEb_EHaP0&amp;hl=pt-br&amp;fs=1\" \/><embed type=\"application\/x-shockwave-flash\" width=\"425\" height=\"344\" src=\"http:\/\/www.youtube.com\/v\/BgkEb_EHaP0&amp;hl=pt-br&amp;fs=1\" allowfullscreen=\"true\"><\/embed><\/object><\/p>\n<p style=\"text-align: justify;\">Como dizem alguns blogueiros americanos: se o Brasil vai se tornar um pa\u00eds de primeiro mundo eu n\u00e3o sei, mas que os EEUU est\u00e3o bem pr\u00f3ximos a se tornar um de terceiro mundo, n\u00e3o h\u00e1 d\u00favidas.<\/p>\n<p style=\"text-align: justify;\">300 anos de financismo selvagem n\u00e3o foram capazes de gerar uma rede de prote\u00e7\u00e3o social no Estado americano. Nisso, eles comem poeira do Brasil (com o SUS e agora com o SUAS), do Canad\u00e1, do M\u00e9xico, da Argentina e do Chile.  Se compararmos com a Europa, a coisa \u00e9 mais feia.<\/p>\n<p style=\"text-align: justify;\">Houve um breve momento de tentativa de criar rede de prote\u00e7\u00e3o social por l\u00e1, durante os tr\u00eas governos Roosevelt. Mas foi uma pol\u00edtica de Governo, e n\u00e3o de Estado. Nos mesmos anos 1930, no Brasil, Vargas iniciou uma constru\u00e7\u00e3o de tal rede que, apesar dos Anos Militares, e com avan\u00e7os e retrocessos, vem melhorando desde ent\u00e3o: dos Institutos de Aposentadorias e Pens\u00f5es (IAPs) at\u00e9 a garantia pr\u00e1tica do direito universal a Sa\u00fade e a Seguridade Social (e n\u00e3o me refiro apenas ao Bolsa-Fam\u00edlia).<\/p>\n<p style=\"text-align: justify;\">Se houver uma crise, destas propor\u00e7\u00f5es que vemos em WallStreet, na Inglaterra ou na Fran\u00e7a por exemplo, o mundo n\u00e3o acaba. L\u00e1 h\u00e1 uma forma sistem\u00e1tica do Estado proteger n\u00e3o o capital, nem apenas o trabalho, mas a sociedade e os entes humanos individuais que a comp\u00f5em. Nos EEUU, quando a coisa pipoca, se pensa em proteger o capital com $700bi, seja o capital privado do ex-morador de trailer que comprou casinha em sub\u00farbio, seja o Lehman Brothers. Garantias universais de seguridade civilizat\u00f3ria? Nenhuma.<\/p>\n<p style=\"text-align: justify;\">Quero dizer, se a It\u00e1lia falir, a Galeria Ufizzi vai continuar l\u00e1 &#8211; apesar dos Berlusconi. Agora, se os EEUU falirem, quem mantem o MoMA?&#8230;!<\/p>\n<p style=\"text-align: justify;\">(Aten\u00e7\u00e3o, MASP: este problema te concerne! Olhai o melhor museu da Am\u00e9rica Latina, a 6km de ti, na Luz, e ter\u00e1s vergonha: a Pinacoteca do Estado de S\u00e3o Paulo, inteirinhozinho p\u00fablico e estatal). <\/p>\n","protected":false},"excerpt":{"rendered":"<p>Trilha sonora para a ressaca do dia de ontem, quando a Direita Americana adquiriu da Direita Brasileira a S\u00edndrome de Carlos Lacerda, cuja principal caracter\u00edstica \u00e9 dar tiros no pr\u00f3prio p\u00e9. Eduardo Dusek, Nostradamus: Maysa, num cl\u00e1ssico da Fossa-Nova (ou -Velha mesmo) Meu mundo caiu (em P&amp;B, na televis\u00e3o japa): [&hellip;]<\/p>\n","protected":false},"author":2,"featured_media":0,"comment_status":"closed","ping_status":"open","sticky":false,"template":"","format":"standard","meta":{"footnotes":""},"categories":[11,12,9],"tags":[127,126,128,130,131,129,125],"class_list":["post-276","post","type-post","status-publish","format-standard","hentry","category-01beber","category-01ver","category-01viver","tag-capitalismo","tag-crise-americana","tag-estado","tag-fim-do-mundo","tag-neoliberalismo","tag-politicas-publicas","tag-seguridade-social"],"_links":{"self":[{"href":"https:\/\/www.ultimobaile.com\/index.php?rest_route=\/wp\/v2\/posts\/276","targetHints":{"allow":["GET"]}}],"collection":[{"href":"https:\/\/www.ultimobaile.com\/index.php?rest_route=\/wp\/v2\/posts"}],"about":[{"href":"https:\/\/www.ultimobaile.com\/index.php?rest_route=\/wp\/v2\/types\/post"}],"author":[{"embeddable":true,"href":"https:\/\/www.ultimobaile.com\/index.php?rest_route=\/wp\/v2\/users\/2"}],"replies":[{"embeddable":true,"href":"https:\/\/www.ultimobaile.com\/index.php?rest_route=%2Fwp%2Fv2%2Fcomments&post=276"}],"version-history":[{"count":6,"href":"https:\/\/www.ultimobaile.com\/index.php?rest_route=\/wp\/v2\/posts\/276\/revisions"}],"predecessor-version":[{"id":4499,"href":"https:\/\/www.ultimobaile.com\/index.php?rest_route=\/wp\/v2\/posts\/276\/revisions\/4499"}],"wp:attachment":[{"href":"https:\/\/www.ultimobaile.com\/index.php?rest_route=%2Fwp%2Fv2%2Fmedia&parent=276"}],"wp:term":[{"taxonomy":"category","embeddable":true,"href":"https:\/\/www.ultimobaile.com\/index.php?rest_route=%2Fwp%2Fv2%2Fcategories&post=276"},{"taxonomy":"post_tag","embeddable":true,"href":"https:\/\/www.ultimobaile.com\/index.php?rest_route=%2Fwp%2Fv2%2Ftags&post=276"}],"curies":[{"name":"wp","href":"https:\/\/api.w.org\/{rel}","templated":true}]}}