{"id":2754,"date":"2010-08-30T07:47:07","date_gmt":"2010-08-30T10:47:07","guid":{"rendered":"http:\/\/www.ultimobaile.com\/?p=2754"},"modified":"2025-12-24T13:02:56","modified_gmt":"2025-12-24T16:02:56","slug":"a-pressa-o-beliscao","status":"publish","type":"post","link":"https:\/\/www.ultimobaile.com\/?p=2754","title":{"rendered":"A pressa &#038; o belisc\u00e3o"},"content":{"rendered":"<p style=\"text-align: justify;\">\n<div id=\"attachment_2153\" style=\"width: 410px\" class=\"wp-caption alignleft\"><a href=\"https:\/\/www.ultimobaile.com\/wp-content\/uploads\/2010\/01\/joao_henrique.jpg\"><img loading=\"lazy\" decoding=\"async\" aria-describedby=\"caption-attachment-2153\" class=\"size-full wp-image-2153\" title=\"joao_henrique\" src=\"https:\/\/www.ultimobaile.com\/wp-content\/uploads\/2010\/01\/joao_henrique.jpg\" alt=\"\" width=\"400\" height=\"515\" srcset=\"https:\/\/www.ultimobaile.com\/wp-content\/uploads\/2010\/01\/joao_henrique.jpg 400w, https:\/\/www.ultimobaile.com\/wp-content\/uploads\/2010\/01\/joao_henrique-233x300.jpg 233w\" sizes=\"auto, (max-width: 400px) 100vw, 400px\" \/><\/a><p id=\"caption-attachment-2153\" class=\"wp-caption-text\">G\u00eanio pol\u00edtico, conseguiu unir PT e PFL na Bahia - contra ele pr\u00f3prio.<\/p><\/div>\n<p style=\"text-align: justify;\">H\u00e1 algum tempo viemos dizendo que <a href=\"https:\/\/www.ultimobaile.com\/?p=2063\" target=\"_blank\">a rela\u00e7\u00e3o de Geddel Vieira Lima com o tempo l\u00f3gico, pr\u00f3prio da pol\u00edtica (e da cl\u00ednica psicanal\u00edtica) era a pior poss\u00edvel<\/a>. Agora, fica claro como a palavra &#8220;Pressa&#8221; aparece no seu discurso como um significante-mestre de uma cadeia de sintomas neur\u00f3ticos que afeta a todos n\u00f3s.<\/p>\n<p style=\"text-align: justify;\">A come\u00e7ar pelo seu slogan de campanha: &#8220;A Bahia tem Pressa&#8221;. Ainda aqu\u00e9m e fora do campo do inconsciente, tal frase padece de gram\u00e1tica: &#8220;ter pressa&#8221; implica em complemento nominal. A Bahia teria pressa de algo &#8211; mas de que? Evidente que a tentativa \u00e9 com isso transmitir a id\u00e9ia de que a Bahia tem pressa de tudo (o que pode muito bem ser &#8220;pressa de nada&#8221;). Talvez seja apenas um modo de escamotear aquilo que mostra: n\u00e3o \u00e9 a Bahia que tem pressa (de t\u00ea-lo como Governador), \u00e9 ele que tem pressa disso &#8211; e por meio de uma invers\u00e3o pulsional\/gramatical, afirma o contr\u00e1rio.<\/p>\n<p style=\"text-align: justify;\">A &#8220;pressa&#8221; de Geddel geralmente se associa a id\u00e9ia de que o Governo Jaques Wagner \u00e9 especialmente lento. Ora, os fatos n\u00e3o apontam nessa dire\u00e7\u00e3o nem a popula\u00e7\u00e3o em geral percebe desta forma. Claro que ela considera um governo mais lento do que os de ACM, por exemplo &#8211; mas n\u00e3o foi isso que ela escolheu em 2006? Um governo operante, no entanto democr\u00e1tico &#8211; e o pre\u00e7o disso \u00e9 que os atos sejam tomados com mais parcim\u00f4nia, porque com mais discuss\u00e3o, embora com o mesmo vigor e efici\u00eancia, ou at\u00e9 maiores. Foi nesse passo, lento a princ\u00edpio, firme depois, c\u00e9lere hoje que a Secretaria de Cultura vem desmontando palmo a palmo o Ax\u00e9-Sistem (<a href=\"https:\/\/www.ultimobaile.com\/?p=2390\" target=\"_blank\">e hoje at\u00e9 egressos do Ax\u00e9-Sistem se juntam ao esfor\u00e7o<\/a>). Assim o foi com as grandes obras de infraestrutura (an\u00e9is vi\u00e1rios do Aeroporto de Salvador e da R\u00f3tula do Abacaxi, Ferrovia Oeste-Leste, etc.), que tiveram algum atraso natural quando ainda no papel dada a mudan\u00e7a de metodologia de fiscaliza\u00e7\u00e3o e acompanhamento de obras (para melhor, diga-se de passagem) &#8211; e uma vez superada esta etapa, se realizam com celeridade e sem atrasos.<\/p>\n<p style=\"text-align: justify;\">Portanto, o significante &#8220;Pressa&#8221; no discurso geddelista soa por vezes como arbitrariedade e discricionaridade &#8211; especialmente se junto a seu outro slogan, &#8220;Pra chegar e resolver&#8221;. Resolver o que? A Bahia \u00e9 um problema a ser resolvido? Voc\u00ea votaria em algu\u00e9m que trata a maior potencia cultural do pa\u00eds como &#8220;problema&#8221; que ele vai &#8220;resolver assim que chegar&#8221;, sem uma pausa de reflex\u00e3o e interpreta\u00e7\u00e3o da realidade entre o &#8220;Chegar&#8221; e o &#8220;Resolver&#8221;?<\/p>\n<p style=\"text-align: justify;\">At\u00e9 a\u00ed, nenhuma novidade: o discurso dele revela o que quer esconder. Isto \u00e9: que se trata de um carlismo elevado a condic\u00e3o de mitologia burguesa. O carlismo sem lastro, sem conte\u00fado. O carlismo esvaziado de si mesmo &#8211; metodol\u00f3gico sem ser principialista.<\/p>\n<p style=\"text-align: justify;\">Cabe sempre lembrar a Geddel Vieira Lima que a pressa sem rumo leva por vezes, n\u00e3o ao objetivo alcan\u00e7ado, mas a coliz\u00f5es catastr\u00f3ficas. Cabe a um governante ter certa pressa, at\u00e9 porque 4 anos n\u00e3o \u00e9 tanto tempo assim; s\u00f3 que cabe primeiro ter rumo, para a pressa n\u00e3o levar ao abismo.<\/p>\n<p style=\"text-align: justify;\">\u00c9 o que acontece por exemplo com Jo\u00e3o Henrique Carneiro. Esta semana, para se safar do maior esc\u00e2ndalo de adminsitra\u00e7\u00e3o urbana da Nova Rep\u00fablica (e que p\u00f5e os frangos de Celso Pitta e Paulo Maluf no chinelo), o apaniguamento de Transfer\u00eancias do Direito de Construir (TransCons) sem ter Conselho da Cidade empossado &#8211; pra se livrar disso, Jo\u00e3o Henrique cria outro esc\u00e2ndalo (ligado intestinalmente a este): a demoli\u00e7\u00e3o arbitr\u00e1ria das barracas de praia de Salvador.<\/p>\n<p style=\"text-align: justify;\">O problema se arrastava a seis anos. No primeiro mandato municipal, quando por estar ligado a intelectualidade anti-carlista da Capital (da centro-direita de Nestor Duarte a extrema-esquerda de Ney Campello, passando pelo centrismo keynesiano e fiscalmente respons\u00e1vel de Reub Celestino), a coisa foi abrandada por liminares. Agora, por n\u00e3o ter sido feita a tempo, a coisa acontece interessadamente aos trancos e barrancos. Cabe aqui mais uma an\u00e1lise do significante &#8220;pressa&#8221;: pressa \u00e9 o que se tem quando as coisas n\u00e3o foram resolvidas no devido tempo. Anos trabalhando na maior emerg\u00eancia hospitalar do Nordeste (o Hospital Roberto Santos) me ensinaram que, para o que \u00e9 urgente, o melhor \u00e9 agir ponderadamente, e n\u00e3o na incita\u00e7\u00e3o dos acontecimentos: urg\u00eancia e pressa n\u00e3o apenas n\u00e3o s\u00e3o sin\u00f4nimos, como por vezes se excluem. Geddel quer dizer que \u00e9 bom ter pressa no governo dele porque nele nada ser\u00e1 resolvido no tempo normal, com parcim\u00f4nia?<\/p>\n<p style=\"text-align: justify;\">Sobre o epis\u00f3dio das barracas e das TransCons cabe uma observa\u00e7\u00e3o not\u00e1vel. Na \u00faltima quinta-feira alguns Conselheiros da Cidade, eleitos e n\u00e3o empossados, fizeram protesto pac\u00edficio em frente ao Pal\u00e1cio Tom\u00e9 de Souza, sede da Prefeitura, junto com algums vereadores PTistas. Apanharam da guarda-municipal. Quem lhes tomou a defesa? Vereadora Andrea Mendon\u00e7a, do PFL, filha do arqui-carlista F\u00e9lix Mendon\u00e7a (embora seu outro filho, F\u00e9lix Jr., esteja com Wagner, no PDT, e defenda sinceramente id\u00e9ias similares ao do Governador, como ter VLT at\u00e9 o Aeroporto, e n\u00e3o BRT). Notem: Jo\u00e3o Henrique conseguiu fazer o PFL defender o PT! S\u00f3 um g\u00eanio consegue juntar contra si as duas for\u00e7as pol\u00edticas mais antag\u00f4nicas do Estado!<\/p>\n<p style=\"text-align: justify;\">Ainda, boa parte dos &#8220;atrasos&#8221; do Governo Wagner se devem aos Geddelistas. Exemplo m\u00e1ximo: o <a href=\"https:\/\/www.ultimobaile.com\/?p=2086\" target=\"_blank\">Elevador Urbano de S\u00e3o Miguel-Desterro<\/a>. O PDDU criminoso aprovado por Jo\u00e3o Henrique prev\u00ea a expans\u00e3o de 4, para 20 ascensores p\u00fablicos (<a href=\"https:\/\/www.ultimobaile.com\/?p=1782\" target=\"_blank\">fundamentais para uma cidade que ocupa topos de morro, como Salvador<\/a>) &#8211; o que bem ou mal, \u00e9 bom. Destes, a prefeitura n\u00e3o tem projeto de nenhum. O Estado tem de um, por Jo\u00e3o da Gama Filgueiras Lima, ligando o Mercado de S\u00e3o Miguel na Baixa dos Sapateiros ao Convento do Desterro em Nazar\u00e9 e \u00e0 Rua das Laranjeiras, no Pelourinho. E tem dinheiro em conta pra fazer, reservado. Mas n\u00e3o abre licita\u00e7\u00e3o. Por que? Porque o apressado Jo\u00e3o Henrique Carneiro, ligado ao apressado Geddel, n\u00e3o tem nenhuma pressa em ceder ao Governo Estadual o Mercado Municipal de S\u00e3o Miguel. Sem isso, o Governo Estadual n\u00e3o pode lan\u00e7ar qualquer edital de licita\u00e7\u00e3o para a obra.<\/p>\n<p style=\"text-align: justify;\">A pressa de Geddel acaba sendo uma forma de, na pr\u00e1tica, atrasar n\u00e3o apenas os ganhos para a Bahia, e sim tamb\u00e9m para o munic\u00edpio de Salvador, a que indiretamente governa. \u00c9 este o grande e \u00e1gil Ministro da Integra\u00e7\u00e3o Nacional, incapaz de integrar bem estado e cidade no Centro Antigo da Capital Bahiana? Geddel e Jo\u00e3o Henrique, como j\u00e1 dissemos antes, fazem essa\u00a0<a href=\"https:\/\/www.ultimobaile.com\/?p=2152\" target=\"_blank\">politicazinha do belisc\u00e3o<\/a>.<\/p>\n<p style=\"text-align: justify;\">Por fim, Geddel, que se quer crer um pol\u00edtico popular, esqueceu-se de dar ouvido a dois ditados populares (coisa que Freud nunca deixou de fazer) a respeito da &#8220;Pressa&#8221;. Um diz que a &#8220;Pressa \u00e9 inimiga da perfei\u00e7\u00e3o&#8221; &#8211; e num governo de algu\u00e9m para quem &#8220;A Bahia tem Pressa&#8221;, j\u00e1 se pode imaginar o tamanho e a quantidade de imperfei\u00e7\u00f5es no porvir. A outra \u00e9 que o apressado ou come cru, ou queima a boca. E esta podemos deixar o Su\u00edno interpretar sozinho.<\/p>\n<p style=\"text-align: center;\"><strong>* * *<\/strong><\/p>\n<p style=\"text-align: justify;\">No tocante a chapa Senatorial esse ano, h\u00e1 uma novidade: pela primeira vez num ano de duas cadeiras, o eleitor ter\u00e1 dois votos. E o segundo n\u00e3o pode coincidir com o primeiro. Para al\u00e9m da barafunda que isso vai dar na boca da urna (preparem-se, mes\u00e1rios de sub\u00farbio e de interior!), quer dizer que a l\u00f3gica do jogo virou-se de ponta-cabe\u00e7a. Em anos de vaga dupla, com um s\u00f3 voto, ganhava um Senador em disparado, e o segundo com uns 10% de votos. Agora <a href=\"http:\/\/www.idelberavelar.com\/archives\/2010\/08\/dez_batalhas_chave_para_a_esquerda_nas_eleicoes_ao_senado.php\" target=\"_blank\">acabou a boa vida, e cada um tem de pensar em termos de 200% do eleitorado<\/a>.<\/p>\n<p style=\"text-align: justify;\">Na pr\u00e1tica, isso significa que a rela\u00e7\u00e3o estabelecida entre os dois nomes da chapa \u00e9 fundamental. A transfer\u00eancia de voto entre os dois candidatos a Senador ser\u00e1 fulcral esse ano. Da\u00ed a boa not\u00edcia: aconte\u00e7a o que acontecer, o Senado Bahiano, que n\u00e3o se renova a 20 anos, se renovar\u00e1 totalmente agora. De todos os candidatos, s\u00f3 C\u00e9sar Borges busca reelei\u00e7\u00e3o &#8211; \u00e9 o mais conhecido, mas de maior rejei\u00e7\u00e3o. E \u00e9 o \u00fanico que lentamente cai nas pesquisas.<\/p>\n<p style=\"text-align: justify;\">Ainda que n\u00e3o caia, ele s\u00f3 conta com seus 30% de votos. Seu companheiro de chapa, Edvaldo Brito, n\u00e3o agrega voto a ele, nem agrega a si a partir dele. Quem vota no neg\u00e3o intelectual, n\u00e3o vota no escravocrata C\u00e9sar Borges, e vice-versa. Ali\u00e1s, cabe lembrar que Edvaldo Brito, por azar (e sem ironia nisso), participou dos dois maiores desastres corruptivos municipais do pa\u00eds em 20 anos: a gest\u00e3o de Celso Pitta em S\u00e3o Paulo, e o segundo mandato de Jo\u00e3o Henrique aqui. Digo por azar porque se havia alguma for\u00e7a interna na Prefeitura a se opor a arbitrariedade como as TransCons, e perceber a Reforma Cultural em marcha na cidade e no estado e tentar se engendar nela, foi Edvaldo Brito. Quanto a gest\u00e3o de Pitta, talvez Edvaldo tamb\u00e9m n\u00e3o tenha culpa no cart\u00f3rio. Mas que a imagem fica imunda, fica.<\/p>\n<p style=\"text-align: justify;\">Do lado de Paulo Souto, o problema e id\u00eantico, ou pior. Jos\u00e9 Carlos Aleluia nunca foi sequer candidato a prefeito de capital (C\u00e9sar o foi, e foi governador; Edvaldo Brito foi prefeito bi\u00f4nico de Salvador sob o Governo Geisel), e s\u00f3 tem voto pra formar bancada federal. Jos\u00e9 Ronaldo, brilhante prefeito de Feira de Santana (compar\u00e1vel na direita ao que foi Guilhereme Menezes, pela esquerda, em Vit\u00f3ria da Conquista), n\u00e3o \u00e9 conhecido sen\u00e3o l\u00e1 e por isso tamb\u00e9m tem voto para deputado federal de sobra, mas pra senado lhe falta. Jos\u00e9 Carlos Aleluia sabemos que sofre de uma parafrenia similar a de Olavo de Carvalho, n\u00e3o diz coisa com coisa, e Paulo Souto o esconde como pode. Jos\u00e9 Ronaldo vem de uma direita cordata, socialmente respons\u00e1vel, e simp\u00e1tica a Lula. De novo: quem vota em Ronaldo provavelmente n\u00e3o vota em Aleluia (deve derivar seus votos para Edvaldo Brito), e quem vota em Aleluia idem (derivar votos para C\u00e9sar Borges, a quem muito se assemelha).<\/p>\n<p style=\"text-align: justify;\">A \u00fanica chapa em que quase 100% dos votos de um v\u00e3o pra outro \u00e9 a de Jaques Wagner: quem vota em L\u00eddice dificilmente votar\u00e1 sen\u00e3o em Walter Pinheiro, e vice-versa. E s\u00e3o os \u00fanicos dois candidatos em ascens\u00e3o, numa chapa governista com mais de 60% de aprova\u00e7\u00e3o popular.<\/p>\n<p style=\"text-align: center;\"><strong>* * *<\/strong><\/p>\n<p style=\"text-align: justify;\"><strong>Em Tempo:<\/strong> Dia 2 de setembro, quinta-feira pr\u00f3xima, a <a href=\"http:\/\/www.crp03.org.br\/site\/ComissaoMHTransito.aspx\" target=\"_blank\">Comiss\u00e3o de Mobilidade Humana e Tr\u00e2nsito do Conselho Regional de Psicologia Bahia e Sergipe<\/a> (CRP-03), realiza o <strong>1\u00ba Desafio Intermodal de Mobilidade.<\/strong> Saindo do Shopping Salvador por volta das 18h e 30min, com destino a sede do CRP-03 na Estrada de S\u00e3o L\u00e1zaro, Federa\u00e7\u00e3o, o Desafio serve para medir as capacidades de mobilidade das diferentes formas de transporte numa metr\u00f3pole. Desafios similares j\u00e1 s\u00e3o realizados anualmente em S\u00e3o Paulo e Rio de Janeiro h\u00e1 alguns anos.<\/p>\n<p style=\"text-align: justify;\">Participar\u00e3o do Desafio de Mobilidade os seguintes modais: bicicleta, bicicleta dobr\u00e1vel aliada a \u00f4nibus, taxi com baldea\u00e7\u00e3o livre, \u00f4nibus com baldea\u00e7\u00e3o livre, autom\u00f3vel individual e motocicleta.<\/p>\n<p style=\"text-align: justify;\">Estes Desafios costumam ser feitos em hor\u00e1rio e locais cr\u00edticos, com grandes congestionamentos. No entanto, buscando inovar, o CRP farea um Desafio de Mobilidade espec\u00edfico para hor\u00e1rio e trajetos de lazer. Acontecer\u00e1 no dia 18 de Setembro, com sa\u00edda \u00e0s 16h do Terminal Mar\u00edtimo da Ribeira, e chegada no Passeio P\u00fablico de Salvador (Pal\u00e1cio da Aclama\u00e7\u00e3o \/ Teatro Vila Velha). Participar\u00e3o da avalia\u00e7\u00e3o os mesmos modais acima listados.<\/p>\n<p style=\"text-align: justify;\">\n","protected":false},"excerpt":{"rendered":"<p>H\u00e1 algum tempo viemos dizendo que a rela\u00e7\u00e3o de Geddel Vieira Lima com o tempo l\u00f3gico, pr\u00f3prio da pol\u00edtica (e da cl\u00ednica psicanal\u00edtica) era a pior poss\u00edvel. Agora, fica claro como a palavra &#8220;Pressa&#8221; aparece no seu discurso como um significante-mestre de uma cadeia de sintomas neur\u00f3ticos que afeta a [&hellip;]<\/p>\n","protected":false},"author":2,"featured_media":0,"comment_status":"closed","ping_status":"open","sticky":false,"template":"","format":"standard","meta":{"footnotes":""},"categories":[919,9],"tags":[20,1526,821,149,15,1150,1527],"class_list":["post-2754","post","type-post","status-publish","format-standard","hentry","category-01flanar","category-01viver","tag-bahia","tag-desafio-intermodal-de-mobilidade-urbana","tag-eleicoes-2010","tag-geddel-vieira-lima","tag-salvador","tag-senado","tag-senador"],"_links":{"self":[{"href":"https:\/\/www.ultimobaile.com\/index.php?rest_route=\/wp\/v2\/posts\/2754","targetHints":{"allow":["GET"]}}],"collection":[{"href":"https:\/\/www.ultimobaile.com\/index.php?rest_route=\/wp\/v2\/posts"}],"about":[{"href":"https:\/\/www.ultimobaile.com\/index.php?rest_route=\/wp\/v2\/types\/post"}],"author":[{"embeddable":true,"href":"https:\/\/www.ultimobaile.com\/index.php?rest_route=\/wp\/v2\/users\/2"}],"replies":[{"embeddable":true,"href":"https:\/\/www.ultimobaile.com\/index.php?rest_route=%2Fwp%2Fv2%2Fcomments&post=2754"}],"version-history":[{"count":6,"href":"https:\/\/www.ultimobaile.com\/index.php?rest_route=\/wp\/v2\/posts\/2754\/revisions"}],"predecessor-version":[{"id":4243,"href":"https:\/\/www.ultimobaile.com\/index.php?rest_route=\/wp\/v2\/posts\/2754\/revisions\/4243"}],"wp:attachment":[{"href":"https:\/\/www.ultimobaile.com\/index.php?rest_route=%2Fwp%2Fv2%2Fmedia&parent=2754"}],"wp:term":[{"taxonomy":"category","embeddable":true,"href":"https:\/\/www.ultimobaile.com\/index.php?rest_route=%2Fwp%2Fv2%2Fcategories&post=2754"},{"taxonomy":"post_tag","embeddable":true,"href":"https:\/\/www.ultimobaile.com\/index.php?rest_route=%2Fwp%2Fv2%2Ftags&post=2754"}],"curies":[{"name":"wp","href":"https:\/\/api.w.org\/{rel}","templated":true}]}}