{"id":2720,"date":"2010-08-23T01:53:21","date_gmt":"2010-08-23T04:53:21","guid":{"rendered":"http:\/\/www.ultimobaile.com\/?p=2720"},"modified":"2025-12-24T13:02:56","modified_gmt":"2025-12-24T16:02:56","slug":"ocupationtion-que-nao-foi-outras-gentrifications","status":"publish","type":"post","link":"https:\/\/www.ultimobaile.com\/?p=2720","title":{"rendered":"Ocupationtion que n\u00e3o foi &#038; outras Gentrifications"},"content":{"rendered":"<p>Seguem aqui v\u00e1rias pequenas not\u00edcias urbanas de interesse.<\/p>\n<p style=\"text-align: justify;\">Primeira \u00e9 que o pessoal da Faculdade de Arquitetura da UFBA se prop\u00f4s a fazer uma ocupa\u00e7\u00e3o urbana na Avenida ACM, no Itaigara, que vem sendo sempre interditada para obras de macrodrenagem (e consequente retirada de \u00e1rvores decanas que garantiam a microdrenagem e o sombreamento da \u00e1rea, mas isso \u00e9 assunto pra outro <a href=\"https:\/\/www.ultimobaile.com\/?p=2706\" target=\"_blank\">Salvador, capital Oslo<\/a>), conforme avisa flyer abaixo.<\/p>\n<p style=\"text-align: justify;\"><a href=\"https:\/\/www.ultimobaile.com\/wp-content\/uploads\/2010\/08\/ocupation1.jpg\"><img loading=\"lazy\" decoding=\"async\" class=\"aligncenter size-full wp-image-2723\" title=\"ocupation\" src=\"https:\/\/www.ultimobaile.com\/wp-content\/uploads\/2010\/08\/ocupation1.jpg\" alt=\"\" width=\"800\" height=\"563\" srcset=\"https:\/\/www.ultimobaile.com\/wp-content\/uploads\/2010\/08\/ocupation1.jpg 800w, https:\/\/www.ultimobaile.com\/wp-content\/uploads\/2010\/08\/ocupation1-300x211.jpg 300w\" sizes=\"auto, (max-width: 800px) 100vw, 800px\" \/><\/a>A ameaca de chuva n\u00e3o deixou ningu\u00e9m ir. Valeu, contudo, a intens\u00e3o. Soube que ela adveio do fato de que alguns estudantes ocuparam o espa\u00e7o no s\u00e1bado anterior, e resolveram fazer disso um movimento maior, mais pol\u00edtico e mais organizado. Valeu pela tentativa, e que surjam outras.<\/p>\n<p style=\"text-align: center;\"><strong>* * *<\/strong><\/p>\n<p style=\"text-align: justify;\">O <a href=\"https:\/\/www.ultimobaile.com\/?p=2591\" target=\"_blank\">Semeando Livros<\/a> ganhou selo pr\u00f3prio. Estava ficando cansado de escrever (e <a href=\"https:\/\/www.ultimobaile.com\/?p=2605\" target=\"_blank\">minha caligrafia, como notaram, \u00e9 a de um disgr\u00e1fico<\/a> neurologicamente diagnosticado), o que diminuia o ritmo do <em>book-crossing<\/em>. Ficou legal e fortalece a identidade visual desta budega (e planejamentos que esta identidade visual cres\u00e7a mais do que se sup\u00f5e at\u00e9 o Carnaval). Abaixo pode-se ver como ficou.<\/p>\n<p style=\"text-align: justify;\"><a href=\"https:\/\/www.ultimobaile.com\/wp-content\/uploads\/2010\/08\/selo-semeando-grande1.png\"><img loading=\"lazy\" decoding=\"async\" class=\"size-full wp-image-2724   aligncenter\" title=\"selo semeando grande\" src=\"https:\/\/www.ultimobaile.com\/wp-content\/uploads\/2010\/08\/selo-semeando-grande1.png\" alt=\"\" width=\"261\" height=\"240\" \/><\/a><\/p>\n<p style=\"text-align: justify;\">Quem quiser us\u00e1-lo em seu pr\u00f3prio book-crossing basta pedir o arquivo em formato A4, PDF, com 12 selos como esse, atrav\u00e9s de coment\u00e1rios neste post, e eu envio por email. Da\u00ed leva o arquivo numa gr\u00e1fica e imprime &#8211; colorido ou preto&amp;branco, como queiram. Aten\u00e7\u00e3o: tem de pedir que se impra em papel adesivo, e de prefer\u00eancia que se refile l\u00e1 mesmo, j\u00e1 que \u00e9 muito estreito o intervalo entre os selos para ser cortado em casa com tesoura por n\u00e3o-profissionais. Uma vez pronto, cola-se na capa do livro ou revista, que passa assim a ser &#8220;timbrada&#8221; como um bem coletivo, com suas regras de uso bem expl\u00edcitas. A folha com doze selos fica mais ou menos como essa abaixo:<\/p>\n<p style=\"text-align: center;\"><a href=\"https:\/\/www.ultimobaile.com\/wp-content\/uploads\/2010\/08\/selo-semeando.png\"><img loading=\"lazy\" decoding=\"async\" class=\"size-full wp-image-2725 aligncenter\" title=\"selo semeando\" src=\"https:\/\/www.ultimobaile.com\/wp-content\/uploads\/2010\/08\/selo-semeando.png\" alt=\"\" width=\"640\" height=\"449\" srcset=\"https:\/\/www.ultimobaile.com\/wp-content\/uploads\/2010\/08\/selo-semeando.png 640w, https:\/\/www.ultimobaile.com\/wp-content\/uploads\/2010\/08\/selo-semeando-300x210.png 300w\" sizes=\"auto, (max-width: 640px) 100vw, 640px\" \/><\/a><\/p>\n<p style=\"text-align: center;\"><strong>* * *<\/strong><\/p>\n<p style=\"text-align: justify;\">O processo de <a href=\"https:\/\/www.ultimobaile.com\/?p=2683\" target=\"_blank\">Gentrificationtion<\/a> do Itaigara continua a passos largos. Em frente ao Preto, descobri o <strong>Munick Boteco Gourmet<\/strong>. O nome \u00e9 pretencioso, o lugar n\u00e3o passa de um galp\u00e3o e a frequ\u00eancia \u00e9 maur\u00edcia. Ainda assim \u00e9 digno de nota por ter um card\u00e1pio amplo e variado (embora confuso e ca\u00f3tico) de boas cervejas (devidamente caras, porque barato \u00e9 mijo com g\u00e1s e \u00e1lcool, gelado ou nem tanto, da AMBEV e da Schin) &#8211; inclusive a nova, mas j\u00e1 lend\u00e1ria, Bock Abadia (da garrafa opaca como da sua irm\u00e3 mais velha, cerveja rigorosamente vincentina belga, a Ale Confraria da Bohemia); inclusive a Strong Golden Ale da Bohemia, que \u00e9 a Royal. Inclusive a Paulist\u00e2nia, de S\u00e3o Paulo.<\/p>\n<p style=\"text-align: justify;\">S\u00f3 por isso j\u00e1 vale a visita. E pra completar, sem nenhuma vaga para autom\u00f3vel (embora tenha manobrista).<\/p>\n<p style=\"text-align: justify;\">Al\u00e9m disso, not\u00edcia nem t\u00e3o nova: a <a href=\"http:\/\/www.cantinavolpi.com.br\/\" target=\"_blank\"><strong>Cantina Volpi<\/strong><\/a>, tradicional h\u00e1 duas d\u00e9cadas no Chame-Chame &amp; Barra-Avenida \/ Ondina, abriu filiam no Caminho das \u00c1rvores \/ Pituba. S\u00f3 isso poderia ser uma boa not\u00edcia (embora pudesse ser ruim, como o Bella Napoli, que era uma verdadeira institui\u00e7\u00e3o bahiana quando tinha cara de cantina de corti\u00e7o palermitano e ficava no centr\u00e3o, Cal\u00e7ad\u00e3o de S\u00e3o Pedro, e quando foi pros arrabaldes do Itaigara ficou bregamente metido a chique). Mas vai al\u00e9m: a Volpi optou por um modelo de ocupa\u00e7\u00e3o que mantem a rela\u00e7\u00e3o com a rua de modo direto, vazando os espa\u00e7os de dentro para os de fora e favorecendo francamente o pedestre. Veja abaixo.<\/p>\n<p style=\"text-align: justify;\"><a href=\"https:\/\/www.ultimobaile.com\/wp-content\/uploads\/2010\/08\/vista-rua1.jpg\"><img loading=\"lazy\" decoding=\"async\" class=\"aligncenter size-full wp-image-2726\" title=\"vista-rua1\" src=\"https:\/\/www.ultimobaile.com\/wp-content\/uploads\/2010\/08\/vista-rua1.jpg\" alt=\"\" width=\"640\" height=\"480\" srcset=\"https:\/\/www.ultimobaile.com\/wp-content\/uploads\/2010\/08\/vista-rua1.jpg 640w, https:\/\/www.ultimobaile.com\/wp-content\/uploads\/2010\/08\/vista-rua1-300x225.jpg 300w\" sizes=\"auto, (max-width: 640px) 100vw, 640px\" \/><\/a><a href=\"https:\/\/www.ultimobaile.com\/wp-content\/uploads\/2010\/08\/vista-estacionamento1.jpg\"><\/a><\/p>\n<p style=\"text-align: justify;\"><a href=\"https:\/\/www.ultimobaile.com\/wp-content\/uploads\/2010\/08\/vista-estacionamento1.jpg\"><img loading=\"lazy\" decoding=\"async\" class=\"aligncenter size-full wp-image-2727\" title=\"vista-estacionamento1\" src=\"https:\/\/www.ultimobaile.com\/wp-content\/uploads\/2010\/08\/vista-estacionamento1.jpg\" alt=\"\" width=\"640\" height=\"480\" srcset=\"https:\/\/www.ultimobaile.com\/wp-content\/uploads\/2010\/08\/vista-estacionamento1.jpg 640w, https:\/\/www.ultimobaile.com\/wp-content\/uploads\/2010\/08\/vista-estacionamento1-300x225.jpg 300w\" sizes=\"auto, (max-width: 640px) 100vw, 640px\" \/><\/a><\/p>\n<p style=\"text-align: justify;\">Mas n\u00e3o \u00e9 s\u00f3: as vagas de estacionamento, embora existam e sejam meia-d\u00fazia, ficam num lugar escondido e mal-localizado, sem impedir a rela\u00e7\u00e3o do espa\u00e7o interno privado com o espa\u00e7o externo p\u00fablico da rua:<\/p>\n<p style=\"text-align: justify;\"><a href=\"https:\/\/www.ultimobaile.com\/wp-content\/uploads\/2010\/08\/estacionamento1.jpg\"><img loading=\"lazy\" decoding=\"async\" class=\"aligncenter size-full wp-image-2729\" title=\"estacionamento\" src=\"https:\/\/www.ultimobaile.com\/wp-content\/uploads\/2010\/08\/estacionamento1.jpg\" alt=\"\" width=\"640\" height=\"480\" srcset=\"https:\/\/www.ultimobaile.com\/wp-content\/uploads\/2010\/08\/estacionamento1.jpg 640w, https:\/\/www.ultimobaile.com\/wp-content\/uploads\/2010\/08\/estacionamento1-300x225.jpg 300w\" sizes=\"auto, (max-width: 640px) 100vw, 640px\" \/><\/a><\/p>\n<p style=\"text-align: justify;\">A cereja do bolo vem agora: em frente ao estabelecimento, numa \u00e1rea totalmente aberta e usada pelos estudantes do Col\u00e9gio Oficina (pr\u00f3ximo) mesmo quando a pizzaria est\u00e1 fechada, fez-se uma pequena pra\u00e7a, aproveitando-se as \u00e1rvores j\u00e1 existentes, com um jardim de sisaleiras ao modo de Burle Max e bancos a vontade, embora o espa\u00e7o seja ex\u00edguo. \u00c9 evidente que se fez isso para que os clientes esperem em momentos de casa cheia; mas que ador\u00e1vel efeito colateral de gentileza urbana isso tem (seguramente atraindo clientes que de outra forma nem l\u00e1 iriam, como eu):<\/p>\n<p style=\"text-align: justify;\"><a href=\"https:\/\/www.ultimobaile.com\/wp-content\/uploads\/2010\/08\/pracinha-dentro1.jpg\"><img loading=\"lazy\" decoding=\"async\" class=\"aligncenter size-full wp-image-2730\" title=\"pracinha-dentro1\" src=\"https:\/\/www.ultimobaile.com\/wp-content\/uploads\/2010\/08\/pracinha-dentro1.jpg\" alt=\"\" width=\"640\" height=\"480\" srcset=\"https:\/\/www.ultimobaile.com\/wp-content\/uploads\/2010\/08\/pracinha-dentro1.jpg 640w, https:\/\/www.ultimobaile.com\/wp-content\/uploads\/2010\/08\/pracinha-dentro1-300x225.jpg 300w\" sizes=\"auto, (max-width: 640px) 100vw, 640px\" \/><\/a><\/p>\n<p style=\"text-align: center;\"><a href=\"https:\/\/www.ultimobaile.com\/wp-content\/uploads\/2010\/08\/pracinha1.jpg\"><img loading=\"lazy\" decoding=\"async\" class=\"aligncenter size-full wp-image-2731\" title=\"pracinha1\" src=\"https:\/\/www.ultimobaile.com\/wp-content\/uploads\/2010\/08\/pracinha1.jpg\" alt=\"\" width=\"640\" height=\"480\" srcset=\"https:\/\/www.ultimobaile.com\/wp-content\/uploads\/2010\/08\/pracinha1.jpg 640w, https:\/\/www.ultimobaile.com\/wp-content\/uploads\/2010\/08\/pracinha1-300x225.jpg 300w\" sizes=\"auto, (max-width: 640px) 100vw, 640px\" \/><\/a><\/p>\n<p style=\"text-align: center;\"><a href=\"https:\/\/www.ultimobaile.com\/wp-content\/uploads\/2010\/08\/pracinha2.jpg\"><img loading=\"lazy\" decoding=\"async\" class=\"aligncenter size-full wp-image-2732\" title=\"pracinha2\" src=\"https:\/\/www.ultimobaile.com\/wp-content\/uploads\/2010\/08\/pracinha2.jpg\" alt=\"\" width=\"640\" height=\"480\" srcset=\"https:\/\/www.ultimobaile.com\/wp-content\/uploads\/2010\/08\/pracinha2.jpg 640w, https:\/\/www.ultimobaile.com\/wp-content\/uploads\/2010\/08\/pracinha2-300x225.jpg 300w\" sizes=\"auto, (max-width: 640px) 100vw, 640px\" \/><\/a><\/p>\n<p style=\"text-align: center;\"><a href=\"https:\/\/www.ultimobaile.com\/wp-content\/uploads\/2010\/08\/pracinha3.jpg\"><img loading=\"lazy\" decoding=\"async\" class=\"aligncenter size-full wp-image-2733\" title=\"pracinha3\" src=\"https:\/\/www.ultimobaile.com\/wp-content\/uploads\/2010\/08\/pracinha3.jpg\" alt=\"\" width=\"640\" height=\"480\" srcset=\"https:\/\/www.ultimobaile.com\/wp-content\/uploads\/2010\/08\/pracinha3.jpg 640w, https:\/\/www.ultimobaile.com\/wp-content\/uploads\/2010\/08\/pracinha3-300x225.jpg 300w\" sizes=\"auto, (max-width: 640px) 100vw, 640px\" \/><\/a><\/p>\n<p style=\"text-align: justify;\">Por \u00faltimo, mas n\u00e3o por fim, o espa\u00e7o \u00e9 decorado com fotos da Salvador dos anos 1960. Do seu Centro Antigo, do Elevador Lacerda, do Porto da Barra em dia de domingo, do Forte de Mont-Serrat em Pedra Furada (Cidade Baixa). Que outro estabelecimento da Pituba prefere se referir a Salvador da Avant Gard, e n\u00e3o a uma Nova York caricata, a uma Miami de muambeiros?<\/p>\n<p style=\"text-align: center;\"><a href=\"https:\/\/www.ultimobaile.com\/wp-content\/uploads\/2010\/08\/lacerda.jpg\"><img loading=\"lazy\" decoding=\"async\" class=\"size-full wp-image-2734 alignleft\" title=\"lacerda\" src=\"https:\/\/www.ultimobaile.com\/wp-content\/uploads\/2010\/08\/lacerda.jpg\" alt=\"\" width=\"320\" height=\"240\" srcset=\"https:\/\/www.ultimobaile.com\/wp-content\/uploads\/2010\/08\/lacerda.jpg 320w, https:\/\/www.ultimobaile.com\/wp-content\/uploads\/2010\/08\/lacerda-300x225.jpg 300w\" sizes=\"auto, (max-width: 320px) 100vw, 320px\" \/><\/a><a href=\"https:\/\/www.ultimobaile.com\/wp-content\/uploads\/2010\/08\/montserrat.jpg\"><\/a><\/p>\n<p style=\"text-align: center;\"><a href=\"https:\/\/www.ultimobaile.com\/wp-content\/uploads\/2010\/08\/montserrat.jpg\"><img loading=\"lazy\" decoding=\"async\" class=\"aligncenter size-full wp-image-2735\" title=\"montserrat\" src=\"https:\/\/www.ultimobaile.com\/wp-content\/uploads\/2010\/08\/montserrat.jpg\" alt=\"\" width=\"320\" height=\"240\" srcset=\"https:\/\/www.ultimobaile.com\/wp-content\/uploads\/2010\/08\/montserrat.jpg 320w, https:\/\/www.ultimobaile.com\/wp-content\/uploads\/2010\/08\/montserrat-300x225.jpg 300w\" sizes=\"auto, (max-width: 320px) 100vw, 320px\" \/><\/a><a href=\"https:\/\/www.ultimobaile.com\/wp-content\/uploads\/2010\/08\/porto.jpg\"><\/a><\/p>\n<p><a href=\"https:\/\/www.ultimobaile.com\/wp-content\/uploads\/2010\/08\/porto.jpg\"><img loading=\"lazy\" decoding=\"async\" class=\"size-full wp-image-2736  alignright\" title=\"porto\" src=\"https:\/\/www.ultimobaile.com\/wp-content\/uploads\/2010\/08\/porto.jpg\" alt=\"\" width=\"320\" height=\"240\" srcset=\"https:\/\/www.ultimobaile.com\/wp-content\/uploads\/2010\/08\/porto.jpg 320w, https:\/\/www.ultimobaile.com\/wp-content\/uploads\/2010\/08\/porto-300x225.jpg 300w\" sizes=\"auto, (max-width: 320px) 100vw, 320px\" \/><\/a><\/p>\n","protected":false},"excerpt":{"rendered":"<p>Seguem aqui v\u00e1rias pequenas not\u00edcias urbanas de interesse. Primeira \u00e9 que o pessoal da Faculdade de Arquitetura da UFBA se prop\u00f4s a fazer uma ocupa\u00e7\u00e3o urbana na Avenida ACM, no Itaigara, que vem sendo sempre interditada para obras de macrodrenagem (e consequente retirada de \u00e1rvores decanas que garantiam a microdrenagem [&hellip;]<\/p>\n","protected":false},"author":2,"featured_media":0,"comment_status":"closed","ping_status":"open","sticky":false,"template":"","format":"standard","meta":{"footnotes":""},"categories":[10,890,919,13,12,9],"tags":[20,1508,654,30,1520,507,15],"class_list":["post-2720","post","type-post","status-publish","format-standard","hentry","category-01comer","category-concursos-premios-literarios","category-01flanar","category-01ler","category-01ver","category-01viver","tag-bahia","tag-gentrificacao","tag-itaigara","tag-musica-brasileira","tag-ocupacao-urbana","tag-reforma-urbana","tag-salvador"],"_links":{"self":[{"href":"https:\/\/www.ultimobaile.com\/index.php?rest_route=\/wp\/v2\/posts\/2720","targetHints":{"allow":["GET"]}}],"collection":[{"href":"https:\/\/www.ultimobaile.com\/index.php?rest_route=\/wp\/v2\/posts"}],"about":[{"href":"https:\/\/www.ultimobaile.com\/index.php?rest_route=\/wp\/v2\/types\/post"}],"author":[{"embeddable":true,"href":"https:\/\/www.ultimobaile.com\/index.php?rest_route=\/wp\/v2\/users\/2"}],"replies":[{"embeddable":true,"href":"https:\/\/www.ultimobaile.com\/index.php?rest_route=%2Fwp%2Fv2%2Fcomments&post=2720"}],"version-history":[{"count":4,"href":"https:\/\/www.ultimobaile.com\/index.php?rest_route=\/wp\/v2\/posts\/2720\/revisions"}],"predecessor-version":[{"id":4244,"href":"https:\/\/www.ultimobaile.com\/index.php?rest_route=\/wp\/v2\/posts\/2720\/revisions\/4244"}],"wp:attachment":[{"href":"https:\/\/www.ultimobaile.com\/index.php?rest_route=%2Fwp%2Fv2%2Fmedia&parent=2720"}],"wp:term":[{"taxonomy":"category","embeddable":true,"href":"https:\/\/www.ultimobaile.com\/index.php?rest_route=%2Fwp%2Fv2%2Fcategories&post=2720"},{"taxonomy":"post_tag","embeddable":true,"href":"https:\/\/www.ultimobaile.com\/index.php?rest_route=%2Fwp%2Fv2%2Ftags&post=2720"}],"curies":[{"name":"wp","href":"https:\/\/api.w.org\/{rel}","templated":true}]}}