{"id":269,"date":"2008-09-29T21:43:12","date_gmt":"2008-09-30T00:43:12","guid":{"rendered":"http:\/\/www.ultimobaile.com\/?p=269"},"modified":"2025-12-24T13:03:56","modified_gmt":"2025-12-24T16:03:56","slug":"eu-vi-eu-vi-joao-henrique-se-mancomunando-com-grampinho","status":"publish","type":"post","link":"https:\/\/www.ultimobaile.com\/?p=269","title":{"rendered":"Eu vi, eu vi: Jo\u00e3o Henrique se mancomunando com Grampinho!"},"content":{"rendered":"<p style=\"text-align: justify;\">Ontem, no debate da Record. Jo\u00e3o Henrique (PMDB) pergunta, escolhe perguntar pra Grampinho. A pergunta \u00e9 mais ou menos assim: &#8220;O candidato ACM Neto n\u00e3o acha estranho que o PT e o PSDB, que participaram de minha gest\u00e3o e escreveram alguns dos \u00edtens do PDDU (Plano Diretor de Desenvolvimento Urbano), estejam agora criticando este mesmo PDDU e esta mesma gest\u00e3o?&#8221;. A\u00ed a resposta de Grampinho foi espinafrando o PT e tecendo loas e aleluias ao PDDU criminoso aprovado macabramente madrugada a dentro, e que vai fazer com que a Avenida Lu\u00eds Viana Filho (Paralela) tenha engarrafamento at\u00e9 dentro das garagens. Tr\u00e9plica de JH, no mesmo tom.<\/p>\n<p style=\"text-align: justify;\">Sim, sabemos que o PDDU teve mais apoio do PFL do que da base de JH. E eis a\u00ed a diferen\u00e7a fulcral de JH para Wagner. Jo\u00e3o Henrique atacou \u00f3bvia e sistematicamente a superestrutura do carlismo: sua mentalidade, seu modo de agir. Mas n\u00e3o a infraestrutura, o &#8220;de onde \u00e9 que o dinheiro vem&#8221;, que no caso de Salvador \u00e9 a especula\u00e7\u00e3o imobili\u00e1ria que deu \u00e0 cidade, do Rio Vermelho pra cima, um recorte american\u00f3ide e algo candango que inviabiliza qualquer tentativa de resolver o transporte &#8211; coletivo ou individual, p\u00fablico ou privado &#8211; por exemplo. Eis um dos tra\u00e7os do hibridismo nem nordeste nem sudeste de Salvador: ao contr\u00e1rio do que cr\u00eaem recifenses e cariocas, o carlismo nunca se manteve pelo latif\u00fandio, mas pela especula\u00e7\u00e3o urbana. A expans\u00e3o em dire\u00e7\u00e3o a Cama\u00e7ari se deu com doa\u00e7\u00e3o de terra p\u00fablica pra OAS e Odebrecht, ambas empresas em que ACM tinha participa\u00e7\u00f5es. O inimigo do carlismo n\u00e3o \u00e9 tanto a reforma agr\u00e1ria &#8211; mas a reforma urbana. E nisso somos semelhantes a, s\u00f3 que piores do que, o Rio de Janeiro.<\/p>\n<p style=\"text-align: justify;\">Wagner, ao contr\u00e1rio, silenciosamente tem atacado os nichos de sobreviv\u00eancia monet\u00e1ria do carlismo &#8211; que consequentemente desmonta a mentalidade carlista. Especialmente a industria cultural (que gerou 20 anos de ditadura do Ax\u00e9 Music), o centralismo hospitaloc\u00eantrico do SUS baiano, o isolamento geogr\u00e1fico do extremo-oeste, e a falta de \u00e1gua cr\u00f4nica do semi-\u00e1rido. Al\u00e9m, claro, do analfabetismo em adultos (o TOPA &#8211; Todos Pela Alfabetiza\u00e7\u00e3o &#8211; \u00e9 hoje o maior e mais eficiente programa de letramento de adultos das Am\u00e9ricas: s\u00f3 esse ano foram 170mil adultos que aprenderam a ler e escrever. A meta, facilmente cumpr\u00edvel e super\u00e1vel, para 2010 \u00e9 de um milh\u00e3o de pessoas). <\/p>\n<p style=\"text-align: justify;\">Algumas conclus\u00f5es podemos tirar desta alian\u00e7a potencial e t\u00e1cita entre Grampinho e JH. Geddel Vieira Lima j\u00e1 havia dito que num segundo turno JH X Walter Pinheiro (PT), ele iria buscar apoio do carlismo. Depois desconversou com um tom jucelinista a l\u00e1 Tancredo Neves: &#8220;a gente n\u00e3o escolhe quem apoia a gente&#8221;. Ora, Geddel quer ser governador da Bahia. Quem elegeu Wagner foi muito mais o PMDB do interior, anti-carlista, do que o PT. S\u00f3 que o PMDB na Bahia \u00e9, mais do que no resto do Brasil, dois: um hist\u00f3rico, aguerrido, centro-esquerda, que elegeu Waldir Pires em 1986, e v\u00ea em Wagner uma tentativa de desforra; outro fisiol\u00f3gico, anti-carlista de ocasi\u00e3o, que elegeu o vice de Waldir Pires, Nilo Coelho, ladr\u00e3o ezeiro e vezeiro. O PMDB hist\u00f3rico jamais deixaria de apoiar Wagner para apoiar Geddel (o vice de Wagner faz parte dessa ala, Edmundo Pereira, a quem Wagner agradeceu publicamente quando de sua posse). Em \u00faltimo caso, migrariam todos para o PSDB (que aqui, repito, apoia o PT e n\u00e3o pretende us\u00e1-lo, a principio, para alpinismo pol\u00edtico) ou para o PSB (ideologicamente, o partido mais pr\u00f3ximo do PMDB hist\u00f3rico da Itapetinga de Michel Hage &#8211; sim, parente do Ministro da Controladoria Geral da Uni\u00e3o). <\/p>\n<p style=\"text-align: justify;\">Contudo, as consequ\u00eancias n\u00e3o s\u00e3o meramente regionais. A campanha em Salvador esse ano \u00e9 a \u00fanica em que todos os grandes partidos t\u00eam candidatos pr\u00f3prios, em alian\u00e7as com localiza\u00e7\u00e3o clara no escopo direita-esquerda. Um Geddel pr\u00f3ximo do carlismo for\u00e7aria o PSDB para ainda mais junto do PT &#8211; o que daria um <em>tilt<\/em> na cabe\u00e7a do pa\u00eds (a exce\u00e7\u00e3o de Minas Gerais, sempre o estado mais apto a compreender o hibridismo regional bahiano). E provocaria uma fratura dificil de cerzir na base do Governo Lula (curiosamente, n\u00e3o no de Wagner, cuja habilidade diplom\u00e1tica n\u00e3o cessa de me embasbacar).<\/p>\n<p style=\"text-align: justify;\">N\u00e3o sei n\u00e3o, mas parece que boa parte da l\u00f3gica pol\u00edtica de 2010 ser\u00e1 tra\u00e7ada a partir das elei\u00e7\u00f5es na rediviva Terceira Capital da Na\u00e7\u00e3o. E tome-lhe anti-paulist\u00e9rio! <\/p>\n","protected":false},"excerpt":{"rendered":"<p>Ontem, no debate da Record. Jo\u00e3o Henrique (PMDB) pergunta, escolhe perguntar pra Grampinho. A pergunta \u00e9 mais ou menos assim: &#8220;O candidato ACM Neto n\u00e3o acha estranho que o PT e o PSDB, que participaram de minha gest\u00e3o e escreveram alguns dos \u00edtens do PDDU (Plano Diretor de Desenvolvimento Urbano), [&hellip;]<\/p>\n","protected":false},"author":2,"featured_media":0,"comment_status":"closed","ping_status":"open","sticky":false,"template":"","format":"standard","meta":{"footnotes":""},"categories":[9],"tags":[89,120,20,85,104,124,98,119,123,122,121,15,87],"class_list":["post-269","post","type-post","status-publish","format-standard","hentry","category-01viver","tag-acm-neto","tag-anti-paulisterio","tag-bahia","tag-carlismo","tag-eleicoes-municipais-2008","tag-jacques-wagner","tag-joao-henrique","tag-paulisterio","tag-pfl","tag-pmdb","tag-pt","tag-salvador","tag-walter-pinheiro"],"_links":{"self":[{"href":"https:\/\/www.ultimobaile.com\/index.php?rest_route=\/wp\/v2\/posts\/269","targetHints":{"allow":["GET"]}}],"collection":[{"href":"https:\/\/www.ultimobaile.com\/index.php?rest_route=\/wp\/v2\/posts"}],"about":[{"href":"https:\/\/www.ultimobaile.com\/index.php?rest_route=\/wp\/v2\/types\/post"}],"author":[{"embeddable":true,"href":"https:\/\/www.ultimobaile.com\/index.php?rest_route=\/wp\/v2\/users\/2"}],"replies":[{"embeddable":true,"href":"https:\/\/www.ultimobaile.com\/index.php?rest_route=%2Fwp%2Fv2%2Fcomments&post=269"}],"version-history":[{"count":6,"href":"https:\/\/www.ultimobaile.com\/index.php?rest_route=\/wp\/v2\/posts\/269\/revisions"}],"predecessor-version":[{"id":274,"href":"https:\/\/www.ultimobaile.com\/index.php?rest_route=\/wp\/v2\/posts\/269\/revisions\/274"}],"wp:attachment":[{"href":"https:\/\/www.ultimobaile.com\/index.php?rest_route=%2Fwp%2Fv2%2Fmedia&parent=269"}],"wp:term":[{"taxonomy":"category","embeddable":true,"href":"https:\/\/www.ultimobaile.com\/index.php?rest_route=%2Fwp%2Fv2%2Fcategories&post=269"},{"taxonomy":"post_tag","embeddable":true,"href":"https:\/\/www.ultimobaile.com\/index.php?rest_route=%2Fwp%2Fv2%2Ftags&post=269"}],"curies":[{"name":"wp","href":"https:\/\/api.w.org\/{rel}","templated":true}]}}