{"id":2683,"date":"2010-08-05T00:35:37","date_gmt":"2010-08-05T03:35:37","guid":{"rendered":"http:\/\/www.ultimobaile.com\/?p=2683"},"modified":"2025-12-24T13:02:56","modified_gmt":"2025-12-24T16:02:56","slug":"gentrificationtion","status":"publish","type":"post","link":"https:\/\/www.ultimobaile.com\/?p=2683","title":{"rendered":"Gentrificationtion!"},"content":{"rendered":"<p style=\"text-align: justify;\">Para qualquer um que tenha circulado regularmente pelo Itaigara nos \u00faltimos anos, \u00e9 evidente que o bairro tem sa\u00eddo de sua condi\u00e7\u00e3o de sub\u00farbio de classe m\u00e9dia alta, e ganhado vida bo\u00eamia pr\u00f3pria e interessante, aliado a um aumento do seu uso pedestre (e proporcional diminui\u00e7\u00e3o de sua marcante carrodepend\u00eancia).<\/p>\n<p style=\"text-align: justify;\"><a href=\"https:\/\/www.ultimobaile.com\/wp-content\/uploads\/2010\/08\/gentrification.jpg\"><img loading=\"lazy\" decoding=\"async\" class=\"aligncenter size-full wp-image-2684\" title=\"gentrification\" src=\"https:\/\/www.ultimobaile.com\/wp-content\/uploads\/2010\/08\/gentrification.jpg\" alt=\"\" width=\"800\" height=\"600\" srcset=\"https:\/\/www.ultimobaile.com\/wp-content\/uploads\/2010\/08\/gentrification.jpg 800w, https:\/\/www.ultimobaile.com\/wp-content\/uploads\/2010\/08\/gentrification-300x225.jpg 300w\" sizes=\"auto, (max-width: 800px) 100vw, 800px\" \/><\/a><\/p>\n<p style=\"text-align: justify;\">O processo se iniciou sem d\u00favida quando do come\u00e7o da gest\u00e3o municipal de Jo\u00e3o Henrique Carneiro e seu projeto &#8220;Adote uma Pra\u00e7a&#8221;, em que empresas privadas podiam explocar o uso de pra\u00e7as p\u00fablicas para propagandas comerciais nas mesmas, desde que as reformasse e desse manuten\u00e7\u00e3o peri\u00f3dica nelas. Tem funcionado. Neste projeto, uma das primeiras e mais bem sucedidas interven\u00e7\u00f5es foi no ent\u00e3o fim-de-linha da Pituba, hoje Pra\u00e7a Ana L\u00facia Magalh\u00e3es (a filha de ACM que se matou por ser l\u00e9sbica).<\/p>\n<p style=\"text-align: justify;\">A reforma da pra\u00e7a \u00e9 question\u00e1vel do ponto de vista est\u00e9tico, e o parque infantil fica muito isolado e pr\u00f3ximo ao terminal de \u00f4nibus, o que \u00e9 um erro; mas, no geral, os acertos abundam. A \u00e1rea de gin\u00e1stica n\u00e3o segue o padr\u00e3o de aparelhos de concretos do resto da cidade, s\u00e3o de madeira, m\u00f3veis, e com isso geram uma maior possibilidade criativa de uso. H\u00e1 diversos quiosques que podem, e eventualmente s\u00e3o, ocupados com convescotes, <em>picnics<\/em>, e casais namorando. Principalmente, <a href=\"http:\/\/www.google.com\/imgres?imgurl=http:\/\/pequenopolis.files.wordpress.com\/2009\/03\/dsc06209.jpg&amp;imgrefurl=http:\/\/pequenopolis.wordpress.com\/2009\/03\/14\/pracas-de-salvador-ii-ana-lucia-magalhaes\/&amp;usg=__v-21kNqcx4jXAX8_B7wzmswyVxw=&amp;h=600&amp;w=800&amp;sz=79&amp;hl=en&amp;start=0&amp;sig2=tKkBP25P4zwXcygurUwRoQ&amp;tbnid=kjwcCeT2IK1LbM:&amp;tbnh=139&amp;tbnw=228&amp;ei=iyRaTJCiBIypnQflybyHAg&amp;prev=\/images%3Fq%3Dpra%25C3%25A7a%2Bana%2Blucia%2Bmagalh%25C3%25A3es%2Bsalvador%26um%3D1%26hl%3Den%26client%3Dgmail%26rls%3Dgm%26biw%3D1236%26bih%3D679%26tbs%3Disch:10,237&amp;um=1&amp;itbs=1&amp;iact=hc&amp;vpx=161&amp;vpy=256&amp;dur=699&amp;hovh=172&amp;hovw=229&amp;tx=108&amp;ty=148&amp;oei=iyRaTJCiBIypnQflybyHAg&amp;esq=1&amp;page=1&amp;ndsp=24&amp;ved=1t:429,r:18,s:0&amp;biw=1236&amp;bih=679\" target=\"_blank\">fez a classe m\u00e9dia alta do Caminho das \u00c1rvores sair do play-ground do ed\u00edficio com 10 \u00edtens de lazer e ocupar a pra\u00e7a<\/a>. N\u00e3o apenas ocupar, mas se apropriar: sentir que o espa\u00e7o p\u00fablico \u00e9 de todos, e tamb\u00e9m de cada um.<\/p>\n<p style=\"text-align: justify;\">Isso gerou uma din\u00e2mica econ\u00f4mica na \u00e1rea inusitada: come\u00e7aram a pulular restaurantes e caf\u00e9s ao redor dela, num ritmo impressionante &#8211; e com uma capacidade de manuten\u00e7\u00e3o do empreendimento a longo prazo digna de nota: muitos est\u00e3o l\u00e1 a mais de dois anos. Claro, h\u00e1 ainda alguns defeitos: os estabelecimentos comerciais t\u00eam pouca personalidade e ocupam espa\u00e7os muito vastos, gerando qualidade prec\u00e1ria no atendimento; e ainda previlegiam demais o autom\u00f3vel. Mesmo caf\u00e9s de regi\u00f5es pr\u00f3xima, mas com alto padr\u00e3o de qualidade de atendimento e de identidade migraram para l\u00e1, o que fez o atendimento deixar a desejar e perder seu car\u00e1ter sofisticado e identit\u00e1rio &#8211; \u00e9 o caso do <a href=\"http:\/\/www.tortarelli.com.br\/cafe\/\" target=\"_blank\">Tortarelli Caf\u00e9<\/a>: charmoso e discreto quando ficava na Alameda das Espat\u00f3dias (n\u00facleo duro do alto-luxo do Caminho das \u00c1rvores), muito parecido com o lend\u00e1rio Dona Ch\u00edcara (Rua Afonso Celso, Barra Avenida), hoje na Pra\u00e7a Ana L\u00facia Magalh\u00e3es n\u00e3o passa de uma lanchonete com bons produtos e almo\u00e7o comercial.<\/p>\n<p style=\"text-align: justify;\">S\u00e3o efeitos colaterais da gentrifica\u00e7\u00e3o de uma \u00e1rea que s\u00f3 agora est\u00e1 aprendendo a ser urbana de verdade. At\u00e9 porque este efeito come\u00e7a a se propagar para \u00e1reas mais distantes: a abertura do Cine Vivo SalaDeArte no Shopping Paseo Itaigara \u00e9 parte desta din\u00e2mica &#8211; e depois que ele l\u00e1 abriu n\u00e3o \u00e9 incomum ver casais homossexuais passeando a luz do dia a p\u00e9 e trocando afagos no conservador e anti-rua bairro do Itaigara, o que antes era inimagin\u00e1vel.<\/p>\n<p style=\"text-align: justify;\">Outro efeito \u00e9 o <strong>Preto<\/strong>, da foto acima e das que seguir\u00e3o aqui em baixo. Na Rua Guilhard Muniz, j\u00e1 n\u00e3o se encontra mais na \u00e1rea de influ\u00eancia direta do ex-fim-de-linha da Pituba. E no entanto \u00e9 esse charme a\u00ed: min\u00fasculo, eliminando vaga de autom\u00f3vel a partir do fim da tarde e ocupando com mesas, cadeiras, gentes; apertadinho e gostoso como um <em>pub<\/em>, e com um machiatto e um capuccino italiano dignos de nota. E ah, soda italiana tamb\u00e9m! <a href=\"https:\/\/www.ultimobaile.com\/wp-content\/uploads\/2010\/08\/preto1.jpg\"><img loading=\"lazy\" decoding=\"async\" class=\"aligncenter size-full wp-image-2685\" title=\"preto1\" src=\"https:\/\/www.ultimobaile.com\/wp-content\/uploads\/2010\/08\/preto1.jpg\" alt=\"\" width=\"800\" height=\"600\" srcset=\"https:\/\/www.ultimobaile.com\/wp-content\/uploads\/2010\/08\/preto1.jpg 800w, https:\/\/www.ultimobaile.com\/wp-content\/uploads\/2010\/08\/preto1-300x225.jpg 300w\" sizes=\"auto, (max-width: 800px) 100vw, 800px\" \/><\/a><\/p>\n<p style=\"text-align: justify;\">Pode-se alegar que a \u00e1rea da Rua Guilhard Muniz j\u00e1 era rica em com\u00e9rcio local e restaurantes &#8211; s\u00f3 que sem charme, identidade ou rela\u00e7\u00e3o com a rua (o Doc \u00e9 interessante, mas fechado em si pr\u00f3prio). N\u00e3o \u00e9 o caso do <strong>Preto<\/strong>, que ao lado tem um outro caf\u00e9 igualmente ocupando cal\u00e7ada e rua, embora com menos charme e um card\u00e1pio menos eficiente, e que abre para caf\u00e9 da manh\u00e3 todos os dias (na verdade, \u00e9 24h).<\/p>\n<p style=\"text-align: justify;\"><a href=\"https:\/\/www.ultimobaile.com\/wp-content\/uploads\/2010\/08\/preto3.jpg\"><img loading=\"lazy\" decoding=\"async\" class=\"aligncenter size-full wp-image-2686\" title=\"preto3\" src=\"https:\/\/www.ultimobaile.com\/wp-content\/uploads\/2010\/08\/preto3.jpg\" alt=\"\" width=\"800\" height=\"600\" srcset=\"https:\/\/www.ultimobaile.com\/wp-content\/uploads\/2010\/08\/preto3.jpg 800w, https:\/\/www.ultimobaile.com\/wp-content\/uploads\/2010\/08\/preto3-300x225.jpg 300w\" sizes=\"auto, (max-width: 800px) 100vw, 800px\" \/><\/a><\/p>\n<p style=\"text-align: justify;\">O <strong>Preto<\/strong> ali\u00e1s tem a sacada de n\u00e3o ter subt\u00edtulo: n\u00e3o \u00e9 &#8220;Preto Caf\u00e9&#8221;, nem &#8220;Preto, Bar &amp; Restaurante&#8221; ou &#8220;Preto Bistr\u00f4&#8221;. \u00c9 <strong>Preto<\/strong>, simplesmente &#8211; seguido de uma listagem despretenciosa de servi\u00e7os: <em>Lanche, Almo\u00e7o, Caf\u00e9, Happy Hour<\/em>.<\/p>\n<p style=\"text-align: justify;\"><a href=\"https:\/\/www.ultimobaile.com\/wp-content\/uploads\/2010\/08\/preto2.jpg\"><img loading=\"lazy\" decoding=\"async\" class=\"aligncenter size-full wp-image-2687\" title=\"preto2\" src=\"https:\/\/www.ultimobaile.com\/wp-content\/uploads\/2010\/08\/preto2.jpg\" alt=\"\" width=\"800\" height=\"600\" srcset=\"https:\/\/www.ultimobaile.com\/wp-content\/uploads\/2010\/08\/preto2.jpg 800w, https:\/\/www.ultimobaile.com\/wp-content\/uploads\/2010\/08\/preto2-300x225.jpg 300w\" sizes=\"auto, (max-width: 800px) 100vw, 800px\" \/><\/a><\/p>\n<p style=\"text-align: center;\">\n<p style=\"text-align: center;\"><strong>* * *<\/strong><\/p>\n<p style=\"text-align: justify;\">Se a gentrifica\u00e7\u00e3o chegou at\u00e9 fora do Centro Expandido de Salvador, \u00e9 sinal de que dentro deste e de seu Centro Antigo ela deve estar andando mais madura e r\u00e1pida do que se imagina. Ali\u00e1s, j\u00e1 dissemos antes que <a href=\"https:\/\/www.ultimobaile.com\/?p=2459\" target=\"_blank\">a Boate Boomerangue ajudou n\u00e3o apenas a re-configurar o Rio Vermelho, como outras \u00e1reas da cidade indiretamente, e que seu fechamento n\u00e3o \u00e9 nem retrocesso nem fal\u00eancia deste processo &#8211; ao contr\u00e1rio \u00e9 sinal de uma nova etapa, mais potente e inevit\u00e1vel<\/a>. Duvida? Olha o cartaz do pr\u00f3ximo <strong><a href=\"https:\/\/www.ultimobaile.com\/?p=384\" target=\"_blank\">Baile Esquema Novo<\/a><\/strong>:<\/p>\n<p style=\"text-align: justify;\"><a href=\"https:\/\/www.ultimobaile.com\/wp-content\/uploads\/2010\/08\/baile-agosto2010.jpg\"><img loading=\"lazy\" decoding=\"async\" class=\"aligncenter size-full wp-image-2688\" title=\"baile-agosto2010\" src=\"https:\/\/www.ultimobaile.com\/wp-content\/uploads\/2010\/08\/baile-agosto2010.jpg\" alt=\"\" width=\"566\" height=\"800\" srcset=\"https:\/\/www.ultimobaile.com\/wp-content\/uploads\/2010\/08\/baile-agosto2010.jpg 566w, https:\/\/www.ultimobaile.com\/wp-content\/uploads\/2010\/08\/baile-agosto2010-212x300.jpg 212w\" sizes=\"auto, (max-width: 566px) 100vw, 566px\" \/><\/a><\/p>\n<p style=\"text-align: justify;\">\u00c9 isso mesmo: o <strong>Baile Esquema Novo<\/strong> saiu do bunker, e vai pra guerra no meio do antro da mauri\u00e7ada axezeira &#8211; o <em>Bahia Caf\u00e9 dos Aflitos<\/em>.<\/p>\n<p style=\"text-align: justify;\">E mais: exigiu, e conseguiu, que se possa ir de bermuda e chinelo (em outras ocasi\u00f5es, l\u00e1 s\u00f3 de cal\u00e7a). E que o apronte &amp; o levante crescente da massa role at\u00e9 a hora que for descansar aos p\u00e9s do poeta em cujas m\u00e3os a lua se deita, mesmo com sol raiado na c\u00f4ncava pra\u00e7a.<\/p>\n<p style=\"text-align: justify;\">E, por \u00f3bvio, beijos entre meninos ou meninas n\u00e3o devem causar problema &#8211; e estamos falando de um lugar sabidamente hom\u00f3fobo.<\/p>\n<p style=\"text-align: justify;\">Vale repetir: <a href=\"https:\/\/www.ultimobaile.com\/?p=2459\" target=\"_blank\">j\u00e1 se fazia hora do P\u00f3s-Axezismo come\u00e7ar a mudar a cidade mais ostensivamente. Dissemos que ia ser pela boemia maur\u00edcia da Pituba. Erramos de bairro, foi melhor do que esper\u00e1vamos<\/a>: vai ser onde, no Centro Antigo, a boemia maur\u00edcia da Pituba vai (quando se digna a ir para dentro da Reconvexa). Profecia cumprida, me chamem de Cassandra que eu atendo.<\/p>\n<p style=\"text-align: justify;\">E tudo leva a crer que o Bahia Caf\u00e9 dos Aflitos vai se tornar a nova sede-base do <strong>Esquema Novo <\/strong>&#8211; e n\u00e3o apenas neste s\u00e1bado pr\u00f3ximo, dia 7 de agosto. Por que o <strong>Baile<\/strong>, como falsos-profetas alardeavam desde o tempo da Boomerangue, &#8220;virou festa de axezeiro&#8221;? N\u00e3o! Porque o Ax\u00e9-Sistem j\u00e1 era, e est\u00e1 em processo de exuma\u00e7\u00e3o&#8230;<\/p>\n<p style=\"text-align: center;\"><strong>* * *<\/strong><\/p>\n<p style=\"text-align: justify;\">A gentrifica\u00e7\u00e3o do Centro Antigo tem chegado a um lugar que eu nunca viria voltar a ser frequent\u00e1vel: o <strong>Beco dos Artistas<\/strong>, no Garcia. H\u00e1 10 anos atr\u00e1s, o Beco nem era exatamente um ambiente &#8220;gay&#8221; &#8211; era muito mais um foco de resist\u00eancia liter\u00e1rio-teatral, bastante simpatizante \u00e9 verdade, ao Carlo-Axezismo que na \u00e9poca nem tinha esse nome e ainda estava em processo ascendente de ganho de for\u00e7a.<\/p>\n<p style=\"text-align: justify;\">Quando o Conex\u00e3o Arco-\u00cdris (lend\u00e1rio boteco de l\u00e1 em que j\u00e1 virei noites na cozinha em rodas de leitura de contos de Caio Fernando Abreu) fechou, come\u00e7ou a decad\u00eancia do lugar. A resist\u00eancia se mudou brevemente para o ador\u00e1vel Santo Expedito &#8211; bar &amp; sebo de LPs de Jazz no meio da Carlos Gomes, que funcionava at\u00e9 a madrugada. Para chegar l\u00e1, se andava no meio dos travecos. E era um lugar alien\u00edgena para a regi\u00e3o: no meio do (mais-que-)baixo-gay de Salvador, era discretamente elegante e bastante heterossexual para os arrabaldes. Mas, como dissemos, durou pouco.<\/p>\n<p style=\"text-align: justify;\">A\u00ed foi queda &amp; coice. Um dos lados do <strong>Beco dos Artistas<\/strong> foi totalmente comprado por um mesmo dono, que virou uma mega-store de bicha pobre, o Bar Camarim (que s\u00f3 n\u00e3o chegou a ter motel, porque o resto teve). A frequ\u00eancia foi indo, foi indo, virou um lugar de ter gente batendo boquete e cheirando coca\u00edna em via p\u00fablica. E sempre tenso, prestes a acontecer algum ato de viol\u00eancia desagrad\u00e1vel e inesperado.<\/p>\n<p style=\"text-align: justify;\">Isso tamb\u00e9m mudou. O Dia do Rock este ano foi l\u00e1, e ia ter show da panssexualista <a href=\"http:\/\/www.myspace.com\/vocemeexcita\" target=\"_blank\">Voc\u00ea Me Excita<\/a>. Acabou tendo da decana <a href=\"http:\/\/www.myspace.com\/thehonkers\" target=\"_blank\">The Honkers<\/a>. Nenhuma das duas t\u00eam laivo de ser &#8220;m\u00fasica de viado&#8221; &#8211; muito ao contr\u00e1rio, fi\u00e9s a raiz heterossexual rockabillie e anarco-sexual do eletro-punk. O Bar Cultural, onde ocorreu o evento, \u00e9 um boteco, mas tem um detalhe que me lembra os velhos e bons tempos do Beco dos Artistas nos anos 1990: o barman \u00e9 eficiente, simp\u00e1tico, bonito e m\u00e1sculo. Coisa incomum em Salvador \u00e9 encontrar barmans que n\u00e3o sejam submissos e acabrunhados, e ao mesmo tempo sejam competentes, com que se possa conversar. Esta \u00e9 uma honrosa exce\u00e7\u00e3o.<\/p>\n<p style=\"text-align: justify;\">E a mega-store de bicha pobre, o Camarim? Bem, acabou. Toda a \u00e1rea foi comprada por outro dono, lacrada seu acesso a rua e virou um espaco entitulado Teatro Bahiano, muito mais cult, muito menos ligado a um submundo desinteressante e que deterioriava a \u00e1rea. O Beco continua sendo para a popula\u00e7\u00e3o de baixa-renda &#8211; s\u00f3 que est\u00e1 em franco processo de reconquistar sua sofistica\u00e7\u00e3o perdida. Inclusive, ao que me consta, o povo do <strong>Baile Esquema Novo<\/strong> quer fazer alguma coisa por l\u00e1&#8230;<\/p>\n","protected":false},"excerpt":{"rendered":"<p>Para qualquer um que tenha circulado regularmente pelo Itaigara nos \u00faltimos anos, \u00e9 evidente que o bairro tem sa\u00eddo de sua condi\u00e7\u00e3o de sub\u00farbio de classe m\u00e9dia alta, e ganhado vida bo\u00eamia pr\u00f3pria e interessante, aliado a um aumento do seu uso pedestre (e proporcional diminui\u00e7\u00e3o de sua marcante carrodepend\u00eancia). [&hellip;]<\/p>\n","protected":false},"author":2,"featured_media":0,"comment_status":"closed","ping_status":"open","sticky":false,"template":"","format":"standard","meta":{"footnotes":""},"categories":[938,11,919,9],"tags":[20,1503,178,1510,40,1505,1084,1511,1508,654,1504,1509,1506,1507,15],"class_list":["post-2683","post","type-post","status-publish","format-standard","hentry","category-bailes","category-01beber","category-01flanar","category-01viver","tag-bahia","tag-bahia-cafe","tag-baile-esquema-novo","tag-beco-dos-artistas","tag-cafe","tag-caminho-das-arvores","tag-carrodependencia","tag-garcia","tag-gentrificacao","tag-itaigara","tag-largo-dos-aflitos","tag-praca-ana-lucia-magalhaes","tag-preto","tag-pub","tag-salvador"],"_links":{"self":[{"href":"https:\/\/www.ultimobaile.com\/index.php?rest_route=\/wp\/v2\/posts\/2683","targetHints":{"allow":["GET"]}}],"collection":[{"href":"https:\/\/www.ultimobaile.com\/index.php?rest_route=\/wp\/v2\/posts"}],"about":[{"href":"https:\/\/www.ultimobaile.com\/index.php?rest_route=\/wp\/v2\/types\/post"}],"author":[{"embeddable":true,"href":"https:\/\/www.ultimobaile.com\/index.php?rest_route=\/wp\/v2\/users\/2"}],"replies":[{"embeddable":true,"href":"https:\/\/www.ultimobaile.com\/index.php?rest_route=%2Fwp%2Fv2%2Fcomments&post=2683"}],"version-history":[{"count":5,"href":"https:\/\/www.ultimobaile.com\/index.php?rest_route=\/wp\/v2\/posts\/2683\/revisions"}],"predecessor-version":[{"id":4246,"href":"https:\/\/www.ultimobaile.com\/index.php?rest_route=\/wp\/v2\/posts\/2683\/revisions\/4246"}],"wp:attachment":[{"href":"https:\/\/www.ultimobaile.com\/index.php?rest_route=%2Fwp%2Fv2%2Fmedia&parent=2683"}],"wp:term":[{"taxonomy":"category","embeddable":true,"href":"https:\/\/www.ultimobaile.com\/index.php?rest_route=%2Fwp%2Fv2%2Fcategories&post=2683"},{"taxonomy":"post_tag","embeddable":true,"href":"https:\/\/www.ultimobaile.com\/index.php?rest_route=%2Fwp%2Fv2%2Ftags&post=2683"}],"curies":[{"name":"wp","href":"https:\/\/api.w.org\/{rel}","templated":true}]}}