{"id":2581,"date":"2010-07-11T11:17:52","date_gmt":"2010-07-11T14:17:52","guid":{"rendered":"http:\/\/www.ultimobaile.com\/?p=2581"},"modified":"2025-12-24T13:02:57","modified_gmt":"2025-12-24T16:02:57","slug":"o-indio-a-paraguaya","status":"publish","type":"post","link":"https:\/\/www.ultimobaile.com\/?p=2581","title":{"rendered":"O \u00cdndio &#038; a Paraguaya"},"content":{"rendered":"<p style=\"text-align: justify;\">\n<div id=\"attachment_2583\" style=\"width: 370px\" class=\"wp-caption alignleft\"><a href=\"https:\/\/www.ultimobaile.com\/wp-content\/uploads\/2010\/07\/indio_da_costa.jpg\"><img loading=\"lazy\" decoding=\"async\" aria-describedby=\"caption-attachment-2583\" class=\"size-full wp-image-2583\" title=\"indio_da_costa\" src=\"https:\/\/www.ultimobaile.com\/wp-content\/uploads\/2010\/07\/indio_da_costa.jpg\" alt=\"\" width=\"360\" height=\"360\" srcset=\"https:\/\/www.ultimobaile.com\/wp-content\/uploads\/2010\/07\/indio_da_costa.jpg 360w, https:\/\/www.ultimobaile.com\/wp-content\/uploads\/2010\/07\/indio_da_costa-150x150.jpg 150w, https:\/\/www.ultimobaile.com\/wp-content\/uploads\/2010\/07\/indio_da_costa-300x300.jpg 300w\" sizes=\"auto, (max-width: 360px) 100vw, 360px\" \/><\/a><p id=\"caption-attachment-2583\" class=\"wp-caption-text\">Dubl\u00ea de A\u00e9cio Neves<\/p><\/div>\n<p style=\"text-align: justify;\">Esta semana, alguns fatos pol\u00edticos (nem todos eleitorais) trouxeram \u00e0 baila quest\u00f5es recalcadas que se referem ao que poderia ter sido o 3\u00ba Imp\u00e9rio Brasileiro, de Isabel Christina. O primeiro, mas n\u00e3o mais not\u00e1vel, \u00e9 a escolha (at\u00e9 que enfim!) do candidato a vice a chapa de Jos\u00e9 Serra. <a href=\"http:\/\/www.advivo.com.br\/blog\/luisnassif\/serra-e-o-generico-de-aecio\" target=\"_blank\">\u00cdndio da Costa reune todos os atributos aparentes de A\u00e9cio Neves<\/a>, e que poderiam soar como qualidades mas bem olhados s\u00e3o defeitos at\u00e9 mesmo em A\u00e9cio (juventude, dandismo, etc.) &#8211; sem ter nenhuma das reais qualidades de A\u00e9cio Neves (sensibilidade social, capacidade de articula\u00e7\u00e3o pol\u00edtica, projeto nacional, etc). <a href=\"http:\/\/www.conversaafiada.com.br\/politica\/2010\/07\/05\/bomba-bomba-serra-e-o-nosso-rei\/\" target=\"_blank\">E \u00e9 Monarquista<\/a>!<\/p>\n<p style=\"text-align: justify;\">Ora, dir\u00e1 o leitor incauto, <a href=\"https:\/\/www.ultimobaile.com\/?p=845\" target=\"_blank\">mas voc\u00ea tamb\u00e9m \u00e9 Monarquista, Lucas<\/a>. Errado: sou bragancista, mas n\u00e3o defendo a restaura\u00e7\u00e3o imperial (os Bragan\u00e7a de hoje nada tem a ver com os l\u00edderes formados por Jos\u00e9 Bonif\u00e1cio, sujeito que ali\u00e1s Jos\u00e9 Serra admira profundamente) e no Plebiscito de 1992 teria votado pelo Presidencialismo Republicano. O que eu defendo \u00e9 que Dom Pedro II foi o melhor governante que o pa\u00eds j\u00e1 teve, e isso os fatos mostram: 44 anos de estabilidade, unificando a na\u00e7\u00e3o, com grandes ganhos de infraestrutura urbana, produzindo uma gera\u00e7\u00e3o de cientistas e intelectuais que o Brasil s\u00f3 veio a reproduzir em 1930 (no governo de algu\u00e9m que, durante a Segunda Revolu\u00e7\u00e3o Federalista do Rio Grande do Sul, era bragancista: Get\u00falio Vargas). O Imperador assumiu aos 15 anos de idade o governo de uma ex-col\u00f4nia escravista, falida e conflagrada em lutas separatistas. Entrega em 1889 um pa\u00eds sem escravos (e sem tr\u00e1fico a 20 anos, e sem nascimento de escravos em solo brasileiro a outro tanto), em crescimento econ\u00f4mico, com uma interessante experi\u00eancia de reforma agr\u00e1ria atrav\u00e9s de minif\u00fandios familiares em que imigrantes ocupam a compliada fronteira Sul (resolvendo finalmente a procrastinada Quest\u00e3o Platina) e reconhecido internacionalmente como, dir-se-ia hoje, <em>player global<\/em>.<\/p>\n<p style=\"text-align: justify;\">O que defendo \u00e9 o que ensino de Hist\u00f3ria esconde isso, respondendo a interesses paulistas, como escondia a genialidade do governo de Vargas at\u00e9 pouco tempo atr\u00e1s por motivos similares. O que defendo \u00e9 que se revise o que representou o 2\u00ba Imp\u00e9rio; e que se trate a Proclama\u00e7\u00e3o da Rep\u00fablica como o que ela foi: um Golpe Militar, da elite paulista, altamente sexista e racista, j\u00e1 que foi contra uma mulher assessorada por um intelectual mulato: a Princesa Isabel e Joaquim Nabuco &#8211; e que est\u00e1 no 15 de Novembro a m\u00e3e de todos os golpes que marcaram a hist\u00f3ria republicana do pa\u00eds: 1891, 1922, 1932 (1930 foi uma revolu\u00e7\u00e3o popular, \u00fanica nacional compar\u00e1vel ao Dois de Julho bahiano &#8211; s\u00f3 depois as elites tomaram as r\u00e9deas dela, e at\u00e9 nisso ela segue o modelo da Revolta Gloriosa da Inglaterra e da Revolu\u00e7\u00e3o Francesa: a revolu\u00e7\u00e3o burguesa no Brasil, diria Florestan Fernandes), 1945, 1954, 1955, 1964 e 1968.<\/p>\n<p style=\"text-align: justify;\">Nunca propus nem proporia uma marcha-a-r\u00e9 na Hist\u00f3ria &#8211; isso \u00e9 uma no\u00e7\u00e3o marxista elementar. Proponho que se compreenda o Imp\u00e9rio para que a Rep\u00fablica seja Rep\u00fablica de verdade, e n\u00e3o esse arremedo, essa eterna anti-monarquia. Mas o vice-de-Serra quer a volta do Reinado Petropolitano. \u00cdndio da Costa propor isso \u00e9 um resqu\u00edcio de um sintoma que o Rio de Janeiro sanou na Era Lula: o luto depressivo e alucinante de ter deixado de ser Imp\u00e9rio e Capital da Rep\u00fablica &#8211; um s\u00e9culo seguido de queda-e-coice. Isso paralelo ao fato de que Jos\u00e9 Serra representa o paulistismo golpista que derrubou o Imperador, Vargas e o Rio de Janeiro &#8211; e ignorando totalmente a contradi\u00e7\u00e3o interna de uma chapa eleitoral como esta. \u00c9 uma id\u00e9ia que n\u00e3o cabe mais sequer a velha aristocracia carioca do s\u00e9culo XX, involuntariamente monarquista tamb\u00e9m ela.<\/p>\n<p style=\"text-align: center;\"><strong>* * *<\/strong><\/p>\n<p style=\"text-align: justify;\">Dona Lily de Carvalho (vi\u00fava de Roberto Marinho) deu um almo\u00e7o para Dilma Roussef, e n\u00e3o dar\u00e1 para nenhum outro candidato. Engana-se quem v\u00ea nisso um PT (mais) de joelhos diante da Globo: nenhum dos filhos de Roberto Marinho (que n\u00e3o t\u00eam nome pr\u00f3prio), diretores da Rede Globo, \u00e9 filho de Dona Lilly. Esta remonta a uma aristocracia carioca que abrigou de Bar\u00e3o do Rio Branco a Pinheiro Machado, de Ruy Barbosa a Gilberto Freyre; Roberto Marinho vem de uma pequena burguesia que ascendeu e ficou milion\u00e1ria atrav\u00e9s de pequenos golpes e de sua alian\u00e7a com regimes discricion\u00e1rios neoliberais e de direita.<\/p>\n<p style=\"text-align: justify;\">Roberto Marinho representa o internacionalismo paulista, de modo caricato; Dona Lily, uma nobreza imperial que n\u00e3o \u00e9 apenas carioca, mas rio-grandense (e o termo chulo &#8220;ga\u00facho&#8221; nem aqui cabe), pernambucana, paraense e bahiana, e sem caricatura remonta a Miss\u00e3o Francesa de Dom Jo\u00e3o VI. <a href=\"http:\/\/www.advivo.com.br\/blog\/luisnassif\/o-significado-do-almoco-de-lily-marinho\" target=\"_blank\">\u00c9 um monte de senhoras intelectualizadas, e n\u00e3o socialites novo-ricas, recebendo uma outra que deve cumprir a miss\u00e3o que teria sido de Isabel Cristina de Orleans e Bragan\u00e7a Bourbon D`Eu, 100 atr\u00e1s<\/a>.<\/p>\n<p style=\"text-align: center;\"><strong>* * *<\/strong><\/p>\n<p style=\"text-align: justify;\">A diferen\u00e7a da postura de dona Lily de Carvalho para o que seria a mem\u00f3ria de Roberto Marinho est\u00e1 em como a Globo se engajou, atrav\u00e9s de seu canal privado SporTV, na retomada involunt\u00e1ria de quest\u00f5es do 2\u00ba Imp\u00e9rio. A Globo resolvou esculhambar o Paraguay, a troco de nada. Veja o video.<\/p>\n<p style=\"text-align: center;\"><object classid=\"clsid:d27cdb6e-ae6d-11cf-96b8-444553540000\" width=\"480\" height=\"385\" codebase=\"http:\/\/download.macromedia.com\/pub\/shockwave\/cabs\/flash\/swflash.cab#version=6,0,40,0\"><param name=\"allowFullScreen\" value=\"true\" \/><param name=\"allowscriptaccess\" value=\"always\" \/><param name=\"src\" value=\"http:\/\/www.youtube.com\/v\/DTOzjyKruN0&amp;hl=en_US&amp;fs=1\" \/><param name=\"allowfullscreen\" value=\"true\" \/><embed type=\"application\/x-shockwave-flash\" width=\"480\" height=\"385\" src=\"http:\/\/www.youtube.com\/v\/DTOzjyKruN0&amp;hl=en_US&amp;fs=1\" allowscriptaccess=\"always\" allowfullscreen=\"true\"><\/embed><\/object><\/p>\n<p style=\"text-align: justify;\">\u00c0s Organiza\u00e7\u00f5es Globo falta educa\u00e7\u00e3o dom\u00e9stica. Por exemplo, n\u00e3o tirar meleca em p\u00fablico e n\u00e3o peidar (alto pelo menos) em frente as visitas. \u00c9 a polidez que se encontra num quartel, numa trincheira. O Brasil deve tratar o Paraguai com o maior tato e gentileza que puder: fomos n\u00f3s que causamos sua mis\u00e9ria quando, no s\u00e9culo XIX, vencemos a maior guerra ocorrida nele ao sul do equador.<\/p>\n<p style=\"text-align: justify;\">N\u00e3o vai aqui certo culpismo pseudo-esquerd\u00f3ide e indisfar\u00e7avelmente paulista de que a Guerra do Paraguai foi injusta e atendeu apenas a interesses ingleses. Mentira: todo brasileiro deve se orgulhar dela; de ter tido um Imperador capaz de liderar uma campanha militar vitoriosa contra um tirano expansionista como General Solano L\u00f3pez. Na Argentina, o presidente Marechal Bartolomeu Mitre \u00e9 reverenciado at\u00e9 hoje por isso &#8211; e, outrossim, os argentinos n\u00e3o humilham os paraguaios em reportagens de TV&#8230;<\/p>\n<p style=\"text-align: justify;\">Termos vencido nos obriga a sermos magn\u00e2nimos com nosso vizinho. E a reconhecer os crimes de guerra cometidos por n\u00f3s, l\u00e1 &#8211; sem com isso desmerecer nossa vit\u00f3ria civilizat\u00f3ria no Chaco e no Riachuelo. Esse tipo de emp\u00e1fia pouco civilizada que a Globo a\u00ed mostrou \u00e9 t\u00edpica do narc\u00edsico Ex\u00e9rcio Brasileiro de 1870 at\u00e9 1985. Aquele ex\u00e9rcito que achou bonito e altivo servir de ponta-de-lan\u00e7a para a alta burguesia paulista em 1889, 1922, 1945, 1954, 1955, 1964 e 1968. Aquele ex\u00e9rcito que n\u00e3o julga seus criminosos torturadores nem nunca pediu desculpas a na\u00e7\u00e3o por ter servido apenas a uma parte \u00ednfima, geogr\u00e1fica e demograficamente, da mesma. Um ex\u00e9rcito em que n\u00e3o se pode confiar, justamente por isso &#8211; e da\u00ed a justific\u00e1vel prefer\u00eancia de Sua Majestade Imperial pela Marinha.<\/p>\n<p style=\"text-align: center;\"><strong>* * *<\/strong><\/p>\n<p style=\"text-align: justify;\">O Governo Lula foi, voluntariamente, um resgate do que poderia ter sido um Governo Jango &#8211; desde sua reaproxima\u00e7\u00e3o com a China e com a \u00c1frica independente, at\u00e9 a distribui\u00e7\u00e3o radical de renda e reforma universit\u00e1ria. Como consequ\u00eancia esperada, resgatou Get\u00falio Vargas e Jucelino Kubitchek; e nos estados levou ao resgate de seus interregnos democr\u00e1ticos: Eduardo Campos e A\u00e9cio Neves aos seus av\u00f4s; Jaques Wagner, na Bahia, com Oct\u00e1vio Mangabeira e Ant\u00f4nio Balbino. Ou levando a pol\u00edtica interna de estados at\u00e9 ent\u00e3o mais perif\u00e9ricos, como Bahia, Pernambuco, Rio Grande do Sul e mesmo Sergipe, a voltarem a ser cruciais para os novos rumos da na\u00e7\u00e3o.<\/p>\n<p style=\"text-align: justify;\">N\u00e3o era de se esperar (mas olhando de hoje faz todo sentido, para o bem e para o mal) que ao fim da Era Lula, involuntariamente quest\u00f5es que dormitavam desde 1889 reaparecessem. Quer por termos duas candidatas mulheres a Presid\u00eancia (e n\u00e3o se trata agora do revanchismo neurast\u00eanico de Heloisa Helena); quer levando advers\u00e1rios (Serra e a Globo) a inopinadamente tentarem ocupar um lugar positivo nas quest\u00f5es brasileiras do s\u00e9culo XIX, de modo burlesco e significando paradoxalmente o oposto do que se prop\u00f5em a representar.<\/p>\n<p style=\"text-align: justify;\">Embora eu n\u00e3o vote em Dilma Roussef no primeirto turno (porque n\u00e3o creio que o desenvolvimento nacional deva ter como pre\u00e7o a perpetua\u00e7\u00e3o do isolamento do Maranh\u00e3o &#8211; n\u00e3o por pena deste, mas porque sei o quanto o Brasil perde com isso, material e imaterialmente), eis a\u00ed mais uma coisa pra j\u00e1 enorme lista do &#8220;<em>Nunca antes na hist\u00f3ria deste pa\u00eds<\/em>&#8220;.<\/p>\n<p style=\"text-align: justify;\"><strong><em>Post Scritpum: <\/em><span style=\"font-weight: normal;\">Baseado nisso, nos reservamos doravante o direito de nos referirmos a Geddel Vieira Lima como o Bar\u00e3o de Geremoabo &#8211; aquele que leva o estado ao retrocesso. Que Jo\u00e3o Henrique Carneiro \u00e9 um novo Jos\u00e9 Joaquim Seabra, sem finesse alguma, todo mundo j\u00e1 sabia&#8230;<\/span><\/strong><\/p>\n","protected":false},"excerpt":{"rendered":"<p>Esta semana, alguns fatos pol\u00edticos (nem todos eleitorais) trouxeram \u00e0 baila quest\u00f5es recalcadas que se referem ao que poderia ter sido o 3\u00ba Imp\u00e9rio Brasileiro, de Isabel Christina. O primeiro, mas n\u00e3o mais not\u00e1vel, \u00e9 a escolha (at\u00e9 que enfim!) do candidato a vice a chapa de Jos\u00e9 Serra. \u00cdndio [&hellip;]<\/p>\n","protected":false},"author":2,"featured_media":0,"comment_status":"closed","ping_status":"open","sticky":false,"template":"","format":"standard","meta":{"footnotes":""},"categories":[9],"tags":[285,1463,821,1464,1466,502,1469,1465,1468,1358,1319,518,1467],"class_list":["post-2581","post","type-post","status-publish","format-standard","hentry","category-01viver","tag-brasil","tag-dilma-roussef","tag-eleicoes-2010","tag-imperio","tag-indio-da-costa","tag-jose-serra","tag-lily-de-carvalho","tag-monarquia","tag-paraguai","tag-rede-globo","tag-republica","tag-rio-de-janeiro","tag-sportv"],"_links":{"self":[{"href":"https:\/\/www.ultimobaile.com\/index.php?rest_route=\/wp\/v2\/posts\/2581","targetHints":{"allow":["GET"]}}],"collection":[{"href":"https:\/\/www.ultimobaile.com\/index.php?rest_route=\/wp\/v2\/posts"}],"about":[{"href":"https:\/\/www.ultimobaile.com\/index.php?rest_route=\/wp\/v2\/types\/post"}],"author":[{"embeddable":true,"href":"https:\/\/www.ultimobaile.com\/index.php?rest_route=\/wp\/v2\/users\/2"}],"replies":[{"embeddable":true,"href":"https:\/\/www.ultimobaile.com\/index.php?rest_route=%2Fwp%2Fv2%2Fcomments&post=2581"}],"version-history":[{"count":12,"href":"https:\/\/www.ultimobaile.com\/index.php?rest_route=\/wp\/v2\/posts\/2581\/revisions"}],"predecessor-version":[{"id":4253,"href":"https:\/\/www.ultimobaile.com\/index.php?rest_route=\/wp\/v2\/posts\/2581\/revisions\/4253"}],"wp:attachment":[{"href":"https:\/\/www.ultimobaile.com\/index.php?rest_route=%2Fwp%2Fv2%2Fmedia&parent=2581"}],"wp:term":[{"taxonomy":"category","embeddable":true,"href":"https:\/\/www.ultimobaile.com\/index.php?rest_route=%2Fwp%2Fv2%2Fcategories&post=2581"},{"taxonomy":"post_tag","embeddable":true,"href":"https:\/\/www.ultimobaile.com\/index.php?rest_route=%2Fwp%2Fv2%2Ftags&post=2581"}],"curies":[{"name":"wp","href":"https:\/\/api.w.org\/{rel}","templated":true}]}}