{"id":258,"date":"2008-09-27T16:09:32","date_gmt":"2008-09-27T19:09:32","guid":{"rendered":"http:\/\/www.ultimobaile.com\/?p=258"},"modified":"2025-12-24T13:03:56","modified_gmt":"2025-12-24T16:03:56","slug":"projeto-samba-dos-engenhos","status":"publish","type":"post","link":"https:\/\/www.ultimobaile.com\/?p=258","title":{"rendered":"Projeto Samba dos Engenhos"},"content":{"rendered":"<p style=\"text-align: justify; \">Solar Boa Vista apresenta projeto Samba dos Engenhos<br \/>\n(<a href=\"Solar Boa Vista apresenta projeto Samba dos Engenhos\" target=\"_blank\">Di\u00e1rio Oficial do Estado<\/a>, de hoje)<\/p>\n<p style=\"text-align: justify; \">As tardes de domingo do Cine Teatro Solar Boa Vista ser\u00e3o preenchidas por apresenta\u00e7\u00f5es musicais.<\/p>\n<p style=\"text-align: justify; \">Para come\u00e7ar, acontece amanh\u00e3 a apresenta\u00e7\u00e3o do espet\u00e1culo c\u00eanico-musical Samba dos Engenhos, \u00e0s 16h.<\/p>\n<p style=\"text-align: justify; \">Resultado do projeto O Carnaval e o Samba Junino dos Tempos de Pierre Verger at\u00e9 Hoje, Samba dos Engenhos \u00e9 apresentado por jovens e crian\u00e7as do Espa\u00e7o Cultural Pierre Verger, no Engenho Velho de Brotas.<\/p>\n<p style=\"text-align: justify; \"><span style=\"text-decoration: underline;\">Audi\u00e7\u00e3o e pesquisa<\/span> &#8211; Al\u00e9m de oficinas art\u00edsticas, o processo de montagem do Samba dos Engenhos contou com a audi\u00e7\u00e3o de repert\u00f3rios musicais de samba e com a aprecia\u00e7\u00e3o de fotos de Verger sobre o tema, na busca de uma contextualiza\u00e7\u00e3o de sua obra entre as outras express\u00f5es art\u00edsticas.<\/p>\n<p style=\"text-align: justify; \">Foram realizadas tamb\u00e9m pesquisas a partir de depoimentos de convidados como Jorj\u00e3o Bafaf\u00e1, Moa do Catend\u00ea, Muniz, Hamilton Vieira, Negrizu, Ailton e Reinaldo, entre outros, que falaram sobre as suas trajet\u00f3rias e experi\u00eancias.<\/p>\n<p style=\"text-align: justify; \">Artistas do bairro &#8211; O resultado desse projeto, que teve patroc\u00ednio da Secretaria Estadual de Cultura (Secult), atrav\u00e9s do Fundo de Cultura, \u00e9 um passeio por diversos momentos da hist\u00f3ria do Engenho Velho de Brotas e suas tradi\u00e7\u00f5es musicais.<\/p>\n<p style=\"text-align: justify; \">As apresenta\u00e7\u00f5es do Samba dos Engenhos prev\u00eaem ainda a participa\u00e7\u00e3o de artistas do bairro que fizeram parte da sua hist\u00f3ria e contribu\u00edram para que o Engenho Velho de Brotas fosse considerado um dos bairros mais musicais de Salvador.<\/p>\n<p style=\"text-align: justify; \">\n<p style=\"text-align: justify; \"><strong>Coment\u00e1rio:<\/strong><\/p>\n<p style=\"text-align: justify; \">Cad\u00ea os cr\u00edticos detratores do Secret\u00e1rio de Cultura M\u00e1rcio Meirelles?! <\/p>\n<p style=\"text-align: justify; \">\n","protected":false},"excerpt":{"rendered":"<p>Solar Boa Vista apresenta projeto Samba dos Engenhos (Di\u00e1rio Oficial do Estado, de hoje) As tardes de domingo do Cine Teatro Solar Boa Vista ser\u00e3o preenchidas por apresenta\u00e7\u00f5es musicais. Para come\u00e7ar, acontece amanh\u00e3 a apresenta\u00e7\u00e3o do espet\u00e1culo c\u00eanico-musical Samba dos Engenhos, \u00e0s 16h. Resultado do projeto O Carnaval e o [&hellip;]<\/p>\n","protected":false},"author":2,"featured_media":0,"comment_status":"closed","ping_status":"open","sticky":false,"template":"","format":"standard","meta":{"footnotes":""},"categories":[11,12,9],"tags":[112,113,15,115,114],"class_list":["post-258","post","type-post","status-publish","format-standard","hentry","category-01beber","category-01ver","category-01viver","tag-cine-teatro-solar-boa-vista","tag-engenho-velho-de-brotas","tag-salvador","tag-samba-do-reconcavo","tag-secretaria-de-cultura-do-estado-da-bahia"],"_links":{"self":[{"href":"https:\/\/www.ultimobaile.com\/index.php?rest_route=\/wp\/v2\/posts\/258","targetHints":{"allow":["GET"]}}],"collection":[{"href":"https:\/\/www.ultimobaile.com\/index.php?rest_route=\/wp\/v2\/posts"}],"about":[{"href":"https:\/\/www.ultimobaile.com\/index.php?rest_route=\/wp\/v2\/types\/post"}],"author":[{"embeddable":true,"href":"https:\/\/www.ultimobaile.com\/index.php?rest_route=\/wp\/v2\/users\/2"}],"replies":[{"embeddable":true,"href":"https:\/\/www.ultimobaile.com\/index.php?rest_route=%2Fwp%2Fv2%2Fcomments&post=258"}],"version-history":[{"count":6,"href":"https:\/\/www.ultimobaile.com\/index.php?rest_route=\/wp\/v2\/posts\/258\/revisions"}],"predecessor-version":[{"id":4500,"href":"https:\/\/www.ultimobaile.com\/index.php?rest_route=\/wp\/v2\/posts\/258\/revisions\/4500"}],"wp:attachment":[{"href":"https:\/\/www.ultimobaile.com\/index.php?rest_route=%2Fwp%2Fv2%2Fmedia&parent=258"}],"wp:term":[{"taxonomy":"category","embeddable":true,"href":"https:\/\/www.ultimobaile.com\/index.php?rest_route=%2Fwp%2Fv2%2Fcategories&post=258"},{"taxonomy":"post_tag","embeddable":true,"href":"https:\/\/www.ultimobaile.com\/index.php?rest_route=%2Fwp%2Fv2%2Ftags&post=258"}],"curies":[{"name":"wp","href":"https:\/\/api.w.org\/{rel}","templated":true}]}}