{"id":2527,"date":"2010-06-28T20:51:18","date_gmt":"2010-06-28T23:51:18","guid":{"rendered":"http:\/\/www.ultimobaile.com\/?p=2527"},"modified":"2025-12-24T13:02:57","modified_gmt":"2025-12-24T16:02:57","slug":"cyclechic-nago-i","status":"publish","type":"post","link":"https:\/\/www.ultimobaile.com\/?p=2527","title":{"rendered":"CycleChic Nag\u00f4 &#8211; I"},"content":{"rendered":"<h3 style=\"text-align: center;\">Yab\u00e1s &#8211; Winter Colection<\/h3>\n<p style=\"text-align: justify;\">Ao contr\u00e1rio do que se diz, Salvador tem inverno. N\u00e3o \u00e9 rigoroso, mas a mudan\u00e7a de temperatura \u00e9 sens\u00edvel e o frio \u00e0s vezes inc\u00f4modo. Jorge Amado chegou a relatar isso numa c\u00e9lebre cr\u00f4nica que conta a hist\u00f3ria de um portugu\u00eas que vem a Salvador em junho e s\u00f3 traz roupa de ver\u00e3o. Chega aqui e pega 20\u00baC, com sensa\u00e7\u00e3o t\u00e9rmica de 18\u00ba por causa da umidade, do vento, e do fato de a cidade ficar no alto de uma cadeia de colinas de cerca de 100m de altitude na beira do mar. E a\u00ed o portuga tem de sair para comprar &#8220;camisola&#8221; &#8211; isto \u00e9, &#8220;pul\u00f4ver&#8221;.<\/p>\n<p style=\"text-align: justify;\">Isto de fato aconteceu com alguns paulistas que pra c\u00e1 vieram, mais recentemente, no lend\u00e1rio inverno de 2004 &#8211; quando Salvador chegou a registrar no Campo Grande 16\u00ba num meio-dia ensolarado. Claro, s\u00e3o temperaturas patol\u00f3gicas por aqui. Mas quando a cidade tinha mais \u00e1rea verde, 40 anos atr\u00e1s, n\u00e3o chegavam a ser surpreendentes.<\/p>\n<p style=\"text-align: justify;\">H\u00e1 duas semanas Salvador registrou 18\u00ba ao amanhecer, no n\u00edvel do mar. O que d\u00e1 uns 16\u00ba nos bairros centrais no topo do plat\u00f4 (Gra\u00e7a, Nazar\u00e9, Carmo, etc). E, pedalando e provocando brisa, uma sensa\u00e7\u00e3o t\u00e9rmica de 14\u00ba ou menos. Acreditem: dizer que n\u00e3o usa bicicleta porque faz calor se tornou pra mim uma afirma\u00e7\u00e3o digna de chacota depois desta experi\u00eancia por 4 dias c\u00e1 numa Reconvexa regelada.<\/p>\n<p style=\"text-align: justify;\">No calor, o pedalar provoca brisa &#8211; e portanto estar em movimento \u00e9 mais confort\u00e1vel do que parado; mas no frio, ao contr\u00e1rio: a cada vez que voc\u00ea pedala, tudo fica g\u00e9lido! Tanto mais porque est\u00e3o expostos primeiramente a brisa suas partes mais sens\u00edveis: dedos (que chegavam a doer para acionar os freios), nariz, orelhas. O fato de o corpo aquecer com a pedalada n\u00e3o ajuda muito &#8211; de certa maneira, piora a sensa\u00e7\u00e3o t\u00e9rmica gelada.<\/p>\n<p style=\"text-align: justify;\">Vantagens h\u00e1. A primeira: subir ladeira, em bom bahian\u00eas, <em>virado no estop\u00f4!<\/em> &#8211; isso porque o frio n\u00e3o te deixa suar. Outra: nas descidas de ladeira n\u00e3o &#8220;parar de pedalar para secar um pouco e aproveitar a brisa&#8221;; ao contr\u00e1rio: mant\u00e9m o ritmo do pedal e acelera, sen\u00e3o d\u00e1 mais frio. Da\u00ed que se chega em m\u00e9dia uns 5 minutos mais r\u00e1pido do que nos dias normais de calor brando ou intenso.<\/p>\n<p style=\"text-align: justify;\">Contudo, a principal vantagem \u00e9 se sentir obrigado a usar cachecol (inclusive cobrindo o nariz, no melhor estilo <em><a href=\"http:\/\/www.yehudamoon.com\/index.php?date=2008-01-26\" target=\"_blank\">bike ninja<\/a><\/em>), chap\u00e9us, gorros, etc. O chap\u00e9u ajuda porque nesta \u00e9poca do ano ainda chove, mas n\u00e3o torrencialmente (diferentemente de abril e maio) &#8211; da\u00ed deixar de pedalar para sair de guarda-chuvas se tornar rid\u00edculo: uma boinazinha j\u00e1 protege o suficiente da garoa.\u00a0Isto \u00e9: o inverno deixa o usu\u00e1rio de bicicleta como transporte especialmente urbano e elegante.<\/p>\n<p style=\"text-align: justify;\">Outro dado \u00e9 que os motoristas ficam especialmente mais calmos e gentis com este tempo ameno &#8211; e as ruas em geral mais vazias. (A verdade \u00e9 que bahiano reclama do calor, mas gosta; bastou fazer um friozinho, e n\u00e3o pisa fora de casa).<\/p>\n<p style=\"text-align: justify;\">Decide-me de uma vez a come\u00e7ar a trabalhar mais com imagens (e faz\u00ea-las eu pr\u00f3prio) aqui quando em um desses dias de inverno me dei conta de o qu\u00e3o elegante ficava minha <em>Dahon Curve<\/em> na varanda se eu esquecia (de verdade!) cachecol e chap\u00e9u-c\u00f4co sobre ela, na v\u00e9spera. T\u00e3o lindo que tive de tirar uma foto na mesma hora.<\/p>\n<div id=\"attachment_2529\" style=\"width: 460px\" class=\"wp-caption aligncenter\"><a href=\"https:\/\/www.ultimobaile.com\/wp-content\/uploads\/2010\/06\/Ians\u00e3-winter1.jpg\"><img loading=\"lazy\" decoding=\"async\" aria-describedby=\"caption-attachment-2529\" class=\"size-full wp-image-2529\" title=\"Ians\u00e3-winter1\" src=\"https:\/\/www.ultimobaile.com\/wp-content\/uploads\/2010\/06\/Ians\u00e3-winter1.jpg\" alt=\"\" width=\"450\" height=\"600\" srcset=\"https:\/\/www.ultimobaile.com\/wp-content\/uploads\/2010\/06\/Ians\u00e3-winter1.jpg 450w, https:\/\/www.ultimobaile.com\/wp-content\/uploads\/2010\/06\/Ians\u00e3-winter1-225x300.jpg 225w\" sizes=\"auto, (max-width: 450px) 100vw, 450px\" \/><\/a><p id=\"caption-attachment-2529\" class=\"wp-caption-text\">Ians\u00e3 - cachecol by Pucket; chap\u00e9u-c\u00f4co by Pralana<\/p><\/div>\n<p><a href=\"https:\/\/www.ultimobaile.com\/wp-content\/uploads\/2010\/06\/Ians\u00e3-winter2.jpg\"><img loading=\"lazy\" decoding=\"async\" class=\"aligncenter size-full wp-image-2530\" title=\"Ians\u00e3-winter2\" src=\"https:\/\/www.ultimobaile.com\/wp-content\/uploads\/2010\/06\/Ians\u00e3-winter2.jpg\" alt=\"\" width=\"450\" height=\"600\" srcset=\"https:\/\/www.ultimobaile.com\/wp-content\/uploads\/2010\/06\/Ians\u00e3-winter2.jpg 450w, https:\/\/www.ultimobaile.com\/wp-content\/uploads\/2010\/06\/Ians\u00e3-winter2-225x300.jpg 225w\" sizes=\"auto, (max-width: 450px) 100vw, 450px\" \/><\/a><\/p>\n<p style=\"text-align: justify;\">Pra quem n\u00e3o sabe ainda, chamo minha <em>Curve<\/em> de Ians\u00e3: vermelha, arisca, e chegou debaixo de briga com a transportadora no dia do Carur\u00fa de Santa B\u00e1rbara. Para minha <em>Fuji Crosstown Ladies<\/em> (que uso quando vou subir montanhas ou para pedaladas mais distantes; a <em>Dahon<\/em> serve quando preciso embarcar em \u00f4nibus\/ascensores ou pegar caronas) n\u00e3o ficar com ci\u00fames, fiz fotos dela tamb\u00e9m. Azul, meio japonesa, coquete, cheia de frescura, senhorial e majestosa: s\u00f3 podia ter o nome da Rainha de If\u00e9, Ox\u00fam Yapond\u00e1, faceira &amp; dengosa.<\/p>\n<div id=\"attachment_2532\" style=\"width: 810px\" class=\"wp-caption aligncenter\"><a href=\"https:\/\/www.ultimobaile.com\/wp-content\/uploads\/2010\/06\/Oxum-winter1.jpg\"><img loading=\"lazy\" decoding=\"async\" aria-describedby=\"caption-attachment-2532\" class=\"size-full wp-image-2532\" title=\"Oxum-winter\" src=\"https:\/\/www.ultimobaile.com\/wp-content\/uploads\/2010\/06\/Oxum-winter1.jpg\" alt=\"\" width=\"800\" height=\"600\" srcset=\"https:\/\/www.ultimobaile.com\/wp-content\/uploads\/2010\/06\/Oxum-winter1.jpg 800w, https:\/\/www.ultimobaile.com\/wp-content\/uploads\/2010\/06\/Oxum-winter1-300x225.jpg 300w\" sizes=\"auto, (max-width: 800px) 100vw, 800px\" \/><\/a><p id=\"caption-attachment-2532\" class=\"wp-caption-text\">Ox\u00fam - camisa p\u00f3lo manga longa by Lacoste; t\u00eanis conga by TermoSkin; boina de Praga, cole\u00e7\u00e3o pessoal<\/p><\/div>\n<p style=\"text-align: justify;\">Fazer <a href=\"http:\/\/www.thesartorialist.com\/photos\/50610StripeBike_9812Web.jpg\" target=\"_blank\">este tipo de foto<\/a> \u00e9 uma <a href=\"http:\/\/www.thesartorialist.com\/photos\/50510bikeclasic_9652Web.jpg\" target=\"_blank\">tend\u00eancia mundial<\/a> para <a href=\"http:\/\/www.thesartorialist.com\/photos\/52710Bike06610Web.jpg\" target=\"_blank\">gentrificar o uso de bicicleta<\/a>: mostrar como <a href=\"http:\/\/hojevouassimdebike.wordpress.com\/2010\/06\/13\/sunny-day\/\" target=\"_blank\">se pode pedalar n\u00e3o apenas como pe\u00e3o, ou fantasiado de ciclista, e sim de modo classudo e mesmo nobre<\/a>. \u00c9 isso que pode levar o medioclassista carroc\u00f4mano a largar o carro na garagem. A bicicleta est\u00e1 para o autom\u00f3vel assim como a maconha est\u00e1 para o crack, numa abordagem cl\u00ednica de redu\u00e7\u00e3o de danos: ambos viciam, mas a primeira d\u00e1 a sa\u00fade que a segunda rouba.<\/p>\n<p style=\"text-align: justify;\">Quando for morar sozinho terei uma Caloi Barraforte cargueira (para trazer compras do supermercado e da feira em grande quantidade). Terra, bruta, guerreira silenciosa e algo submissa. Pau pra toda obra. S\u00f3 poder\u00e1 se chamar Ob\u00e1, mesmo, n\u00e3o \u00e9?<\/p>\n<p style=\"text-align: justify;\">Acho que nessa, acabei sobrando de Xang\u00f4 Agod\u00f4 &#8211; &#8220;sete dias para a gente amar&#8221;&#8230; E,\u00a0convenhamos,\u00a0<strong>ningu\u00e9m fica charmoso assim dentro de um carro:<\/strong><\/p>\n<div id=\"attachment_2533\" style=\"width: 610px\" class=\"wp-caption aligncenter\"><a href=\"https:\/\/www.ultimobaile.com\/wp-content\/uploads\/2010\/06\/iphone-021.jpg\"><img loading=\"lazy\" decoding=\"async\" aria-describedby=\"caption-attachment-2533\" class=\"size-full wp-image-2533\" title=\"iphone 021\" src=\"https:\/\/www.ultimobaile.com\/wp-content\/uploads\/2010\/06\/iphone-021.jpg\" alt=\"\" width=\"600\" height=\"800\" srcset=\"https:\/\/www.ultimobaile.com\/wp-content\/uploads\/2010\/06\/iphone-021.jpg 600w, https:\/\/www.ultimobaile.com\/wp-content\/uploads\/2010\/06\/iphone-021-225x300.jpg 225w\" sizes=\"auto, (max-width: 600px) 100vw, 600px\" \/><\/a><p id=\"caption-attachment-2533\" class=\"wp-caption-text\">\u00f3culos by QTZ \/ boina de Praga, cole\u00e7\u00e3o pessoal \/ cachecol by Pucket \/ camiseta by SandPiper \/ cal\u00e7a by Elle-et-Lui \/ sapatos by Mr. Cat \/ cinto de pano by Richards <\/p><\/div>\n","protected":false},"excerpt":{"rendered":"<p>Yab\u00e1s &#8211; Winter Colection Ao contr\u00e1rio do que se diz, Salvador tem inverno. N\u00e3o \u00e9 rigoroso, mas a mudan\u00e7a de temperatura \u00e9 sens\u00edvel e o frio \u00e0s vezes inc\u00f4modo. Jorge Amado chegou a relatar isso numa c\u00e9lebre cr\u00f4nica que conta a hist\u00f3ria de um portugu\u00eas que vem a Salvador em [&hellip;]<\/p>\n","protected":false},"author":2,"featured_media":0,"comment_status":"closed","ping_status":"open","sticky":false,"template":"","format":"standard","meta":{"footnotes":""},"categories":[919,9],"tags":[20,889,285,1447,1450,387,1448,888,1449,1446,1445,15],"class_list":["post-2527","post","type-post","status-publish","format-standard","hentry","category-01flanar","category-01viver","tag-bahia","tag-bicicleta","tag-brasil","tag-cyclechic-nago","tag-fashion","tag-iansa","tag-inverno","tag-mobilidade-urbana","tag-moda","tag-oba","tag-oxum","tag-salvador"],"_links":{"self":[{"href":"https:\/\/www.ultimobaile.com\/index.php?rest_route=\/wp\/v2\/posts\/2527","targetHints":{"allow":["GET"]}}],"collection":[{"href":"https:\/\/www.ultimobaile.com\/index.php?rest_route=\/wp\/v2\/posts"}],"about":[{"href":"https:\/\/www.ultimobaile.com\/index.php?rest_route=\/wp\/v2\/types\/post"}],"author":[{"embeddable":true,"href":"https:\/\/www.ultimobaile.com\/index.php?rest_route=\/wp\/v2\/users\/2"}],"replies":[{"embeddable":true,"href":"https:\/\/www.ultimobaile.com\/index.php?rest_route=%2Fwp%2Fv2%2Fcomments&post=2527"}],"version-history":[{"count":14,"href":"https:\/\/www.ultimobaile.com\/index.php?rest_route=\/wp\/v2\/posts\/2527\/revisions"}],"predecessor-version":[{"id":4257,"href":"https:\/\/www.ultimobaile.com\/index.php?rest_route=\/wp\/v2\/posts\/2527\/revisions\/4257"}],"wp:attachment":[{"href":"https:\/\/www.ultimobaile.com\/index.php?rest_route=%2Fwp%2Fv2%2Fmedia&parent=2527"}],"wp:term":[{"taxonomy":"category","embeddable":true,"href":"https:\/\/www.ultimobaile.com\/index.php?rest_route=%2Fwp%2Fv2%2Fcategories&post=2527"},{"taxonomy":"post_tag","embeddable":true,"href":"https:\/\/www.ultimobaile.com\/index.php?rest_route=%2Fwp%2Fv2%2Ftags&post=2527"}],"curies":[{"name":"wp","href":"https:\/\/api.w.org\/{rel}","templated":true}]}}