{"id":2440,"date":"2010-06-02T09:11:22","date_gmt":"2010-06-02T12:11:22","guid":{"rendered":"http:\/\/www.ultimobaile.com\/?p=2440"},"modified":"2025-12-24T13:02:57","modified_gmt":"2025-12-24T16:02:57","slug":"tamanduas-suinos-antas","status":"publish","type":"post","link":"https:\/\/www.ultimobaile.com\/?p=2440","title":{"rendered":"Tamandu\u00e1s, su\u00ednos &#038; antas"},"content":{"rendered":"<p style=\"text-align: justify;\">\n<div id=\"attachment_2441\" style=\"width: 365px\" class=\"wp-caption alignleft\"><a href=\"https:\/\/www.ultimobaile.com\/wp-content\/uploads\/2010\/06\/tamandua.jpg\"><img loading=\"lazy\" decoding=\"async\" aria-describedby=\"caption-attachment-2441\" class=\"size-full wp-image-2441\" title=\"tamandua\" src=\"https:\/\/www.ultimobaile.com\/wp-content\/uploads\/2010\/06\/tamandua.jpg\" alt=\"\" width=\"355\" height=\"250\" srcset=\"https:\/\/www.ultimobaile.com\/wp-content\/uploads\/2010\/06\/tamandua.jpg 355w, https:\/\/www.ultimobaile.com\/wp-content\/uploads\/2010\/06\/tamandua-300x211.jpg 300w\" sizes=\"auto, (max-width: 355px) 100vw, 355px\" \/><\/a><p id=\"caption-attachment-2441\" class=\"wp-caption-text\">O bicho parece protestar: &quot;Geddel, n\u00e3\u00e3\u00e3\u00e3o...!&quot;<\/p><\/div>\n<p style=\"text-align: justify;\">\n<p style=\"text-align: justify;\">Not\u00edcia do <a href=\"http:\/\/www.atarde.com.br\/cidades\/noticia.jsf?id=2483728\" target=\"_blank\">Jornal J\u00e1 Vai Tarde<\/a> semana passada:<\/p>\n<blockquote style=\"text-align: justify;\"><p>Os\u00a0<a href=\"http:\/\/www.atarde.com.br\/cidades\/noticia.jsf?id=2483728#\">moradores<\/a> da\u00a0<a href=\"http:\/\/www.atarde.com.br\/cidades\/noticia.jsf?id=2483728#\">casa<\/a> n\u00ba 68 do\u00a0<a href=\"http:\/\/www.atarde.com.br\/cidades\/noticia.jsf?id=2483728#\">condom\u00ednio<\/a>Colina C de Patamares acordaram, nesta segunda-feira, 17, com a visita inesperada de um tamandu\u00e1-mirim. Animal raro e considerado end\u00eamico dos remanescentes de mata atl\u00e2ntica da Avenida Paralela, o bicho, segundo a m\u00e9dica veterin\u00e1ria Carline Dias \u00e9 uma prova da rica biodiversidade da regi\u00e3o. \u201cEssa esp\u00e9cie est\u00e1 com o seu habitat cada dia mais reduzido\u201d, afirmou ela, que mora na casa onde o tamandu\u00e1 escolheu para se abrigar.<\/p>\n<p>A casa de Caroline fica no condom\u00ednio Colina C de Patamares, que tem no fundo as matas do Parque do Vale Encantado, que, segundo ela, est\u00e1 amea\u00e7ado de desaparecer com a constru\u00e7\u00e3o de uma nova avenida projetada para passar no local.<\/p>\n<p>Fiscais do Instituto Brasileiro do Meio Ambiente e dos Recursos Naturais Renov\u00e1veis (Ibama), mesmo em greve, foram, nesta segunda, verificar a den\u00fancia sobre obras embargadas na Lagoa Encantada, na Avenida Luiz Viana Filho (Paralela).<\/p>\n<p>Conforme o denunciante, a\u00a0<a href=\"http:\/\/www.atarde.com.br\/cidades\/noticia.jsf?id=2483728#\">construtora<\/a> Realeza teria aproveitado a greve do \u00f3rg\u00e3o para dar continuidade a uma obra embargada em julho do ano passado. Durante a fiscaliza\u00e7\u00e3o, contudo, nada foi comprovado.<\/p>\n<p style=\"text-align: justify;\">De acordo com o coordenador do Ibama, Denilson Barbosa, os locais que tiveram as obras paradas continuam da mesma forma que estavam quando sofreram o embargo. No entorno dessas \u00e1reas, por\u00e9m, est\u00e1 em andamento uma obra do condom\u00ednio Colinas de Jaguaribe Sul, que \u00e9 licenciada pelo Instituto do Meio Ambiente (IMA), segundo Barbosa.<\/p>\n<\/blockquote>\n<p style=\"text-align: justify;\"><strong>Coment\u00e1rio: <\/strong>N\u00e3o \u00e9 a primeira vez que nos referimos <a href=\"https:\/\/www.ultimobaile.com\/?p=2217\" target=\"_blank\">a des-prefeitura de Jo\u00e3o Henrique Carneiro com termos zoot\u00e9cnicos<\/a>. Eis a\u00ed mais uma heran\u00e7a de Geddel, a quem Renato Russo chamava de Su\u00edno.<\/p>\n<p style=\"text-align: justify;\">Que n\u00f3s detestamos o Legi\u00e3o Urbana, \u00e9 p\u00fablico e not\u00f3rio. Mas Renato Russo tinha faro para mau-caratismo. E perto de Geddel, at\u00e9 ACM parece um pol\u00edtico digno.<\/p>\n<p style=\"text-align: justify;\">De mais a mais, n\u00e3o venham culpar a InfoVia da Paralela, projeto do Governo do Estado, por os tamandu\u00e1s estarem se refugiando em garagens por falta de mata atl\u00e2ntica. Embora haja esta parcela de culpa, isso tem mais a ver com os LeParcs eAlphavilles &#8211; isto \u00e9: com o Plano Diretor Urbano de Salvador, aprovado nas trevas em 2008 e que \u00e9, para ser gentil, criminoso. Ali\u00e1s, em tempo: tem gente que comprou apartamento no LeParc pra vender quando fosse entregar, querendo tirar lucro especulativo disso; hoje, cata um comprador e n\u00e3o acha. Sinal de que imbecilidade tem limite. Salvo para certos sujeitos nascidos e criados em Feira de Santana&#8230;<\/p>\n<p style=\"text-align: justify;\"><strong>Nota:<\/strong> o Partido Verde devia aproveitar essa foto do tamandu\u00e1 assustado, com minha legenda sugerida, e fazer pe\u00e7as de campanha. <a href=\"http:\/\/twitter.com\/delaorden\" target=\"_blank\">Como dizem<\/a>, estamos em contagem regressiva para ver o dia em que Luiz Bassuma passa Geddel nas pesquisas eleitorais. \u00c9 a corrida do recebedor de egun-gun contra o Agatunado. O leitor, meu amigo, metaleiro-xibieteiro e eterno mau-humorado Gustavo Palmeira (que ideologicamente ocila do anarco-terrorismo ao keynesianismo da direita de Churchill), numa homenagem aos programa televisivo geddelista <em>Na Mira<\/em>, sugere a foto a seguir, por ele alterada:<a href=\"https:\/\/www.ultimobaile.com\/wp-content\/uploads\/2010\/06\/tamandua2.jpg\"><img loading=\"lazy\" decoding=\"async\" class=\"alignright size-full wp-image-2445\" title=\"tamandua2\" src=\"https:\/\/www.ultimobaile.com\/wp-content\/uploads\/2010\/06\/tamandua2.jpg\" alt=\"\" width=\"355\" height=\"250\" srcset=\"https:\/\/www.ultimobaile.com\/wp-content\/uploads\/2010\/06\/tamandua2.jpg 355w, https:\/\/www.ultimobaile.com\/wp-content\/uploads\/2010\/06\/tamandua2-300x211.jpg 300w\" sizes=\"auto, (max-width: 355px) 100vw, 355px\" \/><\/a><\/p>\n<p style=\"text-align: justify;\">\n","protected":false},"excerpt":{"rendered":"<p>Not\u00edcia do Jornal J\u00e1 Vai Tarde semana passada: Os\u00a0moradores da\u00a0casa n\u00ba 68 do\u00a0condom\u00ednioColina C de Patamares acordaram, nesta segunda-feira, 17, com a visita inesperada de um tamandu\u00e1-mirim. Animal raro e considerado end\u00eamico dos remanescentes de mata atl\u00e2ntica da Avenida Paralela, o bicho, segundo a m\u00e9dica veterin\u00e1ria Carline Dias \u00e9 uma [&hellip;]<\/p>\n","protected":false},"author":2,"featured_media":0,"comment_status":"closed","ping_status":"open","sticky":false,"template":"","format":"standard","meta":{"footnotes":""},"categories":[919,13,9],"tags":[20,285,149,240,1419,1418,1417,122,1420,15],"class_list":["post-2440","post","type-post","status-publish","format-standard","hentry","category-01flanar","category-01ler","category-01viver","tag-bahia","tag-brasil","tag-geddel-vieira-lima","tag-joao-henrique-carneiro","tag-partido-verde","tag-pddu","tag-plano-diretor-urbano","tag-pmdb","tag-pv","tag-salvador"],"_links":{"self":[{"href":"https:\/\/www.ultimobaile.com\/index.php?rest_route=\/wp\/v2\/posts\/2440","targetHints":{"allow":["GET"]}}],"collection":[{"href":"https:\/\/www.ultimobaile.com\/index.php?rest_route=\/wp\/v2\/posts"}],"about":[{"href":"https:\/\/www.ultimobaile.com\/index.php?rest_route=\/wp\/v2\/types\/post"}],"author":[{"embeddable":true,"href":"https:\/\/www.ultimobaile.com\/index.php?rest_route=\/wp\/v2\/users\/2"}],"replies":[{"embeddable":true,"href":"https:\/\/www.ultimobaile.com\/index.php?rest_route=%2Fwp%2Fv2%2Fcomments&post=2440"}],"version-history":[{"count":5,"href":"https:\/\/www.ultimobaile.com\/index.php?rest_route=\/wp\/v2\/posts\/2440\/revisions"}],"predecessor-version":[{"id":4267,"href":"https:\/\/www.ultimobaile.com\/index.php?rest_route=\/wp\/v2\/posts\/2440\/revisions\/4267"}],"wp:attachment":[{"href":"https:\/\/www.ultimobaile.com\/index.php?rest_route=%2Fwp%2Fv2%2Fmedia&parent=2440"}],"wp:term":[{"taxonomy":"category","embeddable":true,"href":"https:\/\/www.ultimobaile.com\/index.php?rest_route=%2Fwp%2Fv2%2Fcategories&post=2440"},{"taxonomy":"post_tag","embeddable":true,"href":"https:\/\/www.ultimobaile.com\/index.php?rest_route=%2Fwp%2Fv2%2Ftags&post=2440"}],"curies":[{"name":"wp","href":"https:\/\/api.w.org\/{rel}","templated":true}]}}