{"id":237,"date":"2008-09-24T15:19:27","date_gmt":"2008-09-24T18:19:27","guid":{"rendered":"http:\/\/www.ultimobaile.com\/?p=237"},"modified":"2025-12-24T13:03:56","modified_gmt":"2025-12-24T16:03:56","slug":"moments-of-sheer-collective-and-private-narcisism","status":"publish","type":"post","link":"https:\/\/www.ultimobaile.com\/?p=237","title":{"rendered":"Moments of sheer (collective and private) Narcisism&#8230;!"},"content":{"rendered":"<p style=\"text-align: justify;\">Eu ia postar aqui hoje um coment\u00e1rio sobre a promissora e decepcionante campanha de Antonio Imbassahy para a prefeitura, este ano. Mas vou ficar devendo. Tive hoje duas serend\u00edpides de egolatria, uma pessoal outra coletiva.<\/p>\n<p style=\"text-align: justify;\">A primeira \u00e9 auto-tietagem de blogueiro novo: esteve aqui no \u00daltimo Baile ningu\u00e9m menos que Letieres Leite, o criador da Orkquestra Rumpillezz! Diz, em coment\u00e1rio postado no post <a href=\"https:\/\/www.ultimobaile.com\/?p=216\" target=\"_blank\">PercPan 2008<\/a>, que gostou de minha defini\u00e7\u00e3o de &#8220;big-band jazz-nag\u00f4&#8221; para a Orkestra. E aproveito pra avisar que a Rumpillezz tem site j\u00e1: <a href=\"http:\/\/www.rumpilezz.com\/\" target=\"_blank\">http:\/\/www.rumpilezz.com\/<\/a>.<\/p>\n<p style=\"text-align: justify;\">A outra, coletiva. Perguntei a uma amiga quando \u00e9 que vai ser um prometido, embora na surdina, evento da Secult de M\u00e1rcio Meirelles (digo isso no mesmo tom que Paulo Henrique Amorim dizia &#8220;Pol\u00edcia Republicana Federal de Dr. Paulo Lacerda&#8221;) cujo nome \u00e9 algo como Arte na Cidade. Ser\u00e3o 10 dias de ocupa\u00e7\u00e3o geral de diversos espa\u00e7os p\u00fablicos de Salvador com artes pl\u00e1sticas do mundo inteiro, na \u00faltima semana de Outubro.<\/p>\n<p style=\"text-align: justify;\">De si, esse evento j\u00e1 me causaria arrepios de inacredit\u00e1vel cosmopolitismo para uma cidade que, h\u00e1 ano e meio atr\u00e1s, eu mesmo chamava de &#8220;Capital Mundial da Mediocridade&#8221;. Certo, certo, no auge da mediocridade, ainda assim Salvador criou e sediou 7 edi\u00e7\u00f5es do <a href=\"http:\/\/www.viamagia.org\/mercado\/\" target=\"_blank\">Mercado Cultural Mundial<\/a>. Mas esta n\u00e3o era a regra.<\/p>\n<p style=\"text-align: justify;\">A coisa \u00e9 que o Arte na Cidade vai, n\u00e3o t\u00e3o coincidentemente assim, coincidir em data com o <a href=\"http:\/\/www.fiacbahia.com.br\/\" target=\"_blank\">I Festival Internacional de Artes C\u00eanicas da Bahia (FIAC)<\/a>. N\u00e3o bastasse isso, nos mesmos 10 dias ocorrer\u00e1 a quinta edi\u00e7\u00e3o do <a href=\"http:\/\/www.saladearte.art.br\" target=\"_blank\">Festival Sala de Arte de Cinema<\/a>.<\/p>\n<p style=\"text-align: justify;\">Ou seja, por mais de uma semana, e longe do carnaval e do axezismo, Salvador ser\u00e1 a capital do mundo, em cultura.<\/p>\n<p style=\"text-align: justify;\">Recife, com todo respeito que tenho a ti como Capital Intelectual da Na\u00e7\u00e3o por tr\u00eas s\u00e9culos, cabralino e freyreano que sou, pergunto-te: quem \u00e9 que \u00e9 mesmo a capital cultural brasileira&#8230;?!<\/p>\n","protected":false},"excerpt":{"rendered":"<p>Eu ia postar aqui hoje um coment\u00e1rio sobre a promissora e decepcionante campanha de Antonio Imbassahy para a prefeitura, este ano. Mas vou ficar devendo. Tive hoje duas serend\u00edpides de egolatria, uma pessoal outra coletiva. A primeira \u00e9 auto-tietagem de blogueiro novo: esteve aqui no \u00daltimo Baile ningu\u00e9m menos que [&hellip;]<\/p>\n","protected":false},"author":2,"featured_media":0,"comment_status":"closed","ping_status":"open","sticky":false,"template":"","format":"standard","meta":{"footnotes":""},"categories":[11,12],"tags":[109,107,106,105,15,108],"class_list":["post-237","post","type-post","status-publish","format-standard","hentry","category-01beber","category-01ver","tag-artes-cenicas","tag-big-band","tag-jazz","tag-orkestra-rumpillezz","tag-salvador","tag-secretaria-de-cultura"],"_links":{"self":[{"href":"https:\/\/www.ultimobaile.com\/index.php?rest_route=\/wp\/v2\/posts\/237","targetHints":{"allow":["GET"]}}],"collection":[{"href":"https:\/\/www.ultimobaile.com\/index.php?rest_route=\/wp\/v2\/posts"}],"about":[{"href":"https:\/\/www.ultimobaile.com\/index.php?rest_route=\/wp\/v2\/types\/post"}],"author":[{"embeddable":true,"href":"https:\/\/www.ultimobaile.com\/index.php?rest_route=\/wp\/v2\/users\/2"}],"replies":[{"embeddable":true,"href":"https:\/\/www.ultimobaile.com\/index.php?rest_route=%2Fwp%2Fv2%2Fcomments&post=237"}],"version-history":[{"count":7,"href":"https:\/\/www.ultimobaile.com\/index.php?rest_route=\/wp\/v2\/posts\/237\/revisions"}],"predecessor-version":[{"id":4501,"href":"https:\/\/www.ultimobaile.com\/index.php?rest_route=\/wp\/v2\/posts\/237\/revisions\/4501"}],"wp:attachment":[{"href":"https:\/\/www.ultimobaile.com\/index.php?rest_route=%2Fwp%2Fv2%2Fmedia&parent=237"}],"wp:term":[{"taxonomy":"category","embeddable":true,"href":"https:\/\/www.ultimobaile.com\/index.php?rest_route=%2Fwp%2Fv2%2Fcategories&post=237"},{"taxonomy":"post_tag","embeddable":true,"href":"https:\/\/www.ultimobaile.com\/index.php?rest_route=%2Fwp%2Fv2%2Ftags&post=237"}],"curies":[{"name":"wp","href":"https:\/\/api.w.org\/{rel}","templated":true}]}}