{"id":2356,"date":"2010-05-04T11:08:22","date_gmt":"2010-05-04T14:08:22","guid":{"rendered":"http:\/\/www.ultimobaile.com\/?p=2356"},"modified":"2025-12-24T13:02:57","modified_gmt":"2025-12-24T16:02:57","slug":"o-ano-sabatico-de-cachoeira","status":"publish","type":"post","link":"https:\/\/www.ultimobaile.com\/?p=2356","title":{"rendered":"O Ano Sab\u00e1tico de Cachoeira"},"content":{"rendered":"<p style=\"text-align: justify;\">\n<p style=\"text-align: justify;\"><a href=\"https:\/\/www.ultimobaile.com\/wp-content\/uploads\/2010\/05\/cachoeira-bahia-1.jpg\"><img loading=\"lazy\" decoding=\"async\" class=\"aligncenter size-full wp-image-2358\" title=\"cachoeira-bahia-1\" src=\"https:\/\/www.ultimobaile.com\/wp-content\/uploads\/2010\/05\/cachoeira-bahia-1.jpg\" alt=\"\" width=\"600\" height=\"400\" srcset=\"https:\/\/www.ultimobaile.com\/wp-content\/uploads\/2010\/05\/cachoeira-bahia-1.jpg 600w, https:\/\/www.ultimobaile.com\/wp-content\/uploads\/2010\/05\/cachoeira-bahia-1-300x200.jpg 300w\" sizes=\"auto, (max-width: 600px) 100vw, 600px\" \/><\/a><\/p>\n<p style=\"text-align: justify;\">Se <a href=\"https:\/\/www.ultimobaile.com\/?p=5\" target=\"_blank\">Cachoeira \u00e9 a Capital do Rec\u00f4ncavo<\/a>, e 5 dias por ano \u00e9 a Capital do Estado por m\u00e9rito (e, segundo esta budega, deveria ser do Brasil pois foi l\u00e1 que se iniciou, organizou, e em boa medida se concluiu a Guerra de Independ\u00eancia do Pa\u00eds. Em tempo: o \u00fanico governante nacional a reconhecer isso foi o Imperador Dom Pedro II, que lhe chamou <em>Cidade Her\u00f3ica e Mui Leal<\/em>), este ano ela vira um pouco capital do mundo.<\/p>\n<p style=\"text-align: justify;\">Ano passado a sede do campus de Artes da Universidade Federal do Rec\u00f4ncavo foi finalmente entregue: o Quarteir\u00e3o Leite Alves, ex-sede de uma f\u00e1brica t\u00eaxtil &#8211; conjunto que inclui desde pr\u00e9dio art-dec\u00f4 at\u00e9 platibandas rococ\u00f3 e do alto neocl\u00e1ssico. Contudo, s\u00f3 neste ano de 2010 come\u00e7ou a funcionar de fato. Al\u00e9m disso, <a href=\"http:\/\/www.ufrb.edu.br\/linkreconcavo\/2010\/03\/04\/hansen-bahia-ganha-predio-novo-em-cachoeira\/\" target=\"_blank\">o Museu Hansen Bahia foi reaberto, restaurado e com pr\u00e9via de exposi\u00e7\u00e3o da cole\u00e7\u00e3o permanente<\/a> no Instituto Cultural Brasil Alemanha, em Salvador.<\/p>\n<p style=\"text-align: justify;\">Com isso, Cachoeira, habituada a sediar a maior festa yorub\u00e1-nag\u00f4 do planeta (a Boa Morte, em agosto), sedia at\u00e9 semana que vem o <a href=\"http:\/\/salaodoreconcavo.descentro.org\/\" target=\"_blank\">Sal\u00e3o de Artes Visuais do Rec\u00f4ncavo<\/a>. Assim que este se encerra, come\u00e7a o terceiro (e exponencialmente maior) <a href=\"http:\/\/bahiaafrofilmfestival.com.br\/\" target=\"_blank\">BAFF &#8211; Bahia Afro Film Festival<\/a>. O primeiro BAFF come\u00e7ou t\u00edmido no j\u00e1 lend\u00e1rio ano de 2008 (tempo em que, na Reforma Cultural Bahiana, se plantando tudo dava) no Pel\u00f4 (Museu Eug\u00eanio Teixeira Leal); o segundo foi em Floren\u00e7a, na It\u00e1lia. O terceiro, este ano, nas (em breve, tombadas) margens do Paragua\u00e7\u00fa.<\/p>\n<p style=\"text-align: justify;\">E n\u00e3o para por a\u00ed. Al\u00e9m das tradicionais Boa Morte e Embalo D`Ajuda (um verdadeiro baile de m\u00e1scaras belle-ep\u00f3que a c\u00e9u aberto, no raiar da aurora), em novembro tem a <a href=\"http:\/\/www.centroculturaldannemann.com.br\/index_bienal.htm\" target=\"_blank\">Bienal do Rec\u00f4ncavo<\/a>, logo em frente em S\u00e3o F\u00e9lix, no bel\u00edssimo Centro Cultural Dannemann. A Bienal costuma ser excelente, imensa, ostensiva. <a href=\"https:\/\/www.ultimobaile.com\/?p=633\" target=\"_blank\">Ano passado<\/a> tinha atividades de teatro e dan\u00e7a diferentes a cada fim de semana, e a exposi\u00e7\u00e3o de artes pl\u00e1stica trazia gente como Marepe e Maria Bonomi.<\/p>\n","protected":false},"excerpt":{"rendered":"<p>Se Cachoeira \u00e9 a Capital do Rec\u00f4ncavo, e 5 dias por ano \u00e9 a Capital do Estado por m\u00e9rito (e, segundo esta budega, deveria ser do Brasil pois foi l\u00e1 que se iniciou, organizou, e em boa medida se concluiu a Guerra de Independ\u00eancia do Pa\u00eds. Em tempo: o \u00fanico [&hellip;]<\/p>\n","protected":false},"author":2,"featured_media":0,"comment_status":"closed","ping_status":"open","sticky":false,"template":"","format":"standard","meta":{"footnotes":""},"categories":[938,11,10,919,12,9],"tags":[1125,1390,1391,20,486,4,26,1120,58,428,31,14,1392,32,1393],"class_list":["post-2356","post","type-post","status-publish","format-standard","hentry","category-bailes","category-01beber","category-01comer","category-01flanar","category-01ver","category-01viver","tag-africa","tag-audiovisual","tag-baff","tag-bahia","tag-bienal","tag-cachoeira","tag-cinema","tag-diaspora-negra","tag-festival","tag-filme","tag-paraguacu","tag-reconcavo","tag-salao","tag-sao-felix","tag-urfb"],"_links":{"self":[{"href":"https:\/\/www.ultimobaile.com\/index.php?rest_route=\/wp\/v2\/posts\/2356","targetHints":{"allow":["GET"]}}],"collection":[{"href":"https:\/\/www.ultimobaile.com\/index.php?rest_route=\/wp\/v2\/posts"}],"about":[{"href":"https:\/\/www.ultimobaile.com\/index.php?rest_route=\/wp\/v2\/types\/post"}],"author":[{"embeddable":true,"href":"https:\/\/www.ultimobaile.com\/index.php?rest_route=\/wp\/v2\/users\/2"}],"replies":[{"embeddable":true,"href":"https:\/\/www.ultimobaile.com\/index.php?rest_route=%2Fwp%2Fv2%2Fcomments&post=2356"}],"version-history":[{"count":4,"href":"https:\/\/www.ultimobaile.com\/index.php?rest_route=\/wp\/v2\/posts\/2356\/revisions"}],"predecessor-version":[{"id":2360,"href":"https:\/\/www.ultimobaile.com\/index.php?rest_route=\/wp\/v2\/posts\/2356\/revisions\/2360"}],"wp:attachment":[{"href":"https:\/\/www.ultimobaile.com\/index.php?rest_route=%2Fwp%2Fv2%2Fmedia&parent=2356"}],"wp:term":[{"taxonomy":"category","embeddable":true,"href":"https:\/\/www.ultimobaile.com\/index.php?rest_route=%2Fwp%2Fv2%2Fcategories&post=2356"},{"taxonomy":"post_tag","embeddable":true,"href":"https:\/\/www.ultimobaile.com\/index.php?rest_route=%2Fwp%2Fv2%2Ftags&post=2356"}],"curies":[{"name":"wp","href":"https:\/\/api.w.org\/{rel}","templated":true}]}}