{"id":2350,"date":"2010-05-01T20:53:27","date_gmt":"2010-05-01T23:53:27","guid":{"rendered":"http:\/\/www.ultimobaile.com\/?p=2350"},"modified":"2025-12-24T13:02:57","modified_gmt":"2025-12-24T16:02:57","slug":"3-x-kalu-4-x-osba","status":"publish","type":"post","link":"https:\/\/www.ultimobaile.com\/?p=2350","title":{"rendered":"3 X Kalu \/ 4 X OSBA"},"content":{"rendered":"<p style=\"text-align: justify;\"><a href=\"https:\/\/www.ultimobaile.com\/wp-content\/uploads\/2010\/05\/OSBA.jpg\"><img loading=\"lazy\" decoding=\"async\" class=\"aligncenter size-full wp-image-2352\" title=\"OSBA\" src=\"https:\/\/www.ultimobaile.com\/wp-content\/uploads\/2010\/05\/OSBA.jpg\" alt=\"\" width=\"667\" height=\"276\" srcset=\"https:\/\/www.ultimobaile.com\/wp-content\/uploads\/2010\/05\/OSBA.jpg 667w, https:\/\/www.ultimobaile.com\/wp-content\/uploads\/2010\/05\/OSBA-300x124.jpg 300w\" sizes=\"auto, (max-width: 667px) 100vw, 667px\" \/><\/a><\/p>\n<p style=\"text-align: justify;\">H\u00e1 quem venha reclamando que eu tenho colocado pouca agenda cultural, aqui e alhures, ent\u00e3o hoje vai um apanhad\u00e3o.<\/p>\n<p style=\"text-align: justify;\">Pra come\u00e7o de conversa, quem n\u00e3o foi ao Teatro Castro Alves na \u00faltima quinta-feira 20h, perdeu um dos melhores momentos da m\u00fasica erudita mundial no ano de 2010: <strong>Beno\u00eet Willmann<\/strong> regendo a OSBA no que ela toca melhor: pr\u00e9-romantismo e romantismo tardio (no caso foi Schubert, Schumann e Saint-Sa\u00ebns) com <strong>Emmanuele Baldini<\/strong> solando no violino. Trata-se talvez do maior regente do mundo na gera\u00e7\u00e3o p\u00f3s-Abbado. Willmann n\u00e3o apenas conduzia uma OSBA notadamente satisfeita e empolgada com sua pr\u00f3pria execu\u00e7\u00e3o: ele navegava sobre ela; e ao mesmo tempo dialogava com 2 ou 3 naipes distintos com distintas indica\u00e7\u00f5es de din\u00e2mica com intimidade e leveza. Mesmo que o som fosse ruim (e era, na verdade, paradis\u00edaco), a visualidade do ato j\u00e1 seria em si uma obra de arte excelsa.<\/p>\n<p style=\"text-align: justify;\">Baldini \u00e9 habitu\u00e9 da Bahia, xod\u00f3 do Neojib\u00e1 &#8211; e um dos maiores virtuoses que o mundo j\u00e1 conheceu. Do naipe de um Paganini &#8211; de quem ali\u00e1s tocou um improviso como bis ainda no primeiro ato, antes do intervalo (bis esse a que o Maestro voltou ao palco e sentou para assistir). Ao fim, ova\u00e7\u00e3o, e gritos involunt\u00e1rios de &#8220;Bravo!&#8221; e &#8220;Brav\u00edssimo&#8221;.<\/p>\n<p style=\"text-align: justify;\">Um concerto que custou exorbitantes R$10,00 a entrada, R$5,00 a meia. Um horror! Salvador n\u00e3o tem nada pra fazer, \u00e9 elitista, e a Cultura Bahiana t\u00e1 na UTI.<\/p>\n<p style=\"text-align: justify;\">Pra quem perdeu, sem choro (n\u00e3o tanto, ao menos). <strong>Ter\u00e7a-feira pr\u00f3xima, dia 4 de maio<\/strong>, tem a <strong>s\u00e9rie de c\u00e2mara da OSBA<\/strong>, que n\u00e3o mais ser\u00e1 na Sala do Coro, e sim na Principal do TCA. Ser\u00e1 <strong>com Baldini e com Willmann, agora n\u00e3o regendo e sim solando na clarineta<\/strong>. De novo um ingresso insuportavelmente caro: R$10,00. Quem esse tal de Ricardo Castro pensa que \u00e9?!<\/p>\n<p style=\"text-align: justify;\">Lembrando que <strong>dia 12 tem o Concerto Acad\u00eamico<\/strong>, juntando Neojib\u00e1 e OSBA e recebendo mais dois convidados gringos, desta vez da Venezuela. <strong>Dia 19 tem Mozart nas Igrejas no S\u00e3o Francisco<\/strong>, com direito a S\u00eao Ricardo em sua melhor forma: solando no piano, e de gra\u00e7a! <strong>E dia 27 \u00e9 Alex Klein<\/strong>, outro disc\u00edpulo de Cl\u00e1udio Abbado, <strong>nas Quintas Sinf\u00f4nicas da OSBA tamb\u00e9m no TCA<\/strong>, e com Domenico Nordio solando no violino.<\/p>\n<p style=\"text-align: justify;\">Encham o peito: Salvador tem a melhor programa\u00e7\u00e3o sinf\u00f4nica do pa\u00eds. E quem reclamar mande voltar pra Feira de Santana e ouvir Arrocha.<\/p>\n<p style=\"text-align: center;\"><strong>* * *<\/strong><\/p>\n<p style=\"text-align: justify;\">Pode n\u00e3o ter nada a ver samba com m\u00fasica erudita, mas foi ontem que conversando com <strong>Thiago Kalu<\/strong> (de <a href=\"https:\/\/www.ultimobaile.com\/?p=2045\" target=\"_blank\">O Clube da Malandragem<\/a>) que descobri que ele tem forma\u00e7\u00e3o em viol\u00e3o cl\u00e1ssico, l\u00ea e comp\u00f5e em partituras. O que explica sua incr\u00edvel capacidade de execu\u00e7\u00e3o (seu dom\u00ednio de palco vem de tocar na noite desde a adolesc\u00eancia) e suas cria\u00e7\u00f5es harmonicamente complexas e estudadas em pequenas p\u00e9rolas como <em><a href=\"http:\/\/www.youtube.com\/watch?v=07LT1qFE30A&amp;\" target=\"_blank\">Blasf\u00eamia<\/a><\/em>.<\/p>\n<p style=\"text-align: justify;\">Estive no novo espa\u00e7o do<strong> Boteco Ali do Lado<\/strong>, que est\u00e1 menos mambembe e saiu da Avenida Conselheiro Pedro Lu\u00eds e foi pra \u00e1rea-nobre do Red River, na Rua da Paci\u00eancia, onde era os antigos Balc\u00e3o e Bebedouro. A solu\u00e7\u00e3o arquitet\u00f4nica do lugar sempre foi boa, e l\u00e1 por exemplo a Formid\u00e1vel Fam\u00edlia Musical deu algumas de suas melhores performances, com o palco por sobre o bar dando \u00f3tima vis\u00e3o e ac\u00fastica. <strong>Toda sexta-feira, a partir das 23h, Kalu faz um samb\u00e3o partido-alto l\u00e1<\/strong>. Tem o defeito de tocar poucas coisas dele ainda (s\u00f3 rolou uma aquecidinha com a lindamente leniniana Cantora de Chuveiro, e no fim um &#8220;levanta\u00ea pra sambar&#8221; com todo mundo j\u00e1 cansado ao tocar o cl\u00e1ssico off-radio Bom-Vivant), mas segundo o pr\u00f3prio vai ter cada vez mais. R$10,00 a entrada, e um program\u00e3o!<\/p>\n<p style=\"text-align: justify;\"><strong>\u00c0s quartas-feiras, 22h<\/strong>, num lugar meio mequetrefe (mas de bom gosto musical) que \u00e9 o Mumbaba (em frente a Igreja de Santana, ao lado do P\u00f3s-Tudo),<strong> Kalu faz performance solo. Nada de &#8220;voz e viol\u00e3o de butequinho&#8221; <\/strong>&#8211; ao contr\u00e1rio, promete repert\u00f3rio amplamente autoral. No mesmo lugar e hor\u00e1rio, mas no amplo espa\u00e7o do segundo andar (com bem menos cara de p\u00e9-sujo) tem outro projeto dele, o <strong>Forr\u00f3 do Di\u00falson<\/strong> &#8211; tamb\u00e9m tentando fugir aos cl\u00e1ssicos tradicionais e com composi\u00e7\u00f5es de autoria pr\u00f3pria &#8211; <strong>todo s\u00e1bado at\u00e9 o S\u00e3o Jo\u00e3o<\/strong>.<\/p>\n<p style=\"text-align: justify;\">De quebra, conheci uma outra sambista da nova gera\u00e7\u00e3o ontem &#8211; n\u00e3o me recordo o nome, mas canjeou e toca sempre no Tarrafa. Digo sambista, e n\u00e3o cantora, porque a voz n\u00e3o \u00e9 das melhores, mas a menina comp\u00f5e e bem, e tem m\u00fasica em parceria com Guilherme Steve (tamb\u00e9m do Clube da Malandragem) concorrendo no festival educadora. Vou tentar achar pela rede pra ver se ponho aqui um Som das Sextas.<\/p>\n<p style=\"text-align: justify;\">\n","protected":false},"excerpt":{"rendered":"<p>H\u00e1 quem venha reclamando que eu tenho colocado pouca agenda cultural, aqui e alhures, ent\u00e3o hoje vai um apanhad\u00e3o. Pra come\u00e7o de conversa, quem n\u00e3o foi ao Teatro Castro Alves na \u00faltima quinta-feira 20h, perdeu um dos melhores momentos da m\u00fasica erudita mundial no ano de 2010: Beno\u00eet Willmann regendo [&hellip;]<\/p>\n","protected":false},"author":2,"featured_media":0,"comment_status":"closed","ping_status":"open","sticky":false,"template":"","format":"standard","meta":{"footnotes":""},"categories":[938,919,933,12,9],"tags":[1389,20,1387,1388,235,1386,627,929,160,618,877,161,162,1384,365,15,47,220,1385,171,200,935],"class_list":["post-2350","post","type-post","status-publish","format-standard","hentry","category-bailes","category-01flanar","category-o-retorno-da-cancao","category-01ver","category-01viver","tag-alex-klein","tag-bahia","tag-benoit-willmann","tag-claudio-abbado","tag-clube-da-malandragem","tag-emmanuele-baldini","tag-igreja-de-sao-francisco","tag-mozart-nas-igrejas","tag-musica-erudita","tag-neojiba","tag-nucleo-estadual-de-orquestras-juvenis-e-infantis-da-bahia","tag-orquestra-sinfonica-da-bahia","tag-osba","tag-partido-alto","tag-ricardo-castro","tag-salvador","tag-samba","tag-samba-rock","tag-sambao","tag-tca","tag-teatro-castro-alves","tag-thiago-kalu"],"_links":{"self":[{"href":"https:\/\/www.ultimobaile.com\/index.php?rest_route=\/wp\/v2\/posts\/2350","targetHints":{"allow":["GET"]}}],"collection":[{"href":"https:\/\/www.ultimobaile.com\/index.php?rest_route=\/wp\/v2\/posts"}],"about":[{"href":"https:\/\/www.ultimobaile.com\/index.php?rest_route=\/wp\/v2\/types\/post"}],"author":[{"embeddable":true,"href":"https:\/\/www.ultimobaile.com\/index.php?rest_route=\/wp\/v2\/users\/2"}],"replies":[{"embeddable":true,"href":"https:\/\/www.ultimobaile.com\/index.php?rest_route=%2Fwp%2Fv2%2Fcomments&post=2350"}],"version-history":[{"count":4,"href":"https:\/\/www.ultimobaile.com\/index.php?rest_route=\/wp\/v2\/posts\/2350\/revisions"}],"predecessor-version":[{"id":4274,"href":"https:\/\/www.ultimobaile.com\/index.php?rest_route=\/wp\/v2\/posts\/2350\/revisions\/4274"}],"wp:attachment":[{"href":"https:\/\/www.ultimobaile.com\/index.php?rest_route=%2Fwp%2Fv2%2Fmedia&parent=2350"}],"wp:term":[{"taxonomy":"category","embeddable":true,"href":"https:\/\/www.ultimobaile.com\/index.php?rest_route=%2Fwp%2Fv2%2Fcategories&post=2350"},{"taxonomy":"post_tag","embeddable":true,"href":"https:\/\/www.ultimobaile.com\/index.php?rest_route=%2Fwp%2Fv2%2Ftags&post=2350"}],"curies":[{"name":"wp","href":"https:\/\/api.w.org\/{rel}","templated":true}]}}