{"id":2338,"date":"2010-04-27T23:24:15","date_gmt":"2010-04-28T02:24:15","guid":{"rendered":"http:\/\/www.ultimobaile.com\/?p=2338"},"modified":"2025-12-24T13:02:57","modified_gmt":"2025-12-24T16:02:57","slug":"perigo-prefeitura-na-contra-mao","status":"publish","type":"post","link":"https:\/\/www.ultimobaile.com\/?p=2338","title":{"rendered":"Perigo: Prefeitura na Contra-M\u00e3o!"},"content":{"rendered":"<p style=\"text-align: justify;\">\n<div id=\"attachment_2153\" style=\"width: 410px\" class=\"wp-caption aligncenter\"><a href=\"https:\/\/www.ultimobaile.com\/wp-content\/uploads\/2010\/01\/joao_henrique.jpg\"><img loading=\"lazy\" decoding=\"async\" aria-describedby=\"caption-attachment-2153\" class=\"size-full wp-image-2153\" title=\"joao_henrique\" src=\"https:\/\/www.ultimobaile.com\/wp-content\/uploads\/2010\/01\/joao_henrique.jpg\" alt=\"\" width=\"400\" height=\"515\" srcset=\"https:\/\/www.ultimobaile.com\/wp-content\/uploads\/2010\/01\/joao_henrique.jpg 400w, https:\/\/www.ultimobaile.com\/wp-content\/uploads\/2010\/01\/joao_henrique-233x300.jpg 233w\" sizes=\"auto, (max-width: 400px) 100vw, 400px\" \/><\/a><p id=\"caption-attachment-2153\" class=\"wp-caption-text\">Ele gosta de andar na marcha-a-r\u00e9 (no bom sentido...)<\/p><\/div>\n<p style=\"text-align: justify;\">Hoje fa\u00e7o um pout-pourris de desastres semanais do homem que engrandece a fun\u00e7\u00e3o intelectual de Feira de Santana para o Estado da Bahia: Jo\u00e3o Henrique de Barradas Carneiro, prefeito de direito de Salvador (o de fato \u00e9 Geddel Vieira Lima, como mostram ostensivamente as propagandas instituciuonais das &#8220;obras que n\u00e3o acabam mais&#8221; realizadas pela gest\u00e3o municipal da Reconvexa).<\/p>\n<p style=\"text-align: justify;\">Fa\u00e7o isso porque uma dessas sandices me toca diretamente. Comecemos por ela ent\u00e3o. Vem do <a href=\"http:\/\/www.politicalivre.com.br\/2010\/04\/projeto-viario-do-pelourinho-sai-na-proxima-semana\/\" target=\"_blank\"><strong>Pol\u00edtica Livre<\/strong><\/a> (<a href=\"https:\/\/www.ultimobaile.com\/?p=867\" target=\"_blank\">que estava de rabo preso<\/a>, mas agora parece que soltou o rabo &#8211; no bom sentido, claro, porque eu nada tenho a dizer, muito pelo contr\u00e1rio, das prefer\u00eancias genitais do seu mantenedor, Raul Monteiro):<\/p>\n<blockquote>\n<h1 style=\"text-align: justify;\"><a title=\"Permanent Link to Projeto vi\u00e1rio do Pelourinho sai na pr\u00f3xima semana\" rel=\"bookmark\" href=\"http:\/\/www.politicalivre.com.br\/2010\/04\/projeto-viario-do-pelourinho-sai-na-proxima-semana\/\">Projeto vi\u00e1rio do Pelourinho sai na pr\u00f3xima semana<\/a><\/h1>\n<div style=\"text-align: justify;\">\n<p style=\"text-align: justify;\">A Transalvador concluiu o projeto vi\u00e1rio para o Pelourinho, que agora passa pela avalia\u00e7\u00e3o do Instituto do Patrim\u00f4nio Hist\u00f3rico e Art\u00edstico Nacional (Iphan). Se o projeto for aprovado, ser\u00e1 imediatamente posto em pr\u00e1tica, de acordo com a determina\u00e7\u00e3o do prefeito Jo\u00e3o Henrique (PMDB). O plano vi\u00e1rio vai permitir que carros tenham acesso ao largo onde fica a Igreja do Ros\u00e1rio dos Pretos, mas n\u00e3o ser\u00e1 poss\u00edvel estacionar no local. O mesmo acontecer\u00e1 com o Terreiro de Jesus, onde manobristas levar\u00e3o os carros para os estacionamentos. Ve\u00edculos pesados ter\u00e3o o acesso restrito, para proteger o solo e o cal\u00e7amento secular.<\/p>\n<\/div>\n<\/blockquote>\n<p style=\"text-align: justify;\">Hoje, ter\u00e7a-feira, eu iria apresentar (como de fato apresentei) um Esbo\u00e7o para Plano Ciclovi\u00e1rio do Centro Antigo de Salvador. Foi o Escrit\u00f3rio de Refer\u00eancia do Centro Antigo que me pediu isso (pelo qual n\u00e3o ganhei um tusta sequer, nem assim o quis), como colabora\u00e7\u00e3o de um cidad\u00e3o que usa sua cidade de bicicleta e a conhece bem (inclusive do ponto de vista te\u00f3rico). Observem: \u00e9 assim que as coisas se d\u00e3o no premiado Governo Estadual bahiano: por colaborativismo real e anti-hier\u00e1rquico.<\/p>\n<p style=\"text-align: justify;\">A\u00ed vem o Prefeito Neuropata e resolve enfiar carro dentro do Pel\u00f4. Sendo que pr\u00f3prio havia, corretamente, cerceado o uso de autom\u00f3vel no Pelourinho em 2005. Quer dizer: ele pr\u00f3prio desfaz os pequenos ganhos que sua administra\u00e7\u00e3o fez. Agora, n\u00e3o \u00e9 s\u00f3 <a href=\"https:\/\/www.ultimobaile.com\/?p=916\" target=\"_blank\">ao inv\u00e9s de gente, pr\u00e9dio<\/a> &#8211; \u00e9 ao inv\u00e9s de gente, carro de novo. N\u00e3o surpreende: a popularidade dele em 2004 vinha da classe-m\u00e9dia carroc\u00f4mana de Salvador &#8211; o ent\u00e3o Deputado Estadual Jo\u00e3o Henrique conseguia liminares impedindo os Shoppings Centers de cobrar pelo uso de seus estacionamentos.<\/p>\n<p style=\"text-align: justify;\">Tanto peior porque membros de sua administra\u00e7\u00e3o municipal compareceram a apresenta\u00e7\u00e3o que fiz &#8211; \u00e1vidos que estavam por mais detalhes que lhes permitisse ampliar a \u00e1rea de restri\u00e7\u00e3o de autom\u00f3veis para-al\u00e9m das Portas da Miseric\u00f3rdia. \u00c9 um Prefeito na contram\u00e3o das decis\u00f5es t\u00e9cnicas de seu pr\u00f3prio corpo de servidores.<\/p>\n<p style=\"text-align: center;\"><strong>* * *<\/strong><\/p>\n<p style=\"text-align: justify;\">A perda de reconhecimento moral e sua incapacidade pol\u00edtica \u00e9 tanta que <a href=\"http:\/\/www.atarde.com.br\/cidades\/noticia.jsf?id=2244381\" target=\"_blank\">os moradores de Pernambu\u00e9s, na sexta-feira 16 de abril deste ano, fizeram enorme protesto na Avenida Luiz Vianna Filho nos dois sentidos<\/a>. Era uma revolta em pr\u00f3l do direito universal de eles tamb\u00e9m serem atropelados.<\/p>\n<p style=\"text-align: justify;\">Explico: a Transalvador corretamente resolveu transformar a Rua Tom\u00e1z Gonzaga em m\u00e3o \u00fanica: isso tranquiliza o tr\u00e2nsito, aumenta espa\u00e7o para pedestres, ambulantes e ciclistas; torna o uso do carro inconveniente. Numa \u00e1rea com muita escola e crian\u00e7a, como o Pernambu\u00e9s, \u00e9 decis\u00e3o mais do que correta. Medida similar foi feita na Rua Rubem Berta, na Pituba, e ningu\u00e9m xiou.<\/p>\n<p style=\"text-align: justify;\">Claro que a popula\u00e7\u00e3o n\u00e3o \u00e9 contra a medida em si &#8211; ali\u00e1s, sequer a compreende. \u00c9 preciso entender este levante como a Revolta da Vacina de 1911: os ent\u00e3o moradores do Morro do Castelo eram at\u00e9 a favor da vacina\u00e7\u00e3o, mas contra a imposi\u00e7\u00e3o arbitr\u00e1ria e sem di\u00e1logo da mesma. Medidas mais dr\u00e1sticas as administra\u00e7\u00f5es de L\u00eddice da Mata e Antonio Imbassahy tomavam, e n\u00e3o causavam celeuma p\u00fablica; o mesmo para os governos estaduais de Paulo Souto e Jaques Wagner igualmente. Por que? Habilidade pol\u00edtica, capacidade de gerar confian\u00e7a na popula\u00e7\u00e3o, e de prepar\u00e1-la gradualmente para o advento da resolu\u00e7\u00e3o.<\/p>\n<p style=\"text-align: justify;\">Coisa que Jo\u00e3o Henrique n\u00e3o faz, nem nunca fez. No meio da pancadaria que trancou a cidade por 3 horas seguidas de Itapo\u00e3 a Ondina, o Secret\u00e1rio Municipal Euvaldo Jorge compareceu a todas as r\u00e1dios para esclarecer a popula\u00e7\u00e3o. S\u00f3 que a popula\u00e7\u00e3o n\u00e3o confiara seu voto ao Secret\u00e1rio, e sim ao Prefeito. Onde estava ele? Cabia a ele sustentar a decis\u00e3o de seus secret\u00e1rios. Quando deus-e-o-mundo atacavam Marcio Meirelles, n\u00e3o foi Marcio que foi se defender, e sim o Governador Wagner, que inclusive foi duro: &#8220;batam mais em cima, porque eu n\u00e3o vou mudar de Secret\u00e1rio, que nem \u00e9 candidato a nada, e se mudar n\u00e3o mudar\u00e1 a pol\u00edtica executada, que \u00e9 minha e de meu governo e n\u00e3o de uma pessoa que ocupa um cargo de confian\u00e7a&#8221;.<\/p>\n<p style=\"text-align: justify;\">Contudo, isto tamb\u00e9m n\u00e3o \u00e9 novidade. Jo\u00e3o Henrique teve, de 2005 a 2007, o time dos sonhos para um secretariado bahiano: todos os partidos anti-carlistas na sua base. Nestor Duarte nos Transportes; Ol\u00edvia Santana na Educa\u00e7\u00e3o e Cultura; Lu\u00eds Eug\u00eanio na Sa\u00fade; Reub Celestino na Fazenda. Perdeu todos, um a um, porque n\u00e3o os sustentava politicamente; ao contr\u00e1rio: no aperto, se escondia na barra das saias dos mesmos. E depois foi na campanha dizer que foi traido. Tra\u00eddo por 5 grandes partidos de vez! \u00c9 muita trai\u00e7\u00e3o! Jo\u00e3o Henrique se acha na verdade um J\u00falio C\u00e9sar de Prov\u00edncia!<\/p>\n<p style=\"text-align: center;\"><strong>* * *<\/strong><\/p>\n<p style=\"text-align: justify;\">Sobre o dream-team de secret\u00e1rios municipais que Jo\u00e3o Henrique p\u00f4s a perder para ficar com os ilustres desconhecidos (salvo raras e honrosas exce\u00e7\u00f5es) atuais, hoje na apresenta\u00e7\u00e3o do <em>Esbo\u00e7o para um Plano Ciclovi\u00e1rio do Centro Antigo<\/em> descobri algo grave: Nestor Duarte trouxe em 2005 ningu\u00e9m menos que <a href=\"http:\/\/www.gehlarchitects.com\/?\" target=\"_blank\">Jan Gehl<\/a> para Salvador.<\/p>\n<p style=\"text-align: justify;\">Gehl nem teve tempo de esbo\u00e7ar plano algum. Sugeriu como primeira medida a retirada dos ambulantes da rua; Jo\u00e3o Henrique foi contra, por mero populismo. Eu tamb\u00e9m seria: numa cidade com 14% de desemprego, isso seria reduzir-mo-nos a barb\u00e1rie. Entretanto, um prefeito com o m\u00ednimo de habilidade pol\u00edtica teria negociado, enredado e aproveitado as id\u00e9ias que mais lhe conviessem do talvez maior urbanista da atualidade. N\u00e3o se trata afinal de aceitar acriticamente propostas de um consultor internacional que tamb\u00e9m tem seus interesses &#8211; isto seria colonialismo. Mas n\u00e3o aproveitar nada seria tamb\u00e9m colonialismo, por falta de antropofagia.<\/p>\n<p style=\"text-align: justify;\">\u00c9 redundante dizer que n\u00e3o aconteceu. E Salvador perdeu mais uma bel\u00edssimachance.<\/p>\n<p style=\"text-align: center;\"><strong>* * *<\/strong><\/p>\n<p style=\"text-align: justify;\">Nem tudo, por\u00e9m, est\u00e1 perdido. Miguel Kertzman, ex-Secret\u00e1rio de Transportes de L\u00eddice da Mata e ex-assessor de Antonio Imbassahy em sua segunda e \u00faltima gest\u00e3o (aquela que marca sua ruptura gradual com o carlismo, e que realiza as reformas do Baixo Pituba e do Largo Dois de Julho), <a href=\"http:\/\/blogdoriovermelho.blogspot.com\/2010\/04\/mudanca-de-titular-na-transalvador.html\" target=\"_blank\">assume a Superintend\u00eancia da Transalvador<\/a>. Ningu\u00e9m pode dizer que Kertzman seja carroc\u00eantrico, despreparado, insens\u00edvel socialmente, grosseiro ou pouco democr\u00e1tico. Menos ainda ineficiente ou incompentente. Ele tem lacunas importantes no seu saber sobre mobilidade, facilmente compensadas pelo seu sincero interesse de ouvir todos &#8211; especialmente os usu\u00e1rios dos diversos modais. Digo isso por minhas impress\u00f5es de contatos pessoais com ele.<\/p>\n<p style=\"text-align: justify;\">Se isso fosse garantia de algo, seria um alento. Quem quer apostar que na primeira tentativa de retirar vaga de carro de alguma via, por parte de Kertzman, Jo\u00e3o Henrique tem um piripaque neur\u00f3tico e a cidade entra novamente em p\u00e9-de-guerra?<\/p>\n<p style=\"text-align: justify;\">\n<p style=\"text-align: justify;\">\n","protected":false},"excerpt":{"rendered":"<p>Hoje fa\u00e7o um pout-pourris de desastres semanais do homem que engrandece a fun\u00e7\u00e3o intelectual de Feira de Santana para o Estado da Bahia: Jo\u00e3o Henrique de Barradas Carneiro, prefeito de direito de Salvador (o de fato \u00e9 Geddel Vieira Lima, como mostram ostensivamente as propagandas instituciuonais das &#8220;obras que n\u00e3o [&hellip;]<\/p>\n","protected":false},"author":2,"featured_media":0,"comment_status":"closed","ping_status":"open","sticky":false,"template":"","format":"standard","meta":{"footnotes":""},"categories":[919],"tags":[20,1381,1378,1377,888,1379,1380,15,1383,1382],"class_list":["post-2338","post","type-post","status-publish","format-standard","hentry","category-01flanar","tag-bahia","tag-euvaldo-jorge","tag-joao-henrique-de-barradas","tag-miguel-kertzman","tag-mobilidade-urbana","tag-pernambues","tag-rua-tomaz-gonzaga","tag-salvador","tag-secretario","tag-transporte"],"_links":{"self":[{"href":"https:\/\/www.ultimobaile.com\/index.php?rest_route=\/wp\/v2\/posts\/2338","targetHints":{"allow":["GET"]}}],"collection":[{"href":"https:\/\/www.ultimobaile.com\/index.php?rest_route=\/wp\/v2\/posts"}],"about":[{"href":"https:\/\/www.ultimobaile.com\/index.php?rest_route=\/wp\/v2\/types\/post"}],"author":[{"embeddable":true,"href":"https:\/\/www.ultimobaile.com\/index.php?rest_route=\/wp\/v2\/users\/2"}],"replies":[{"embeddable":true,"href":"https:\/\/www.ultimobaile.com\/index.php?rest_route=%2Fwp%2Fv2%2Fcomments&post=2338"}],"version-history":[{"count":12,"href":"https:\/\/www.ultimobaile.com\/index.php?rest_route=\/wp\/v2\/posts\/2338\/revisions"}],"predecessor-version":[{"id":4275,"href":"https:\/\/www.ultimobaile.com\/index.php?rest_route=\/wp\/v2\/posts\/2338\/revisions\/4275"}],"wp:attachment":[{"href":"https:\/\/www.ultimobaile.com\/index.php?rest_route=%2Fwp%2Fv2%2Fmedia&parent=2338"}],"wp:term":[{"taxonomy":"category","embeddable":true,"href":"https:\/\/www.ultimobaile.com\/index.php?rest_route=%2Fwp%2Fv2%2Fcategories&post=2338"},{"taxonomy":"post_tag","embeddable":true,"href":"https:\/\/www.ultimobaile.com\/index.php?rest_route=%2Fwp%2Fv2%2Ftags&post=2338"}],"curies":[{"name":"wp","href":"https:\/\/api.w.org\/{rel}","templated":true}]}}