{"id":233,"date":"2008-09-22T00:11:12","date_gmt":"2008-09-22T03:11:12","guid":{"rendered":"http:\/\/www.ultimobaile.com\/?p=233"},"modified":"2025-12-24T13:03:56","modified_gmt":"2025-12-24T16:03:56","slug":"o-bonde-moderno-de-pinheiro-uma-retomada-da-salvador-de-lele","status":"publish","type":"post","link":"https:\/\/www.ultimobaile.com\/?p=233","title":{"rendered":"O &#8220;Bonde Moderno&#8221; de Pinheiro: uma retomada da Salvador de Lel\u00e9."},"content":{"rendered":"<p style=\"text-align: justify;\">Fiquei sabendo ontem, num artigo de <a href=\"http:\/\/64.233.169.104\/search?q=cache:-eF7pd0d4wwJ:www.radiocidade.com.br\/interna_texto.php%3Flocal%3D5%26id%3DVFhwQmQwMUVRWGxOVkVVOQ%3D%3D+bonde+moderno&amp;hl=pt-BR&amp;ct=clnk&amp;cd=6&amp;gl=br\" target=\"_blank\">Ant\u00f4nio Ris\u00e9rio<\/a>, que os &#8220;bondes modernos&#8221; de que o candidato Walter Pinheiro (PT) fala, e que eu sempre defendi como principal solu\u00e7\u00e3o pra transporte coletivo em Salvador, sem pobrismo (metr\u00f4 n\u00e3o sobe ladeira, bonde sobe &#8211; e com todas as mazelas que foi a reforma de <a href=\"http:\/\/www.governador.ba.gov.br\/governadores\/josejoaquim.htm\" target=\"_blank\">Jos\u00e9 Joaquim Seabra<\/a>, ele acertou ao apostar em bondes verticais e planos-inclinados) &#8211; fiquei sabendo que esta id\u00e9ia foi do g\u00eanio da arquitetura <a href=\"http:\/\/pt.wikipedia.org\/wiki\/Jo\u00e3o_Filgueiras_Lima\" target=\"_blank\">Jo\u00e3o Filgueiras Lima, o Lel\u00e9<\/a>, no finalzinho da gest\u00e3o municipal de M\u00e1rio Kertzs.<\/p>\n<p style=\"text-align: justify;\">Isso reafirma algo que j\u00e1 havia pensado: apostar em bondes, e n\u00e3o em metr\u00f4 ou via segregada de \u00f4nibus, \u00e9 um modo de Salvador afirmar um modo pr\u00f3prio, sem importa\u00e7\u00e3o cultural, para resolver seus problemas &#8211; o que moralmente j\u00e1 \u00e9 um enorme ganho! Especialmente porque Salvador, capital barroca por excel\u00eancia, nem Nordeste (montanhosa) nem Sudeste (ocupa apenas os topos dos morros, n\u00e3o seus vales), superposta de estilos e ocupa\u00e7\u00f5es, a mais antiga do continente americano, n\u00e3o tem como resolver-se importando modalidades urbanas.<\/p>\n<p style=\"text-align: justify;\">A n\u00e3o ser que as importe de cidades que t\u00eam anatomia semelhante: San Francisco (na California) e Lisboa (Portugal). Ambas, inclusive, priorizam bondes&#8230;<\/p>\n<p style=\"text-align: justify;\">Fato \u00e9 que me causa certo auto-orgulho narc\u00edsico descobrir que o que eu prego, Lel\u00e9 j\u00e1 pregava. Lel\u00e9 buscou para Salvador solu\u00e7\u00f5es altamente modernistas, mas pr\u00f3prias aqui: desde a Prefeitura, marcadamente premoldada em contraste a pra\u00e7a quase toda renascentista em que est\u00e1, at\u00e9 as leves passarelas ligando topos de morro (e n\u00e3o apenas lados de avenidas), vazadas, fininhas e abrigadas do sol ateniense em que vivemos. <\/p>\n<p style=\"text-align: justify;\">Lel\u00e9 queria que o bonde tivesse um modelo pr\u00f3prio nosso, e n\u00e3o europeu. Chamava de Ve\u00edculo Leve sobre Trilhos (VLT), e dizia que deveriam preservar a paisagem e fazer com que esta fosse apreci\u00e1vel de dentro dele, tal como os \u00f4nibus-caminh\u00e3o que inventou pra Rede Sarah de Hospitais, ou as Jardineiras da gest\u00e3o de M\u00e1rio K\u00e9rtzs (o que um metr\u00f4, mesmo de superf\u00edcie, n\u00e3o pode fazer).<\/p>\n<p style=\"text-align: justify;\">Aproveito pra dizer que acho M\u00e1rio Kertzs um cr\u00e1pula oportunista &#8211; mas progressista. Rompeu com o carlismo quando prefeito, porque ACM o achava brilhante demais para o deixar brilhar. Fez uma das mais arrojadas gest\u00f5es do pa\u00eds at\u00e9 hoje em termos de mobili\u00e1rio urbano, chamando para perto de si arquitetos e intelectuais de esquerda como Lina Bo Bardi e Juarez Para\u00edso, al\u00e9m do pr\u00f3prio Lel\u00e9.<\/p>\n<p style=\"text-align: justify;\">Mais um motivo a\u00ed fica para votar em Pinheiro. Se o Governo Wagner \u00e9 uma retomada de Antonio Baobino (que dizia que Salvador n\u00e3o podia ser uma colonia de f\u00e9rias carioca), e o de Lula uma inflex\u00e3o inadivertida sobre o de Jango, seria bom ver uma dobra mais a esquerda do progressismo arquitet\u00f4nico do in\u00edcio dos anos 1980 em Salvador.<\/p>\n<p style=\"text-align: justify;\">Pinheiro, ali\u00e1s, acaba de dizer no debate na TV Aratu hoje a noite que os bondes &#8220;precisam ser como Lel\u00e9 pensou&#8221;. Isso mesmo, ele citou o deus dos que amam a interven\u00e7\u00e3o moderna na Capital Diasp\u00f3rica! Num sonho algo delirante, mas n\u00e3o imposs\u00edvel, j\u00e1 imaginaram o que seria uma gest\u00e3o de Walter Pinheiro com Lel\u00e9 como consultor&#8230;?&#8230;<\/p>\n<p style=\"text-align: justify;\">(Cabe ainda uma defesa de Jo\u00e3o Henrique: construiu mais passarelas de Lel\u00e9 do que todos os prefeitos de Salvador desde M\u00e1rio &#8211; e foi o \u00fanico, desde M\u00e1rio, a insistir que a terceira capital do pa\u00eds n\u00e3o podia ser onibus-dependente: e criou condi\u00e7\u00f5es para bairros que enxotavam o transporte a p\u00e9 passarem a ter circula\u00e7\u00e3o pedestre, retomou transportes mar\u00edtimos, etc. O m\u00e9rito \u00e9 tamb\u00e9m do PSDB bahiano, que sempre \u00e9 nada neo-liberal e nunca apoiou um candidato do PSDB a presid\u00eancia da Rep\u00fablica por achar que todos eram carlistas: Nestor Duarte, que ocupou a Secretaria de Transportes P\u00fablicos na gest\u00e3o de Jo\u00e3o, \u00e9 PSDB hist\u00f3rico ao lado de Jutahy Jr. Suas pol\u00edticas p\u00fablicas para a \u00e1rea foram, n\u00e3o por acaso, semelhantes \u00e0s de Marta Suplicy em S\u00e3o Paulo.) <\/p>\n","protected":false},"excerpt":{"rendered":"<p>Fiquei sabendo ontem, num artigo de Ant\u00f4nio Ris\u00e9rio, que os &#8220;bondes modernos&#8221; de que o candidato Walter Pinheiro (PT) fala, e que eu sempre defendi como principal solu\u00e7\u00e3o pra transporte coletivo em Salvador, sem pobrismo (metr\u00f4 n\u00e3o sobe ladeira, bonde sobe &#8211; e com todas as mazelas que foi a [&hellip;]<\/p>\n","protected":false},"author":2,"featured_media":0,"comment_status":"closed","ping_status":"open","sticky":false,"template":"","format":"standard","meta":{"footnotes":""},"categories":[9],"tags":[100,20,101,104,68,98,99,102,15,103,87],"class_list":["post-233","post","type-post","status-publish","format-standard","hentry","category-01viver","tag-antonio-riserio","tag-bahia","tag-bonde-moderno","tag-eleicoes-municipais-2008","tag-joao-filgueiras-lima-lele","tag-joao-henrique","tag-mario-kertzs","tag-metro","tag-salvador","tag-transporte-coletivo","tag-walter-pinheiro"],"_links":{"self":[{"href":"https:\/\/www.ultimobaile.com\/index.php?rest_route=\/wp\/v2\/posts\/233","targetHints":{"allow":["GET"]}}],"collection":[{"href":"https:\/\/www.ultimobaile.com\/index.php?rest_route=\/wp\/v2\/posts"}],"about":[{"href":"https:\/\/www.ultimobaile.com\/index.php?rest_route=\/wp\/v2\/types\/post"}],"author":[{"embeddable":true,"href":"https:\/\/www.ultimobaile.com\/index.php?rest_route=\/wp\/v2\/users\/2"}],"replies":[{"embeddable":true,"href":"https:\/\/www.ultimobaile.com\/index.php?rest_route=%2Fwp%2Fv2%2Fcomments&post=233"}],"version-history":[{"count":5,"href":"https:\/\/www.ultimobaile.com\/index.php?rest_route=\/wp\/v2\/posts\/233\/revisions"}],"predecessor-version":[{"id":4502,"href":"https:\/\/www.ultimobaile.com\/index.php?rest_route=\/wp\/v2\/posts\/233\/revisions\/4502"}],"wp:attachment":[{"href":"https:\/\/www.ultimobaile.com\/index.php?rest_route=%2Fwp%2Fv2%2Fmedia&parent=233"}],"wp:term":[{"taxonomy":"category","embeddable":true,"href":"https:\/\/www.ultimobaile.com\/index.php?rest_route=%2Fwp%2Fv2%2Fcategories&post=233"},{"taxonomy":"post_tag","embeddable":true,"href":"https:\/\/www.ultimobaile.com\/index.php?rest_route=%2Fwp%2Fv2%2Ftags&post=233"}],"curies":[{"name":"wp","href":"https:\/\/api.w.org\/{rel}","templated":true}]}}