{"id":2321,"date":"2010-04-18T23:39:11","date_gmt":"2010-04-19T02:39:11","guid":{"rendered":"http:\/\/www.ultimobaile.com\/?p=2321"},"modified":"2025-12-24T13:02:57","modified_gmt":"2025-12-24T16:02:57","slug":"polis-o-locus-do-poder","status":"publish","type":"post","link":"https:\/\/www.ultimobaile.com\/?p=2321","title":{"rendered":"P\u00f3lis: o Locus do Poder"},"content":{"rendered":"<p style=\"text-align: justify;\">\n<div id=\"attachment_2323\" style=\"width: 610px\" class=\"wp-caption aligncenter\"><a href=\"https:\/\/www.ultimobaile.com\/wp-content\/uploads\/2010\/04\/Brasilia.jpg\"><img loading=\"lazy\" decoding=\"async\" aria-describedby=\"caption-attachment-2323\" class=\"size-full wp-image-2323\" title=\"Brasilia\" src=\"https:\/\/www.ultimobaile.com\/wp-content\/uploads\/2010\/04\/Brasilia.jpg\" alt=\"\" width=\"600\" height=\"427\" srcset=\"https:\/\/www.ultimobaile.com\/wp-content\/uploads\/2010\/04\/Brasilia.jpg 600w, https:\/\/www.ultimobaile.com\/wp-content\/uploads\/2010\/04\/Brasilia-300x213.jpg 300w\" sizes=\"auto, (max-width: 600px) 100vw, 600px\" \/><\/a><p id=\"caption-attachment-2323\" class=\"wp-caption-text\">a cidade sem povo de um povo sem cidades<\/p><\/div>\n<p style=\"text-align: justify;\">Quando Lula sair do Planalto, o t\u00edtulo de &#8220;<em>figura\u00e7a<\/em> latino-americana&#8221; vai ficar para o novo Presidente do Uruguai, Pepe Mujica. O cara tem um senso de humor eu diria juceliniano &#8211; tipo, para dizer que deixou de fato o extremismo de guerrilheiro Tupamaro de lado ele me sai com essa frase: &#8220;Politicamente, virei vegetariano!&#8221;. Parece personagem de Machado de Assis!<\/p>\n<p style=\"text-align: justify;\">E mant\u00e9m h\u00e1bitos bem humorados, como nos relata <a href=\"http:\/\/bahiaempauta.com.br\/2010\/03\/jose-pepe-mujicadiga-ao-mundo-que-somos-diferentes\/\" target=\"_blank\">Victor Hugo Soares<\/a>:<\/p>\n<blockquote>\n<p style=\"text-align: justify;\">\u201cDiga ao mundo que somos diferentes\u201d, disse nesta segunda-feira o presidente uruguaio Jos\u00e9 Mujica \u00e0 ag\u00eancia AFP, ao ser fotografado enquanto almo\u00e7ava em um bar de Montevid\u00e9u, algo que fez ao menos tr\u00eas vezes desde que assumiu a presid\u00eancia, no \u00faltimo dia 1\u00b0.<\/p>\n<p style=\"text-align: justify;\">Com essa frase, Mujica quis dizer que, no Uruguai, diferentemente da maioria dos pa\u00edses do mundo, os presidentes andam livremente sem necessidade de muitas medidas de seguran\u00e7a.<\/p>\n<p style=\"text-align: justify;\">Mujica, 74 anos, ex-l\u00edder tupamaro, almo\u00e7ou um \u201cbife com pur\u00ea\u201d, disse \u00e0 AFP a caixa do Bar Madison, no centro da capital, a duas quadras da Torre Executiva, onde o presidente tem seu escrit\u00f3rio e onde, nesta manh\u00e3, manteve diversos encontros com membros do gabinete.<\/p>\n<p style=\"text-align: justify;\">\u201cAlmo\u00e7ou tranquilo com alguns colaboradores, s\u00f3 algumas crian\u00e7as entraram para cumpriment\u00e1-lo\u201d, disse a caixa. Ele sentou-se \u00e0 mesa, pr\u00f3ximo \u00e0 janela, e comeu enquanto conversava com seus acompanhantes.<\/p>\n<p style=\"text-align: justify;\">Um dia depois de assumir a Presid\u00eancia uruguaia, Mujica surpreendeu a todos quando decidiu parar em um velho bar na rua Camino Maldonado, na periferia norte de Montevid\u00e9u, para tomar caf\u00e9 da manh\u00e3 que incluiu um caf\u00e9 com leite, biscoitos feitos de farinha e \u00e1gua mineral.<\/p>\n<p style=\"text-align: justify;\">Alguns dias depois, Mujica almo\u00e7ou no tradicional bar \u201cA casa do u\u00edsque\u201d. \u201cOs presidentes tamb\u00e9m almo\u00e7am\u201d, respondeu Mujica entre risadas, quando lhe perguntaram o que fazia o presidente em um bar.<\/p>\n<\/blockquote>\n<p style=\"text-align: justify;\">Fran\u00e7ois Miterrand, nos \u00faltimos dias de seu \u00faltimo mandato como Presidente da Fran\u00e7a, e j\u00e1 com cancer avan\u00e7ado, saia do Pal\u00e1cio dos Inv\u00e1lidos, atravessava a rua e ia comprar livros num sebo, todo fim de tarde de sexta-feira. Ia com seguran\u00e7as, \u00e9 verdade, visado que era por atentados j\u00e1 que tinha ajudado a terminar de vez com a Guerra Fria.<\/p>\n<p style=\"text-align: justify;\">O Imperador D. Pedro II ia a \u00d3pera no Largo da Carioca, e quando do governo de ver\u00e3o em Petr\u00f3polis, passeava pelas bel\u00edssimas al\u00e9ias. Ia andando para a missa de domingo com seus filhos e netos, e sentava-se em banco comum,<\/p>\n<p style=\"text-align: justify;\">Oswaldo Aranha, homem forte do governo provis\u00f3rio de Vargas, constumava almo\u00e7ar em botequins de Niter\u00f3i, que acabaram criando um prato que leva seu nome: <em>Bife a Oswaldo Aranha<\/em>. O Marqu\u00eas de Souza-Le\u00e3o, em Pernambuco, tamb\u00e9m acabou batizando um bolo, que ia comer, a p\u00e9, nas <em>boulangeries<\/em> do Cais da Aurora. Pinheiro Machado, Rio Branco, e outros, se encontravam na Colombo para tomar ch\u00e1 \u00e0s quintas-feiras. A vetusta doceria art-nouveau, rigorosamente portuguesa, foi bastidor p\u00fablico (ador\u00e1vel paradoxo&#8230;) dos melhores momentos da Rep\u00fablica Velha.<\/p>\n<p style=\"text-align: justify;\">Oct\u00e1vio Mangabeira ia ao Terreiro da Casa Branca, que ainda batia na Barroquinha, ao sair do Pal\u00e1cio Rio Branco, e antes de ir para a ent\u00e3o resid\u00eancia oficial no Passeio P\u00fablico, o Pal\u00e1cio da Aclama\u00e7\u00e3o.<\/p>\n<p style=\"text-align: justify;\">Jo\u00e3o Paulo, ex-prefeito de Recife, mantinha uma tro\u00e7a, um bloco de frevo de rua, no qual tocava mesmo enquanto era prefeito. E C\u00e9lio de Castro, o &#8220;Doutor BeAg\u00e1&#8221;, ia para a preifeitura muitas vezes de bicicleta &#8211; enquanto era prefeito, e bem antes da bike-hype atual.<\/p>\n<p style=\"text-align: justify;\">Ainda hoje (mas por pouco tempo, infelizmente) o Governador de Minas despacha de um lado da Pra\u00e7a da Liberdade; do outro lado, em frente, est\u00e1 o cora\u00e7\u00e3o da vida bo\u00eamia belo-horizontina, a Savassi. Ao fim do expediente, \u00e9 poss\u00edvel ouvir j\u00e1 barulho de m\u00fasica, e parte dos funcion\u00e1rios atravessam a pra\u00e7a do servi\u00e7o p\u00fablico at\u00e9 uma cerveja.<\/p>\n<p style=\"text-align: center;\"><strong>* * *<\/strong><\/p>\n<p style=\"text-align: justify;\">Nenhuma destas cenas \u00e9 poss\u00edvel no Brasil h\u00e1 quarenta anos. E n\u00e3o apenas por causa de Bras\u00edlia, em si; muito mais pelo &#8220;efeito Bras\u00edlia&#8221;, que causou deformidades urbanas como o Centro Administrativo da Bahia (e n\u00e3o cessa de causar, j\u00e1 que A\u00e9cio Neves comete o erro de fazer igual este ano, com a Cidade Administrativa de Minas Gerais). O fato de que a pol\u00edtica e o poder no Brasil a rigor saiu das cidades &#8211; e justo na \u00e9poca em que as cidades cresceram vertiginosamente em tamanho, gentes, economia e problemas &#8211; \u00e9 apenas mais um sintoma de nossa desgra\u00e7a urbana.<\/p>\n<p style=\"text-align: justify;\">Cenas como as que t\u00ednhamos at\u00e9 1960 no Rio de Janeiro, ou em Salvador at\u00e9 1970, ainda s\u00e3o poss\u00edveis nos nossos pa\u00edses vizinhos: M\u00e3es da Pra\u00e7a de Maio em Buenos Aires, Mujica atravessando a rua para almo\u00e7ar, protestos de estudantes em frente ao La Moneda no Chile, e a defesa p\u00fablica de Hugo Chavez quando da tentativa de golpe ao Miraflores. Nestes pa\u00edses n\u00e3o s\u00f3 o poder est\u00e1 no centro das cidades &#8211; a popula\u00e7\u00e3o e os pol\u00edticos n\u00e3o s\u00e3o separados por abismos, carros oficiais, e outros modos de cercear a cidade. N\u00e3o se encastelaram, e arquitetonicamente nem tem como faz\u00ea-lo. A pol\u00edtica, afinal, \u00e9 a pr\u00e1tica da cidade, da p\u00f3lis.<\/p>\n<p style=\"text-align: center;\"><strong>* * *<\/strong><\/p>\n<p style=\"text-align: justify;\">Na semana em que a \u00fanica des-cidade do mundo faz 50 anos (Bras\u00edlia n\u00e3o \u00e9 uma cidade no mesmo sentido em que uma ma\u00e7\u00e3 n\u00e3o \u00e9 uma cadeira), n\u00e3o se quer dizer com isso que a Nova Capital, feita para &#8220;desenvolver o Centro-Oeste&#8221;, foi in\u00fatil, ou de si um erro, ou uma prepara\u00e7\u00e3o para a ditadura militar. Algu\u00e9m que adorava o conviver com seus s\u00faditos no Rio de Janeiro, como JK, n\u00e3o cometeria intencionalmente nada disso. Todos os nossos vizinhos tiveram ditaduras militares em suas capitais altamente urbanas e pedestres; e o Rio sediou duas ditaduras antes: a do Marechal Floriano Peixoto (o grande art\u00edfice do golpe anti-constitucional de 15 de novembro de 1889, que na escola se ensina como &#8220;Proclama\u00e7\u00e3o da Rep\u00fablica&#8221;) e o Estado Novo.<\/p>\n<p style=\"text-align: justify;\">O que se quer dizer \u00e9 que no Brasil o Regime Militar legou esta chaga a mais: aproveitando-se da expans\u00e3o excludente e carroc\u00eantrica anterior a ele, nos deixou de heran\u00e7a uma classe pol\u00edtica que mais parece a aristocracia da Baviera de Guilherme II. Uma classe que n\u00e3o convive com seu povo por uma impossibilidade espacial, f\u00edsica, urbana &#8211; o que n\u00e3o ocorreu nem durante o Imp\u00e9rio, nem durante o Estado Novo &#8211; e nem em boa parte do Regime de 1964.<\/p>\n<p style=\"text-align: center;\"><strong>* * *<\/strong><\/p>\n<p style=\"text-align: justify;\">Nisso reside talvez o grande legado de Jaques Wagner: o pr\u00f3ximo governador da Bahia, seja quem for, despachar\u00e1 do Pal\u00e1cio Rio Branco &#8211; em frente ali\u00e1s da Prefeitura e ao lado do terminal superior do mais caracter\u00edstico transporte de massas da Bahia, o Elevador Lacerda. <a href=\"http:\/\/www.cultura.ba.gov.br\/noticias\/plugcultura\/governo-assina-convenio-de-r-4-3-milhoes-com-junta-de-andaluzia-para-recuperar-casaroes-no-centro-historico\" target=\"_blank\">Tendo, ao lado, pr\u00e9dios restaurados que servir\u00e3o de resid\u00eancia estudantil &#8211; com alunos do interior<\/a> &#8211; num Centro Antigo redivivo.<\/p>\n<p style=\"text-align: justify;\">Isto torna o erro de A\u00e9cio Neves ainda mais gritante. Belo Horizonte foi constru\u00edda, no Segundo Imp\u00e9rio e inaugurada em 1890 j\u00e1 na Rep\u00fablica, para ser Capital de Minas. A\u00ed se projeta uma capital dentro da capital, mas fora. Qual o sentido disso?<\/p>\n<p style=\"text-align: justify;\">A retomada do direito a cidade (o direito democr\u00e1tico mais radical, o de ir e vir &#8211; afinal, n\u00e3o seria cidadania justamente a capacidade que o cidad\u00e3o tem de usar suas cidades?) n\u00e3o passa apenas por mudar a l\u00f3gica de ocupa\u00e7\u00e3o do solo e de mobilidade. Enquanto a classe pol\u00edtica n\u00e3o voltar a usufruir dela como cidad\u00e3o, tampouco o cidad\u00e3o agir\u00e1 e refletir\u00e1 politicamente no seu dia a dia. \u00c9 na p\u00f3lis que o poder deve circular, n\u00e3o em planaltos e pal\u00e1cios. N\u00e3o foi isso que se fundou em Atenas (uma cidade! e ali\u00e1s, projetada) no s\u00e9culo IV a.C., muito antes inclusive do advento do voto (j\u00e1 que a democracia nasce da e na tirania esclarecida de P\u00e9ricles)?<\/p>\n<p style=\"text-align: justify;\">A Bahia ali\u00e1s, apesar do encastelamento CABiano, \u00e9 pr\u00f3diga nisso: \u00e9 no meio do povo, na Lavagem do Bonfim ou no Cortejo C\u00edvico ao Dois de Julho, que os pol\u00edticos s\u00e3o mais pol\u00edticos &#8211; porque na rua, sem intermedi\u00e1rios entre eles e os cidad\u00e3os, mas tamb\u00e9m sem palanque. N\u00e3o pode isso ser feito todos os dias? No Rio de Janeiro at\u00e9 os anos 1950 podia; e em Montevideo parece que ainda pode&#8230;<\/p>\n<p style=\"text-align: justify;\">\n","protected":false},"excerpt":{"rendered":"<p>Quando Lula sair do Planalto, o t\u00edtulo de &#8220;figura\u00e7a latino-americana&#8221; vai ficar para o novo Presidente do Uruguai, Pepe Mujica. O cara tem um senso de humor eu diria juceliniano &#8211; tipo, para dizer que deixou de fato o extremismo de guerrilheiro Tupamaro de lado ele me sai com essa [&hellip;]<\/p>\n","protected":false},"author":2,"featured_media":0,"comment_status":"closed","ping_status":"open","sticky":false,"template":"","format":"standard","meta":{"footnotes":""},"categories":[919,9],"tags":[1321,285,968,1370,1371,1372,1374,140,1373,49,1375,1376],"class_list":["post-2321","post","type-post","status-publish","format-standard","hentry","category-01flanar","category-01viver","tag-aecio-neves","tag-brasil","tag-brasilia","tag-cab","tag-centro-administrativo-da-bahia","tag-cidade-administrativa-de-minas-gerais","tag-direito-a-cidade","tag-jaques-wagner","tag-pepe-mujica","tag-politica","tag-urbanismo-arquitetura","tag-uruguai"],"_links":{"self":[{"href":"https:\/\/www.ultimobaile.com\/index.php?rest_route=\/wp\/v2\/posts\/2321","targetHints":{"allow":["GET"]}}],"collection":[{"href":"https:\/\/www.ultimobaile.com\/index.php?rest_route=\/wp\/v2\/posts"}],"about":[{"href":"https:\/\/www.ultimobaile.com\/index.php?rest_route=\/wp\/v2\/types\/post"}],"author":[{"embeddable":true,"href":"https:\/\/www.ultimobaile.com\/index.php?rest_route=\/wp\/v2\/users\/2"}],"replies":[{"embeddable":true,"href":"https:\/\/www.ultimobaile.com\/index.php?rest_route=%2Fwp%2Fv2%2Fcomments&post=2321"}],"version-history":[{"count":8,"href":"https:\/\/www.ultimobaile.com\/index.php?rest_route=\/wp\/v2\/posts\/2321\/revisions"}],"predecessor-version":[{"id":4276,"href":"https:\/\/www.ultimobaile.com\/index.php?rest_route=\/wp\/v2\/posts\/2321\/revisions\/4276"}],"wp:attachment":[{"href":"https:\/\/www.ultimobaile.com\/index.php?rest_route=%2Fwp%2Fv2%2Fmedia&parent=2321"}],"wp:term":[{"taxonomy":"category","embeddable":true,"href":"https:\/\/www.ultimobaile.com\/index.php?rest_route=%2Fwp%2Fv2%2Fcategories&post=2321"},{"taxonomy":"post_tag","embeddable":true,"href":"https:\/\/www.ultimobaile.com\/index.php?rest_route=%2Fwp%2Fv2%2Ftags&post=2321"}],"curies":[{"name":"wp","href":"https:\/\/api.w.org\/{rel}","templated":true}]}}