{"id":2317,"date":"2010-04-18T23:35:55","date_gmt":"2010-04-19T02:35:55","guid":{"rendered":"http:\/\/www.ultimobaile.com\/?p=2317"},"modified":"2025-12-24T13:02:57","modified_gmt":"2025-12-24T16:02:57","slug":"5%c2%ba-premio-off-flip","status":"publish","type":"post","link":"https:\/\/www.ultimobaile.com\/?p=2317","title":{"rendered":"5\u00ba Pr\u00eamio OFF-Flip"},"content":{"rendered":"<p style=\"text-align: justify;\"><strong>Porqu\u00ea participar: <\/strong><a href=\"http:\/\/www.premio-offflip.net\/\" target=\"_blank\">Premia\u00e7\u00e3o paralela da Feira Liter\u00e1ria Internacional de Paraty<\/a>, talvez seja o principal certame lus\u00f3fono para escritores estreantes. Dividido em duas categorias, autores locais e autores nacionais-estrangeiros, abarca desde 2008 dois g\u00eaneros liter\u00e1rios: Conto e Poesia. Os pr\u00eamios, al\u00e9m de boa quantia em dinheiro, incluem estadia no id\u00edlico balne\u00e1rio hist\u00f3rico em plena <em>Flip<\/em>. Precisa dizer mais?<\/p>\n<p style=\"text-align: justify;\"><strong>Defeito: <\/strong>Este ano, o n\u00famero de premiados teve uma redu\u00e7\u00e3o dr\u00e1stica: de 10, para 3 premiados para cada g\u00eanero (Poesia e Conto) na categoria autor nacional-estrangeiro &#8211; igualando-se a quantidade de premiados da categoria autor local. Os valores dos pr\u00eamios tamb\u00e9m diminu\u00edram, embora continuem bastante atraentes. E, como sempre, a inscri\u00e7\u00e3o do certame \u00e9 paga: R$50,00 por cada g\u00eanero liter\u00e1rio (Conto ou Poesia).<\/p>\n<p><strong>Inscri\u00e7\u00f5es: <\/strong>at\u00e9 31 de maio de 2010.<\/p>\n","protected":false},"excerpt":{"rendered":"<p>Porqu\u00ea participar: Premia\u00e7\u00e3o paralela da Feira Liter\u00e1ria Internacional de Paraty, talvez seja o principal certame lus\u00f3fono para escritores estreantes. Dividido em duas categorias, autores locais e autores nacionais-estrangeiros, abarca desde 2008 dois g\u00eaneros liter\u00e1rios: Conto e Poesia. Os pr\u00eamios, al\u00e9m de boa quantia em dinheiro, incluem estadia no id\u00edlico balne\u00e1rio [&hellip;]<\/p>\n","protected":false},"author":2,"featured_media":0,"comment_status":"closed","ping_status":"open","sticky":false,"template":"","format":"standard","meta":{"footnotes":""},"categories":[938,890],"tags":[25,1363,1368,1367,1369,1366,832,233,518],"class_list":["post-2317","post","type-post","status-publish","format-standard","hentry","category-bailes","category-concursos-premios-literarios","tag-concurso","tag-conto","tag-feira-literaria-internacional-de-paraty","tag-flip","tag-off-flip","tag-paraty","tag-poesia","tag-premio-literario","tag-rio-de-janeiro"],"_links":{"self":[{"href":"https:\/\/www.ultimobaile.com\/index.php?rest_route=\/wp\/v2\/posts\/2317","targetHints":{"allow":["GET"]}}],"collection":[{"href":"https:\/\/www.ultimobaile.com\/index.php?rest_route=\/wp\/v2\/posts"}],"about":[{"href":"https:\/\/www.ultimobaile.com\/index.php?rest_route=\/wp\/v2\/types\/post"}],"author":[{"embeddable":true,"href":"https:\/\/www.ultimobaile.com\/index.php?rest_route=\/wp\/v2\/users\/2"}],"replies":[{"embeddable":true,"href":"https:\/\/www.ultimobaile.com\/index.php?rest_route=%2Fwp%2Fv2%2Fcomments&post=2317"}],"version-history":[{"count":5,"href":"https:\/\/www.ultimobaile.com\/index.php?rest_route=\/wp\/v2\/posts\/2317\/revisions"}],"predecessor-version":[{"id":2329,"href":"https:\/\/www.ultimobaile.com\/index.php?rest_route=\/wp\/v2\/posts\/2317\/revisions\/2329"}],"wp:attachment":[{"href":"https:\/\/www.ultimobaile.com\/index.php?rest_route=%2Fwp%2Fv2%2Fmedia&parent=2317"}],"wp:term":[{"taxonomy":"category","embeddable":true,"href":"https:\/\/www.ultimobaile.com\/index.php?rest_route=%2Fwp%2Fv2%2Fcategories&post=2317"},{"taxonomy":"post_tag","embeddable":true,"href":"https:\/\/www.ultimobaile.com\/index.php?rest_route=%2Fwp%2Fv2%2Ftags&post=2317"}],"curies":[{"name":"wp","href":"https:\/\/api.w.org\/{rel}","templated":true}]}}