{"id":2275,"date":"2010-04-06T08:48:22","date_gmt":"2010-04-06T11:48:22","guid":{"rendered":"http:\/\/www.ultimobaile.com\/?p=2275"},"modified":"2025-12-24T13:02:58","modified_gmt":"2025-12-24T16:02:58","slug":"uma-campanha-ambi-destra-e-frise-se-o-destra","status":"publish","type":"post","link":"https:\/\/www.ultimobaile.com\/?p=2275","title":{"rendered":"Uma Campanha Ambi-Destra (e frise-se o &#8220;destra&#8221;!)"},"content":{"rendered":"<p style=\"text-align: justify;\">\n<div id=\"attachment_2276\" style=\"width: 410px\" class=\"wp-caption alignleft\"><a href=\"https:\/\/www.ultimobaile.com\/wp-content\/uploads\/2010\/04\/otto-e-cesar1.jpg\"><img loading=\"lazy\" decoding=\"async\" aria-describedby=\"caption-attachment-2276\" class=\"size-full wp-image-2276\" title=\"otto-e-cesar1\" src=\"https:\/\/www.ultimobaile.com\/wp-content\/uploads\/2010\/04\/otto-e-cesar1.jpg\" alt=\"\" width=\"400\" height=\"184\" srcset=\"https:\/\/www.ultimobaile.com\/wp-content\/uploads\/2010\/04\/otto-e-cesar1.jpg 400w, https:\/\/www.ultimobaile.com\/wp-content\/uploads\/2010\/04\/otto-e-cesar1-300x138.jpg 300w\" sizes=\"auto, (max-width: 400px) 100vw, 400px\" \/><\/a><p id=\"caption-attachment-2276\" class=\"wp-caption-text\">A Sacra-Chapa Imperial-Germ\u00e2nica do neo-carlista Jaques Wagner<\/p><\/div>\n<p style=\"text-align: justify;\">Desde semana passada, nos mais diversos meios pol\u00edticos da Cidade de S\u00e3o Salvador, e possivelmente no interior do estado tamb\u00e9m, s\u00f3 se fala inflex\u00e3o escandalosa de Jaques Wagner ao escolher para seu vice Otto Alencar, ex-Secret\u00e1rio de Sa\u00fade de ACM em pessoa, ex-vice de C\u00e9sar Borges naquele m\u00edtico e luminoso governo em que houve duas greve da pol\u00edcia, grampos ilegais na Secretaria de Seguran\u00e7a e se invandiu um campus federal para espancar adolescentes.<\/p>\n<p style=\"text-align: justify;\">Wagner poderia manter o fidel\u00edssimo Edmundo Pereira, a quem deve e reconhece que deve parte de sua vit\u00f3ria em 2006; poderia ter se reaproximado do PSDB e escolhido um nome de consenso; poderia optar por Marcelo Nilo, por L\u00eddice da Mata ou por sua ex-mulher Bete e dissuadir o PV de ter candidato pr\u00f3prio. Talento e capital pol\u00edtico para tal ele tem. Mas n\u00e3o: ele preferiu Otto Alencar.<\/p>\n<p style=\"text-align: justify;\">J\u00e1 dissemos antes que Otto Alencar numa vaga senatorial da chapa de Jaques Wagner \u00e9 perfeitamente suport\u00e1vel. O perrengue \u00e9 com a vice-governadoria: reeleito, o Galego sai em 2014, e o governo passar\u00e1 no m\u00ednimo 8 meses no colo de carlista (sem ex- como prefixo) ideol\u00f3gico.<\/p>\n<p style=\"text-align: justify;\">Ora, Otto n\u00e3o agrega voto a Wagner, nem C\u00e9sar que tem uma de suas vagas senatoriais (em 2002, se elegeu senador como poste de ACM); nem Wagner traz voto a C\u00e9sar, um peso-morto pol\u00edtico. N\u00e3o interessa a nenhuma fac\u00e7\u00e3o bahiana essa alian\u00e7a &#8211; sequer a Paulo Souto, que perde lastro em sua chapa.<\/p>\n<p style=\"text-align: justify;\">Interessa a quem? A Lula e sua sanha de eleger Dilma a qualquer custo. Otto, do PP, e C\u00e9sar, do PR, dariam &#8220;governabilidade&#8221; (\u00e9 o deus PTista equivalente a &#8220;mercado&#8221;, dos tucanos). <a href=\"http:\/\/terramagazine.terra.com.br\/interna\/0,,OI4345054-EI6578,00.html\" target=\"_blank\">O custo podia ser o Maranh\u00e3o, mas este negou-se a tal semana passada<\/a>, e ainda bem. <a href=\"https:\/\/www.ultimobaile.com\/?p=2227\" target=\"_blank\">Rife-se a Bahia, ent\u00e3o<\/a>. A federa\u00e7\u00e3o continua a tratar seu estado-m\u00e3e como puteiro.<\/p>\n<p style=\"text-align: justify;\">A Bahia sempre foi fidel\u00edssima a Lula, n\u00e3o merece ser sacrificada assim &#8211; pensaria o leitor. Mas, como diz Alon Feuerwerker, o poder de Lula \u00e9 solar: pr\u00f3ximo, aquece; mas muito pr\u00f3ximo, queima, seca e mata. Lula trata com fidelidade os aliados de ocasi\u00e3o, e com crueldade os aliados hist\u00f3ricos e ideol\u00f3gicos. <a href=\"http:\/\/www.blogdoalon.com.br\/2010\/04\/plateia-sabia-0104.html\" target=\"_blank\">\u00c9 o que faz atualmente com Ciro Gomes, por exemplo<\/a>.<\/p>\n<p style=\"text-align: center;\"><strong>* * *<\/strong><\/p>\n<p style=\"text-align: justify;\">Que Lula queira rifar a Bahia, \u00e9 normal conquanto inaceit\u00e1vel. Anormal \u00e9 que Jaques Wagner n\u00e3o oponha for\u00e7a a isso! Wagner deu ao PT sua maior vit\u00f3ria pol\u00edtica: governar a Bahia, e governar bem; extinguir o carlismo. Seria hora de cobrar a conta. Qual nada!, ele vai l\u00e1 e paga pra sofrer.<\/p>\n<p style=\"text-align: justify;\">O capital pol\u00edtico de Wagner se firmou nos \u00faltimos tr\u00eas anos como algu\u00e9m cuja imagem n\u00e3o cola no PT &#8211; tal como A\u00e9cio n\u00e3o cola no tucanato. Um partido que tem horror a polidez e erudi\u00e7\u00e3o, o dos Trabalhadores, tem como seu principal governador um homem que conhece profundamente a hist\u00f3ria da Bahia e que \u00e9 reconhecidamente &#8211; at\u00e9 seus advers\u00e1rios admitem &#8211; um <em>gentleman<\/em>. Num partido que adora arvorar-se a ser &#8220;a primeira esquerda do Brasil&#8221;, negando o passado, Wagner cita a cada discurso Oct\u00e1vio Mangabeira, Antonio Balbino e Luiz Vianna Filho, justamente resgatando este passado. Num partido que tergiversa sobre a \u00e9tica, Wagner falou claramente sobre o que foi o mensal\u00e3o (e sua rela\u00e7\u00e3o com a campanha municipal de 2004) e o que pensa de Daniel Dantas (mesmo sendo amigo \u00edntimo de Carlinhos Rodemburg). Faz um governo que, embora nem t\u00e3o de esquerda assim (na verdade, corretamente uma coliga\u00e7\u00e3o de abertura e redemocratiza\u00e7\u00e3o), n\u00e3o tinha vergonha de ser ou parecer de esquerda.<\/p>\n<p style=\"text-align: justify;\">Foi tudo por \u00e1gua abaixo agora, num ato que s\u00f3 posso entender clinicamente como anula\u00e7\u00e3o: particularmente comum em pacientes neur\u00f3ticos obsessivos, \u00e9 um mecanismo inconsciente que produz, ao cabo de atos sequencialmente bem-sucedidos, um \u00faltimo que torna todos os anteriores nulos.<\/p>\n<p style=\"text-align: center;\"><strong>* * *<\/strong><\/p>\n<p style=\"text-align: justify;\">Vale no entanto algumas piadas. C\u00e9sar Borges e L\u00eddice da Mata na mesma propaganda eleitoral para senado formam a <em>Chapa S\u00edndrome de Estocolm<\/em>o, para qual sugiro um slogan desde j\u00e1: &#8220;<em>A Espancada &amp; O Espancador<\/em>&#8220;.<\/p>\n<p style=\"text-align: justify;\">E Otto + C\u00e9sar + Wagner me causa uma sensa\u00e7\u00e3o de Sacro-Imp\u00e9rio Romano-Germ\u00e2nico, com todo atraso e barb\u00e1rie que este representou. Da\u00ed que, vitorioso, talvez se encomende uma montagem de <em>O Anel Dos Nibelungos<\/em> na Bahia. Na verdade, uma vers\u00e3o em pagod\u00e3o e samba-reggae para <em>O Ouro do Reno<\/em> &#8211; com o t\u00edtulo <em>O Cobalto do Paragua\u00e7\u00fa<\/em>. Carla Perez cantar\u00e1 a Cavalgada das Walk\u00edrias (com d\u00e1bliu, ao contr\u00e1rio do que se pode supor em homenagem a Waldir Pires) durante a cerim\u00f4nia de posse, no Pal\u00e1cio Rio Branco no dia 1\u00ba de janeiro de 2011.<\/p>\n<p style=\"text-align: justify;\">Geddel evidentemente posar\u00e1 de Loki.<\/p>\n<p style=\"text-align: center;\"><strong>* * *<\/strong><\/p>\n<p style=\"text-align: justify;\">Alguns sujeitos mais ou menos pr\u00f3ximos aos altos escal\u00f5es do Governo Estadual me alertaram sobre uma coisa: Jaques Wagner, ele mesmo, n\u00e3o deu declara\u00e7\u00f5es sobre a chapa. Apenas os outros componentes deram. \u00c9 do estilo dele s\u00f3 se pronunciar em \u00faltimo momento, e deixar os outros falando para ver no que d\u00e1 &#8211; como bal\u00e3o de ensaio. Foi assim com Geddel e Jo\u00e3o Henrique. Em xadrez, \u00e9 o tipo de jogador que s\u00f3 usa as pe\u00e7as figuradas l\u00e1 pra quinta ou sexta jogada &#8211; at\u00e9 l\u00e1, move apenas pe\u00f5es. (Aproveitando a met\u00e1fora: Geddel continua paralisado em seu pequeno-roque).<\/p>\n<p style=\"text-align: justify;\">E mais: <a href=\"http:\/\/terramagazine.terra.com.br\/interna\/0,,OI4348488-EI6578,00.html\" target=\"_blank\">que quem noticiou isso foi Rosane Santana<\/a>. Embora seja no Terra Magazine, revista confi\u00e1vel e ali\u00e1s assumidamente wagnerista a seu modo, <a href=\"https:\/\/www.ultimobaile.com\/?p=2193\" target=\"_blank\">Rosane \u00e9 aquela senhora que diz talvez o Neojib\u00e1 n\u00e3o tenha qualidade est\u00e9tica ou efeito social importante<\/a>. Quer dizer: esta mo\u00e7a acha que Sir Warren-Green, Daniela Mercury e Letieres Leite s\u00e3o loucos varridos que n\u00e3o entendem nada de m\u00fasica. Ela, no entanto, entenderia&#8230;<\/p>\n<p style=\"text-align: justify;\">Por mais que seja na Terra Magazine, vindo de quem vem \u00e9 bom desconfiar. Pode ser barrigada.<\/p>\n<p style=\"text-align: center;\"><strong>* * *<\/strong><\/p>\n<p style=\"text-align: justify;\">O argumento do Governador Jaques Wagner para uma tal chapa (que Otto seja vice resta d\u00favidas; que ele e C\u00e9sar estar\u00e3o nela n\u00e3o) \u00e9 que &#8220;n\u00e3o h\u00e1 mais carlismo e carlistas&#8221;.<\/p>\n<p style=\"text-align: justify;\">Ah, n\u00e3o, Governador?! Quer dizer ent\u00e3o que eu posso votar em Paulo Souto sem medo. Ou em Geddel, que em nada traz m\u00e9todos do passado. \u00c9 isso?<\/p>\n<p style=\"text-align: justify;\">Esta coloca\u00e7\u00e3o discursiva de Wagner nem serve bem como desculpa, e embora neutralize politicamente o inimigo afirmando sua inexist\u00eancia, pode fortalecer o(s) advers\u00e1rio(s) eleitoralmente: j\u00e1 que n\u00e3o h\u00e1 diferen\u00e7as nem de composi\u00e7\u00e3o, nem ideol\u00f3gica, entre Jaques Wagner e o resto, qualquer um serviria.<\/p>\n<p style=\"text-align: justify;\">Quero crer que o Governador n\u00e3o pensou nesse \u00f3bvio efeito colateral&#8230;<\/p>\n","protected":false},"excerpt":{"rendered":"<p>Desde semana passada, nos mais diversos meios pol\u00edticos da Cidade de S\u00e3o Salvador, e possivelmente no interior do estado tamb\u00e9m, s\u00f3 se fala inflex\u00e3o escandalosa de Jaques Wagner ao escolher para seu vice Otto Alencar, ex-Secret\u00e1rio de Sa\u00fade de ACM em pessoa, ex-vice de C\u00e9sar Borges naquele m\u00edtico e luminoso [&hellip;]<\/p>\n","protected":false},"author":2,"featured_media":0,"comment_status":"closed","ping_status":"open","sticky":false,"template":"","format":"standard","meta":{"footnotes":""},"categories":[13,9],"tags":[20,285,279,821,140,1349,1348],"class_list":["post-2275","post","type-post","status-publish","format-standard","hentry","category-01ler","category-01viver","tag-bahia","tag-brasil","tag-cesar-borges","tag-eleicoes-2010","tag-jaques-wagner","tag-lidice-da-mata","tag-otto-alencar"],"_links":{"self":[{"href":"https:\/\/www.ultimobaile.com\/index.php?rest_route=\/wp\/v2\/posts\/2275","targetHints":{"allow":["GET"]}}],"collection":[{"href":"https:\/\/www.ultimobaile.com\/index.php?rest_route=\/wp\/v2\/posts"}],"about":[{"href":"https:\/\/www.ultimobaile.com\/index.php?rest_route=\/wp\/v2\/types\/post"}],"author":[{"embeddable":true,"href":"https:\/\/www.ultimobaile.com\/index.php?rest_route=\/wp\/v2\/users\/2"}],"replies":[{"embeddable":true,"href":"https:\/\/www.ultimobaile.com\/index.php?rest_route=%2Fwp%2Fv2%2Fcomments&post=2275"}],"version-history":[{"count":7,"href":"https:\/\/www.ultimobaile.com\/index.php?rest_route=\/wp\/v2\/posts\/2275\/revisions"}],"predecessor-version":[{"id":4281,"href":"https:\/\/www.ultimobaile.com\/index.php?rest_route=\/wp\/v2\/posts\/2275\/revisions\/4281"}],"wp:attachment":[{"href":"https:\/\/www.ultimobaile.com\/index.php?rest_route=%2Fwp%2Fv2%2Fmedia&parent=2275"}],"wp:term":[{"taxonomy":"category","embeddable":true,"href":"https:\/\/www.ultimobaile.com\/index.php?rest_route=%2Fwp%2Fv2%2Fcategories&post=2275"},{"taxonomy":"post_tag","embeddable":true,"href":"https:\/\/www.ultimobaile.com\/index.php?rest_route=%2Fwp%2Fv2%2Ftags&post=2275"}],"curies":[{"name":"wp","href":"https:\/\/api.w.org\/{rel}","templated":true}]}}