{"id":2263,"date":"2010-03-28T20:16:34","date_gmt":"2010-03-28T23:16:34","guid":{"rendered":"http:\/\/www.ultimobaile.com\/?p=2263"},"modified":"2025-12-24T13:02:58","modified_gmt":"2025-12-24T16:02:58","slug":"a-volta-por-cima-de-john-neschling","status":"publish","type":"post","link":"https:\/\/www.ultimobaile.com\/?p=2263","title":{"rendered":"A volta por cima de John Neschling"},"content":{"rendered":"<p style=\"padding-top: 0px; padding-right: 0px; padding-bottom: 5px; padding-left: 0px; text-align: justify; margin: 0px;\">\n<div id=\"attachment_2264\" style=\"width: 446px\" class=\"wp-caption aligncenter\"><img loading=\"lazy\" decoding=\"async\" aria-describedby=\"caption-attachment-2264\" class=\"size-full wp-image-2264\" title=\"john-neschling-justica-4362\" src=\"https:\/\/www.ultimobaile.com\/wp-content\/uploads\/2010\/03\/john-neschling-justica-4362.jpg\" alt=\"Mais um patrim\u00f4nio que os tucanos de S\u00e3o Paulo d\u00e3o de bandeja pra Lula\" width=\"436\" height=\"600\" srcset=\"https:\/\/www.ultimobaile.com\/wp-content\/uploads\/2010\/03\/john-neschling-justica-4362.jpg 436w, https:\/\/www.ultimobaile.com\/wp-content\/uploads\/2010\/03\/john-neschling-justica-4362-218x300.jpg 218w\" sizes=\"auto, (max-width: 436px) 100vw, 436px\" \/><p id=\"caption-attachment-2264\" class=\"wp-caption-text\">Mais um patrim\u00f4nio que os tucanos de S\u00e3o Paulo d\u00e3o de bandeja pra Lula<\/p><\/div>\n<p style=\"padding-top: 0px; padding-right: 0px; padding-bottom: 5px; padding-left: 0px; text-align: justify; margin: 0px;\"><a href=\"http:\/\/www.paulohenriqueamorim.com.br\/?p=22636\" target=\"_blank\">A not\u00edcia \u00e9 velha<\/a>, mas em tempo de pr\u00e9-campanha eleitoral (seja l\u00e1 o que isso for &#8211; \u00e9 como dizer &#8220;car\u00edcias pr\u00e9-sexuais&#8221;. Tem algo no sexo antes do sexo que n\u00e3o \u00e9 sexo?) vale reler:<\/p>\n<blockquote style=\"text-align: justify;\">\n<p style=\"padding-top: 0px; padding-right: 0px; padding-bottom: 5px; padding-left: 0px; text-align: justify; margin: 0px;\">O Brasil vai ter uma companhia de \u00f3pera itinerante, a Companhia Brasileira de \u00d3pera, projeto criado pelo maestro John Neschling, que recentemente deixou o comando da Orquestra Sinf\u00f4nica do Estado de S\u00e3o Paulo (Osesp).<\/p>\n<p style=\"padding-top: 0px; padding-right: 0px; padding-bottom: 5px; padding-left: 0px; text-align: justify; margin: 0px;\">Em entrevista a Paulo Henrique Amorim, no Entrevista Record, que foi ao ar pela Record News, na noite de ter\u00e7a-feira, Neschling conta que a proposta, surgida no in\u00edcio deste ano, \u00e9 uma continuidade do trabalho que desenvolveu na Osesp: produzir m\u00fasica de qualidade ao alcance de todos.<\/p>\n<p style=\"padding-top: 0px; padding-right: 0px; padding-bottom: 5px; padding-left: 0px; margin: 0px;\">Veja abaixo alguns pontos abordados por Neschling na entrevista:.<\/p>\n<p style=\"padding-top: 0px; padding-right: 0px; padding-bottom: 5px; padding-left: 0px; margin: 0px;\">&#8211; Comecei pelo \u201cBarbeiro de Sevilha\u201d, que \u00e9 uma \u00f3pera relativamente f\u00e1cil, que pode ser produzida com uma orquestra pequena.<br \/>\n&#8211; Propus ao Minist\u00e9rio da Cultura levar o Barbeiro de Sevilha a cinco ou seis cidades. Mas o ministro da Cultura, Juca Ferreira, sugeriu ampliar a proposta, para atingir mais cidades, inclusive as que nunca viram uma \u00f3pera.<br \/>\n&#8211; Resolvemos criar uma companhia, na qual cantores, m\u00fasicos, cen\u00f3grafos, etc. tem rendimento fixo \u2013 n\u00e3o \u00e9 uma coisa que faz uma produ\u00e7\u00e3o s\u00f3 e depois acaba.<br \/>\n&#8211; Decidimos come\u00e7ar com o Barbeiro de Sevilha em 20 cidades. Haver\u00e1 uma m\u00e9dia de cinco a 10 r\u00e9citas por cidade. Com isso chegaremos a um n\u00famero total de 105 r\u00e9citas.<br \/>\n\u00b7\u00a0\u00a0\u00a0\u00a0\u00a0\u00a0\u00a0\u00a0 \u00c9 uma coisa in\u00e9dita: \u201cnunca antes na hist\u00f3ria deste pa\u00eds\u201d houve uma companhia de \u00f3pera que atuasse no pa\u00eds inteiro.<br \/>\n\u00b7\u00a0\u00a0\u00a0\u00a0\u00a0\u00a0\u00a0\u00a0 Vamos nos apresentar de Manaus a Porto Alegre, come\u00e7ando por Bras\u00edlia, no dia 21 de abril, anivers\u00e1rio de Bras\u00edlia.<br \/>\n&#8211; A id\u00e9ia \u00e9 que daqui a alguns anos tenhamos dois ou tr\u00eas espet\u00e1culos correndo o Brasil, de forma a criar um circuito nacional de \u00f3pera.<br \/>\n&#8211; Teremos uma s\u00e9rie de cantores que ter\u00e3o como viver dignamente da \u00f3pera.<br \/>\n\u00b7\u00a0\u00a0\u00a0\u00a0\u00a0\u00a0\u00a0\u00a0 O ingresso \u00e9 quatro vezes mais barato do que o da Osesp.<br \/>\n\u00b7\u00a0\u00a0\u00a0\u00a0\u00a0\u00a0\u00a0\u00a0 Teremos uma orquestra pequena para o Barbeiro, de 28 m\u00fasicos. Mas queremos chegar a 60 m\u00fasicos.<br \/>\n&#8211; O \u201cBarbeiro\u201d ser\u00e1 montado com um desenho animado, produzido na It\u00e1lia, que vai interagir com cantores ao vivo.<br \/>\n&#8211; A sede da companhia ser\u00e1 em S\u00e3o Paulo. O or\u00e7amento do primeiro ano ser\u00e1 de R$ 14 milh\u00f5es. Teremos apoio do Minist\u00e9rio da Cultura para captar patroc\u00ednio e vamos atingir mais de 140 mil pessoas em seu primeiro ano, p\u00fablico que supera o da Osesp.<br \/>\n&#8211; Os cantores n\u00e3o ser\u00e3o funcion\u00e1rios p\u00fablicos.<br \/>\n. Neschling denuncia a situa\u00e7\u00e3o deplor\u00e1vel do maravilhoso pr\u00e9dio do Teatro Municipal de S\u00e3o Paulo \u2013 um monumento \u00e0\u00a0 in\u00e9pcia de sucessivos governos tucanos (PHA). Se os profissionais e amantes da m\u00fasica, diz o Neschling, n\u00e3o reagirem, o Teatro Municipal de S\u00e3o Paulo fecha para sempre. N\u00e3o vai servir nem para festa de debutante.<\/p>\n<p style=\"padding-top: 0px; padding-right: 0px; padding-bottom: 5px; padding-left: 0px; margin: 0px;\">Ou\u00e7a a \u00edntegra da entrevista com o maestro John Neschling<\/p>\n<p style=\"padding-top: 0px; padding-right: 0px; padding-bottom: 5px; padding-left: 0px; margin: 0px;\"><a style=\"color: #2255aa; text-decoration: none; border: initial none initial;\" href=\"http:\/\/www.paulohenriqueamorim.com.br\/wp-content\/uploads\/2009\/11\/1Neschling-final-.mp3\" target=\"_blank\">Parte 1<\/a><\/p>\n<p style=\"padding-top: 0px; padding-right: 0px; padding-bottom: 5px; padding-left: 0px; text-align: justify; margin: 0px;\"><a style=\"color: #2255aa; text-decoration: none; border: initial none initial;\" href=\"http:\/\/www.paulohenriqueamorim.com.br\/wp-content\/uploads\/2009\/11\/2Neschling-final-.mp3\" target=\"_blank\">Parte 2<\/a><\/p>\n<\/blockquote>\n<p style=\"padding-top: 0px; padding-right: 0px; padding-bottom: 5px; padding-left: 0px; text-align: justify; margin: 0px;\">A OSESP talvez tenha sido o grande feito do tucanato paulista em toda a sua hist\u00f3ria. Um patrim\u00f4nio brasileiro n\u00e3o apenas em si, e sim em efeito cascata: outros estados, com governos de outros partidos, come\u00e7aram a achar importante e poss\u00edvel ter orquestras sinf\u00f4nicas dignas. E a\u00ed o Mato Grosso refez a sua, a Bahia fez a OSBA como ela \u00e9 hoje (capaz de executar um Brahms l\u00edmpido, her\u00e1ldico, cristalino desde seu primeiro acorde, no Mozart nas Igrejas desse m\u00eas) e o Neojib\u00e1; a Petrobr\u00e1s entrou de cabe\u00e7a na revitaliza\u00e7\u00e3o de sua sinf\u00f4nica; Minas investiu nas pequenas cameratas de cidade do interior.<\/p>\n<p style=\"padding-top: 0px; padding-right: 0px; padding-bottom: 5px; padding-left: 0px; text-align: justify; margin: 0px;\"><a href=\"https:\/\/www.ultimobaile.com\/?p=818\" target=\"_blank\">Jos\u00e9 Serra \u00e9 capaz de depredar o patrim\u00f4nio que seu pr\u00f3prio partido construiu em seu pr\u00f3prio estado!<\/a><\/p>\n<p style=\"padding-top: 0px; padding-right: 0px; padding-bottom: 5px; padding-left: 0px; text-align: justify; margin: 0px;\">Azar o dele: na campanha, Dilma poder\u00e1 dizer que o Brasil ter\u00e1 uma Orquestra Nacional de \u00d3peras; e Serra dir\u00e1 que Sampa tinha a melhor orquestra do mundo, mas ele destruiu. \u00c9 um g\u00eanio, esse rapaz!<\/p>\n","protected":false},"excerpt":{"rendered":"<p>A not\u00edcia \u00e9 velha, mas em tempo de pr\u00e9-campanha eleitoral (seja l\u00e1 o que isso for &#8211; \u00e9 como dizer &#8220;car\u00edcias pr\u00e9-sexuais&#8221;. Tem algo no sexo antes do sexo que n\u00e3o \u00e9 sexo?) vale reler: O Brasil vai ter uma companhia de \u00f3pera itinerante, a Companhia Brasileira de \u00d3pera, projeto [&hellip;]<\/p>\n","protected":false},"author":2,"featured_media":0,"comment_status":"closed","ping_status":"open","sticky":false,"template":"","format":"standard","meta":{"footnotes":""},"categories":[938,919,933,12,9],"tags":[285,505,504,502,1342,1346,1343,1344,160,1347,1345,300,111,314,1341],"class_list":["post-2263","post","type-post","status-publish","format-standard","hentry","category-bailes","category-01flanar","category-o-retorno-da-cancao","category-01ver","category-01viver","tag-brasil","tag-concerto","tag-john-neschling","tag-jose-serra","tag-juca-ferreira","tag-mario-covas","tag-minc","tag-ministerio-da-cultura","tag-musica-erudita","tag-opera","tag-orquestra-sinfonica-do-estado-de-sao-paulo","tag-osesp","tag-psdb","tag-sao-paulo","tag-tucanos"],"_links":{"self":[{"href":"https:\/\/www.ultimobaile.com\/index.php?rest_route=\/wp\/v2\/posts\/2263","targetHints":{"allow":["GET"]}}],"collection":[{"href":"https:\/\/www.ultimobaile.com\/index.php?rest_route=\/wp\/v2\/posts"}],"about":[{"href":"https:\/\/www.ultimobaile.com\/index.php?rest_route=\/wp\/v2\/types\/post"}],"author":[{"embeddable":true,"href":"https:\/\/www.ultimobaile.com\/index.php?rest_route=\/wp\/v2\/users\/2"}],"replies":[{"embeddable":true,"href":"https:\/\/www.ultimobaile.com\/index.php?rest_route=%2Fwp%2Fv2%2Fcomments&post=2263"}],"version-history":[{"count":3,"href":"https:\/\/www.ultimobaile.com\/index.php?rest_route=\/wp\/v2\/posts\/2263\/revisions"}],"predecessor-version":[{"id":2267,"href":"https:\/\/www.ultimobaile.com\/index.php?rest_route=\/wp\/v2\/posts\/2263\/revisions\/2267"}],"wp:attachment":[{"href":"https:\/\/www.ultimobaile.com\/index.php?rest_route=%2Fwp%2Fv2%2Fmedia&parent=2263"}],"wp:term":[{"taxonomy":"category","embeddable":true,"href":"https:\/\/www.ultimobaile.com\/index.php?rest_route=%2Fwp%2Fv2%2Fcategories&post=2263"},{"taxonomy":"post_tag","embeddable":true,"href":"https:\/\/www.ultimobaile.com\/index.php?rest_route=%2Fwp%2Fv2%2Ftags&post=2263"}],"curies":[{"name":"wp","href":"https:\/\/api.w.org\/{rel}","templated":true}]}}