{"id":224,"date":"2008-09-19T19:24:07","date_gmt":"2008-09-19T22:24:07","guid":{"rendered":"http:\/\/www.ultimobaile.com\/?p=224"},"modified":"2025-12-24T13:03:57","modified_gmt":"2025-12-24T16:03:57","slug":"como-ser-primeiro-colocado-em-votos-e-rejeicao-ao-mesmo-tempo","status":"publish","type":"post","link":"https:\/\/www.ultimobaile.com\/?p=224","title":{"rendered":"Como ser primeiro colocado em votos e rejei\u00e7\u00e3o ao mesmo tempo?"},"content":{"rendered":"<p style=\"text-align: justify;\">Atualmente, sou capaz de apostar que Grampinho (vulgo: ACM Neto) do PFL (vulgo: ARENA) n\u00e3o ganhar\u00e1 as elei\u00e7\u00f5es da Capital Barroca. N\u00e3o obstante, n\u00e3o creio que ele caia (muito). Ele apenas n\u00e3o crescer\u00e1 (dada a sua estatura anat\u00f4mica, parece ser uma maldi\u00e7\u00e3o gen\u00e9tica toda sua).<\/p>\n<p style=\"text-align: justify;\">Por que afirmo isso? Porque Grampinho \u00e9 o \u00fanico candidato a ter votos ideol\u00f3gicos: quem vota nele s\u00e3o os carlistas convictos, de todas as classes sociais, ponto. N\u00e3o s\u00f3 o voto nele \u00e9 ideol\u00f3gico, como o voto <strong>contra <\/strong>ele tamb\u00e9m \u00e9: da\u00ed sua enorme rejei\u00e7\u00e3o. Com uma diferen\u00e7a: sua rejei\u00e7\u00e3o cresce vertiginosamente, de cerca de 20% para mais de 30%; sua inten\u00e7\u00e3o de voto apresenta discreta queda.<\/p>\n<p style=\"text-align: justify;\">Disse num \u00faltimo post que todos os candidatos esse ano, na Cidade da Bahia, ocupam um lugar claro no escopo pol\u00edtico direita-esquerda. Mas isso n\u00e3o significa que sejam ideol\u00f3gicos. Grampinho \u00e9 ideol\u00f3gico at\u00e9 na escolha dos temas (a seguran\u00e7a p\u00fablica \u00e9 a bandeira pr\u00ednceps da direita conservadora, desde a III Rep\u00fablica anti-dreyfusista at\u00e9 Bush, e inclua-se o golpe do Estado Novo) e na sua forma (a valoriza\u00e7\u00e3o hostensiva da fam\u00edlia como valor intr\u00ednseco &#8211; a esquerda, pela vida cotidiana comunit\u00e1ria dos proletariados, insiste muito mais no tema da amizade, podem notar; enquanto o centro tende para o legalismo e a civilidade).<\/p>\n<p style=\"text-align: justify;\">Aqui, vale um adendo. Grampo tem enxido a boca pra falar de &#8220;minha v\u00f3 Arlete&#8221;. Se ele tivesse respeito por ela, n\u00e3o faria isso. Dona Arlete Maron \u00e9 das mulheres mais elegantes e polidas com quem j\u00e1 estive. De uma discri\u00e7\u00e3o que estava nos antipodas das bravatas de seu marido morto, Toninho Malvadeza.<\/p>\n<p style=\"text-align: justify;\">Se este que vos diz, e este espa\u00e7o, se declara de esquerda, \u00e9 mais no sentido de uma esquerda aristocr\u00e1tica. Pra mim, a civiliza\u00e7\u00e3o \u00e9 um valor mais importante e primeiro que a igualdade &#8211; acontece que n\u00e3o acho que ela seja alcan\u00e7\u00e1vel sem igualdade, mas tamb\u00e9m esta n\u00e3o o ser\u00e1 sem uma mentalidade de cortezia e urbanidade. Assim, posso dizer claramente que admiro a postura her\u00e1ldica, aristocr\u00e1tica (no sentido plat\u00f4nico do termo) de Dona Arlete Maron. Nosso esquerdismo \u00e9 sem pobrismo: defendemos, por exemplo, o direito de todos os cidad\u00e3os de tomarem um pote grande de H\u00e4agen-Dazs por m\u00eas (mas nenhum tomar mais de dois). Distribui\u00e7\u00e3o dos luxos \u00e9 tamb\u00e9m socialismo.<\/p>\n<p style=\"text-align: justify;\">Dito isto, voltemos a Dona Arlete. Esta mulher tolerou de tudo. At\u00e9 ser tra\u00edda em n\u00edvel nacional, com um caso de ACM publicado na capa da Revista (?) Veja, e que Antonio Carlos n\u00e3o s\u00f3 n\u00e3o desmentiu, como assentiu dizer tratar-se de &#8220;sua namorada&#8221; (tamb\u00e9m ela, a \u00e9poca, casada). O epis\u00f3dio foi durante o esc\u00e2ndalo dos grampos de K\u00e1tia Alves, esc\u00e2ndalo esse que deu a Grampinho a alcunha de Grampinho. O m\u00ednimo que se esperaria de um neto amoroso \u00e9 que ela n\u00e3o fosse usada politicamente <strong>de novo!<\/strong> &#8211; a n\u00e3o ser que ele seja mais parecido com o Av\u00f4 do que ele quer fazer crer (ou do que ele de fato cr\u00ea).<\/p>\n","protected":false},"excerpt":{"rendered":"<p>Atualmente, sou capaz de apostar que Grampinho (vulgo: ACM Neto) do PFL (vulgo: ARENA) n\u00e3o ganhar\u00e1 as elei\u00e7\u00f5es da Capital Barroca. N\u00e3o obstante, n\u00e3o creio que ele caia (muito). Ele apenas n\u00e3o crescer\u00e1 (dada a sua estatura anat\u00f4mica, parece ser uma maldi\u00e7\u00e3o gen\u00e9tica toda sua). Por que afirmo isso? Porque [&hellip;]<\/p>\n","protected":false},"author":2,"featured_media":0,"comment_status":"closed","ping_status":"open","sticky":false,"template":"","format":"standard","meta":{"footnotes":""},"categories":[9],"tags":[89,85,96,97,88,15],"class_list":["post-224","post","type-post","status-publish","format-standard","hentry","category-01viver","tag-acm-neto","tag-carlismo","tag-dona-arlete-maron","tag-eleicoes-municipais","tag-grampinho","tag-salvador"],"_links":{"self":[{"href":"https:\/\/www.ultimobaile.com\/index.php?rest_route=\/wp\/v2\/posts\/224","targetHints":{"allow":["GET"]}}],"collection":[{"href":"https:\/\/www.ultimobaile.com\/index.php?rest_route=\/wp\/v2\/posts"}],"about":[{"href":"https:\/\/www.ultimobaile.com\/index.php?rest_route=\/wp\/v2\/types\/post"}],"author":[{"embeddable":true,"href":"https:\/\/www.ultimobaile.com\/index.php?rest_route=\/wp\/v2\/users\/2"}],"replies":[{"embeddable":true,"href":"https:\/\/www.ultimobaile.com\/index.php?rest_route=%2Fwp%2Fv2%2Fcomments&post=224"}],"version-history":[{"count":6,"href":"https:\/\/www.ultimobaile.com\/index.php?rest_route=\/wp\/v2\/posts\/224\/revisions"}],"predecessor-version":[{"id":4503,"href":"https:\/\/www.ultimobaile.com\/index.php?rest_route=\/wp\/v2\/posts\/224\/revisions\/4503"}],"wp:attachment":[{"href":"https:\/\/www.ultimobaile.com\/index.php?rest_route=%2Fwp%2Fv2%2Fmedia&parent=224"}],"wp:term":[{"taxonomy":"category","embeddable":true,"href":"https:\/\/www.ultimobaile.com\/index.php?rest_route=%2Fwp%2Fv2%2Fcategories&post=224"},{"taxonomy":"post_tag","embeddable":true,"href":"https:\/\/www.ultimobaile.com\/index.php?rest_route=%2Fwp%2Fv2%2Ftags&post=224"}],"curies":[{"name":"wp","href":"https:\/\/api.w.org\/{rel}","templated":true}]}}